{"id":1657,"date":"2024-03-11T17:58:30","date_gmt":"2024-03-11T16:58:30","guid":{"rendered":"https:\/\/agora.xtec.cat\/esc-laplana\/?p=1657"},"modified":"2024-03-17T16:08:32","modified_gmt":"2024-03-17T15:08:32","slug":"8-de-marc-de-2024","status":"publish","type":"post","link":"https:\/\/agora.xtec.cat\/esc-laplana\/infantil\/i4-promo-24-32\/8-de-marc-de-2024\/","title":{"rendered":"8 de mar\u00e7 de 2024"},"content":{"rendered":"<p>Divendres passat tot l&#8217;alumnat del centre vam voler celebrar el <strong>Dia Internacional de la Dona<\/strong>. Vam sortir al pati a llegir el mural conjunt que haviem estat treballant amb l&#8217;Alba V. a les sessions de tutoria on es podia veure la frase &#8220;Les dones som&#8230;lliures, valentes, guerreres, independents, intel.ligents, amoroses, &#8230;entre d&#8217;altres.<\/p>\n<p>Despr\u00e9s vam fer una din\u00e0mica per grups on des dels m\u00e9s petits fins a les m\u00e9s grans vam descobrir a dones que han estat molt importants al llarg de la hist\u00f2ria i que ens han deixat reflexions ben interessants.<\/p>\n<p><strong>Si voleu veure algunes de les fotografies feu clic a sobre de la imatge.<\/strong><\/p>\n<p><a href=\"https:\/\/drive.google.com\/drive\/folders\/1gZ11vh0xXFeW-OoVH9hTbGJ--Lk4smRF?usp=drive_link\"><img loading=\"lazy\" decoding=\"async\" class=\"alignnone wp-image-1658 size-large\" src=\"https:\/\/agora.xtec.cat\/esc-laplana\/wp-content\/uploads\/usu2664\/2024\/03\/20240308_124019-scaled-e1710176247958-898x1024.jpg\" alt=\"\" width=\"898\" height=\"1024\" srcset=\"https:\/\/agora.xtec.cat\/esc-laplana\/wp-content\/uploads\/usu2664\/2024\/03\/20240308_124019-scaled-e1710176247958-898x1024.jpg 898w, https:\/\/agora.xtec.cat\/esc-laplana\/wp-content\/uploads\/usu2664\/2024\/03\/20240308_124019-scaled-e1710176247958-263x300.jpg 263w, https:\/\/agora.xtec.cat\/esc-laplana\/wp-content\/uploads\/usu2664\/2024\/03\/20240308_124019-scaled-e1710176247958-768x875.jpg 768w, https:\/\/agora.xtec.cat\/esc-laplana\/wp-content\/uploads\/usu2664\/2024\/03\/20240308_124019-scaled-e1710176247958.jpg 1130w\" sizes=\"auto, (max-width: 898px) 100vw, 898px\" \/><\/a><iframe loading=\"lazy\" src=\"https:\/\/drive.google.com\/file\/d\/11kwiTYwH5OogYXdQfyokvSYRV7tbJspx\/preview\" width=\"640\" height=\"480\"><\/iframe><\/p>\n","protected":false},"excerpt":{"rendered":"<p>Divendres passat tot l&#8217;alumnat del centre vam voler celebrar el Dia Internacional de la Dona. Vam sortir al pati a llegir el mural conjunt que haviem estat treballant amb l&#8217;Alba V. a les sessions de tutoria on es podia veure la frase &#8220;Les dones som&#8230;lliures,&hellip;  <a href=\"https:\/\/agora.xtec.cat\/esc-laplana\/infantil\/i4-promo-24-32\/8-de-marc-de-2024\/\" title=\"Read 8 de mar\u00e7 de 2024\">Llegeix m\u00e9s\u00bb<\/a><\/p>\n","protected":false},"author":1,"featured_media":0,"comment_status":"open","ping_status":"closed","sticky":false,"template":"","format":"standard","meta":{"_bbp_topic_count":0,"_bbp_reply_count":0,"_bbp_total_topic_count":0,"_bbp_total_reply_count":0,"_bbp_voice_count":0,"_bbp_anonymous_reply_count":0,"_bbp_topic_count_hidden":0,"_bbp_reply_count_hidden":0,"_bbp_forum_subforum_count":0,"footnotes":""},"categories":[2,4,5],"tags":[],"class_list":["post-1657","post","type-post","status-publish","format-standard","hentry","category-i4-promo-24-32","category-portada","category-primaria"],"post_mailing_queue_ids":[],"_links":{"self":[{"href":"https:\/\/agora.xtec.cat\/esc-laplana\/wp-json\/wp\/v2\/posts\/1657","targetHints":{"allow":["GET"]}}],"collection":[{"href":"https:\/\/agora.xtec.cat\/esc-laplana\/wp-json\/wp\/v2\/posts"}],"about":[{"href":"https:\/\/agora.xtec.cat\/esc-laplana\/wp-json\/wp\/v2\/types\/post"}],"author":[{"embeddable":true,"href":"https:\/\/agora.xtec.cat\/esc-laplana\/wp-json\/wp\/v2\/users\/1"}],"replies":[{"embeddable":true,"href":"https:\/\/agora.xtec.cat\/esc-laplana\/wp-json\/wp\/v2\/comments?post=1657"}],"version-history":[{"count":2,"href":"https:\/\/agora.xtec.cat\/esc-laplana\/wp-json\/wp\/v2\/posts\/1657\/revisions"}],"predecessor-version":[{"id":1660,"href":"https:\/\/agora.xtec.cat\/esc-laplana\/wp-json\/wp\/v2\/posts\/1657\/revisions\/1660"}],"wp:attachment":[{"href":"https:\/\/agora.xtec.cat\/esc-laplana\/wp-json\/wp\/v2\/media?parent=1657"}],"wp:term":[{"taxonomy":"category","embeddable":true,"href":"https:\/\/agora.xtec.cat\/esc-laplana\/wp-json\/wp\/v2\/categories?post=1657"},{"taxonomy":"post_tag","embeddable":true,"href":"https:\/\/agora.xtec.cat\/esc-laplana\/wp-json\/wp\/v2\/tags?post=1657"}],"curies":[{"name":"wp","href":"https:\/\/api.w.org\/{rel}","templated":true}]}}