{"id":1642,"date":"2024-03-06T23:54:29","date_gmt":"2024-03-06T22:54:29","guid":{"rendered":"https:\/\/agora.xtec.cat\/esc-laplana\/?p=1642"},"modified":"2024-03-08T14:17:47","modified_gmt":"2024-03-08T13:17:47","slug":"inici-preinscripcio-escolar-24-25-enllac-i-tutorial","status":"publish","type":"post","link":"https:\/\/agora.xtec.cat\/esc-laplana\/portada\/inici-preinscripcio-escolar-24-25-enllac-i-tutorial\/","title":{"rendered":"Inici Preinscripci\u00f3 escolar 24\/25. ENLLA\u00c7 i tutorial"},"content":{"rendered":"<p>La sol\u00b7licitud de preinscripci\u00f3 per a l\u2019educaci\u00f3 b\u00e0sica (3-16 anys) ja ha comen\u00e7at i l\u2019has de presentar del <strong>6 al 20 de mar\u00e7 de 2024<\/strong>. Haur\u00e0s d\u2019adjuntar-hi la documentaci\u00f3 d\u2019identificaci\u00f3 o de criteris que correspongui. La documentaci\u00f3 que no hagis pogut adjuntar durant el per\u00edode de presentaci\u00f3 de sol\u00b7licituds, la pots afegir fins el 22 de mar\u00e7.<\/p>\n<p><strong>TROBAREU TOTA LA INFORMACI\u00d3 EN AQUESTA P\u00c0GINA WEB<\/strong><\/p>\n<p>https:\/\/preinscripcio.gencat.cat\/ca\/estudis\/eso\/preinscriute\/sollicitud\/<\/p>\n<p><iframe loading=\"lazy\" title=\"YouTube video player\" src=\"https:\/\/www.youtube.com\/embed\/xwo2A2U-g30?si=CXRZMzxyQ0jXSwY_\" width=\"560\" height=\"315\" frameborder=\"0\" allowfullscreen=\"allowfullscreen\"><\/iframe><\/p>\n<p><strong>Com adjuntar documentaci\u00f3 en la sol\u00b7licitud de preinscripci\u00f3?<\/strong><\/p>\n<p><iframe loading=\"lazy\" title=\"YouTube video player\" src=\"https:\/\/www.youtube.com\/embed\/A6Ru3PwTvPc?si=Y1_1F2Uoi0H_zgvi\" width=\"560\" height=\"315\" frameborder=\"0\" allowfullscreen=\"allowfullscreen\"><\/iframe><br \/>\n<strong>Saps com digitalitzar documents per als tr\u00e0mits en l\u00ednia?<\/strong><\/p>\n<p><iframe loading=\"lazy\" title=\"YouTube video player\" src=\"https:\/\/www.youtube.com\/embed\/kAm26LWm51U?si=aHTSV-w-_VLGMjsg\" width=\"560\" height=\"315\" frameborder=\"0\" allowfullscreen=\"allowfullscreen\"><\/iframe><\/p>\n","protected":false},"excerpt":{"rendered":"<p>La sol\u00b7licitud de preinscripci\u00f3 per a l\u2019educaci\u00f3 b\u00e0sica (3-16 anys) ja ha comen\u00e7at i l\u2019has de presentar del 6 al 20 de mar\u00e7 de 2024. Haur\u00e0s d\u2019adjuntar-hi la documentaci\u00f3 d\u2019identificaci\u00f3 o de criteris que correspongui. La documentaci\u00f3 que no hagis pogut adjuntar durant el per\u00edode&hellip;  <a href=\"https:\/\/agora.xtec.cat\/esc-laplana\/portada\/inici-preinscripcio-escolar-24-25-enllac-i-tutorial\/\" title=\"Read Inici Preinscripci\u00f3 escolar 24\/25. ENLLA\u00c7 i tutorial\">Llegeix m\u00e9s\u00bb<\/a><\/p>\n","protected":false},"author":1,"featured_media":1643,"comment_status":"open","ping_status":"closed","sticky":false,"template":"","format":"standard","meta":{"_bbp_topic_count":0,"_bbp_reply_count":0,"_bbp_total_topic_count":0,"_bbp_total_reply_count":0,"_bbp_voice_count":0,"_bbp_anonymous_reply_count":0,"_bbp_topic_count_hidden":0,"_bbp_reply_count_hidden":0,"_bbp_forum_subforum_count":0,"footnotes":""},"categories":[4],"tags":[],"class_list":["post-1642","post","type-post","status-publish","format-standard","has-post-thumbnail","hentry","category-portada"],"post_mailing_queue_ids":[],"_links":{"self":[{"href":"https:\/\/agora.xtec.cat\/esc-laplana\/wp-json\/wp\/v2\/posts\/1642","targetHints":{"allow":["GET"]}}],"collection":[{"href":"https:\/\/agora.xtec.cat\/esc-laplana\/wp-json\/wp\/v2\/posts"}],"about":[{"href":"https:\/\/agora.xtec.cat\/esc-laplana\/wp-json\/wp\/v2\/types\/post"}],"author":[{"embeddable":true,"href":"https:\/\/agora.xtec.cat\/esc-laplana\/wp-json\/wp\/v2\/users\/1"}],"replies":[{"embeddable":true,"href":"https:\/\/agora.xtec.cat\/esc-laplana\/wp-json\/wp\/v2\/comments?post=1642"}],"version-history":[{"count":3,"href":"https:\/\/agora.xtec.cat\/esc-laplana\/wp-json\/wp\/v2\/posts\/1642\/revisions"}],"predecessor-version":[{"id":1656,"href":"https:\/\/agora.xtec.cat\/esc-laplana\/wp-json\/wp\/v2\/posts\/1642\/revisions\/1656"}],"wp:featuredmedia":[{"embeddable":true,"href":"https:\/\/agora.xtec.cat\/esc-laplana\/wp-json\/wp\/v2\/media\/1643"}],"wp:attachment":[{"href":"https:\/\/agora.xtec.cat\/esc-laplana\/wp-json\/wp\/v2\/media?parent=1642"}],"wp:term":[{"taxonomy":"category","embeddable":true,"href":"https:\/\/agora.xtec.cat\/esc-laplana\/wp-json\/wp\/v2\/categories?post=1642"},{"taxonomy":"post_tag","embeddable":true,"href":"https:\/\/agora.xtec.cat\/esc-laplana\/wp-json\/wp\/v2\/tags?post=1642"}],"curies":[{"name":"wp","href":"https:\/\/api.w.org\/{rel}","templated":true}]}}