{"id":1637,"date":"2024-03-05T16:21:01","date_gmt":"2024-03-05T15:21:01","guid":{"rendered":"https:\/\/agora.xtec.cat\/esc-laplana\/?p=1637"},"modified":"2024-03-06T23:57:05","modified_gmt":"2024-03-06T22:57:05","slug":"la-sequia-major-2","status":"publish","type":"post","link":"https:\/\/agora.xtec.cat\/esc-laplana\/general\/la-sequia-major-2\/","title":{"rendered":"La s\u00e8quia major"},"content":{"rendered":"<p>Aquest dilluns 4 de mar\u00e7 hem fet una sortida a la S\u00e8quia Major. Aquesta activitat est\u00e0 inclosa dins el Programa Educatiu d&#8217;entorn de l&#8217;Ajuntament de Vila-seca.<\/p>\n<p>Hem fet dues activitats:<\/p>\n<ul>\n<li>Reconeixement dels arbres de l&#8217;entorn proper.<\/li>\n<li>Reconeixement de l&#8217;ecosistema de dins les llacunes, mitjan\u00e7ant el qual s&#8217;alimenten les aus.<\/li>\n<\/ul>\n<p>Els nens i nenes de Cicle Mitj\u00e0 s&#8217;ho han passat molt b\u00e9.<\/p>\n<p>Cliqueu la imatge per veure la resta de fotos.<\/p>\n<p><a href=\"https:\/\/drive.google.com\/drive\/folders\/14KI9qbby9xIGcdQMfTfmEs2zvL4UcfXY?usp=sharing\"><img loading=\"lazy\" decoding=\"async\" class=\"alignnone wp-image-1638\" src=\"https:\/\/agora.xtec.cat\/esc-laplana\/wp-content\/uploads\/usu2664\/2024\/03\/IMG-20240305-WA0011-768x1024.jpg\" alt=\"\" width=\"333\" height=\"444\" srcset=\"https:\/\/agora.xtec.cat\/esc-laplana\/wp-content\/uploads\/usu2664\/2024\/03\/IMG-20240305-WA0011-768x1024.jpg 768w, https:\/\/agora.xtec.cat\/esc-laplana\/wp-content\/uploads\/usu2664\/2024\/03\/IMG-20240305-WA0011-225x300.jpg 225w, https:\/\/agora.xtec.cat\/esc-laplana\/wp-content\/uploads\/usu2664\/2024\/03\/IMG-20240305-WA0011-1152x1536.jpg 1152w, https:\/\/agora.xtec.cat\/esc-laplana\/wp-content\/uploads\/usu2664\/2024\/03\/IMG-20240305-WA0011.jpg 1200w\" sizes=\"auto, (max-width: 333px) 100vw, 333px\" \/><\/a><\/p>\n","protected":false},"excerpt":{"rendered":"<p>Aquest dilluns 4 de mar\u00e7 hem fet una sortida a la S\u00e8quia Major. Aquesta activitat est\u00e0 inclosa dins el Programa Educatiu d&#8217;entorn de l&#8217;Ajuntament de Vila-seca.<br \/>\nHem fet dues activitats:<\/p>\n<ul>\n<li>Reconeixement dels arbres de l&#8217;entorn proper.<\/li>\n<li>Reconeixement de l&#8217;ecosistema de dins les llacunes, mitjan\u00e7ant el qual s&#8217;alimenten les&hellip;  <a href=\"https:\/\/agora.xtec.cat\/esc-laplana\/general\/la-sequia-major-2\/\" title=\"Read La s\u00e8quia major\">Llegeix m\u00e9s\u00bb<\/a><br \/>\n","protected":false},"author":3,"featured_media":0,"comment_status":"open","ping_status":"closed","sticky":false,"template":"","format":"standard","meta":{"_bbp_topic_count":0,"_bbp_reply_count":0,"_bbp_total_topic_count":0,"_bbp_total_reply_count":0,"_bbp_voice_count":0,"_bbp_anonymous_reply_count":0,"_bbp_topic_count_hidden":0,"_bbp_reply_count_hidden":0,"_bbp_forum_subforum_count":0,"footnotes":""},"categories":[11,12,1,4],"tags":[],"class_list":["post-1637","post","type-post","status-publish","format-standard","hentry","category-4t-promo-18-26","category-5e-promo-17-25","category-general","category-portada"],"post_mailing_queue_ids":[],"_links":{"self":[{"href":"https:\/\/agora.xtec.cat\/esc-laplana\/wp-json\/wp\/v2\/posts\/1637","targetHints":{"allow":["GET"]}}],"collection":[{"href":"https:\/\/agora.xtec.cat\/esc-laplana\/wp-json\/wp\/v2\/posts"}],"about":[{"href":"https:\/\/agora.xtec.cat\/esc-laplana\/wp-json\/wp\/v2\/types\/post"}],"author":[{"embeddable":true,"href":"https:\/\/agora.xtec.cat\/esc-laplana\/wp-json\/wp\/v2\/users\/3"}],"replies":[{"embeddable":true,"href":"https:\/\/agora.xtec.cat\/esc-laplana\/wp-json\/wp\/v2\/comments?post=1637"}],"version-history":[{"count":3,"href":"https:\/\/agora.xtec.cat\/esc-laplana\/wp-json\/wp\/v2\/posts\/1637\/revisions"}],"predecessor-version":[{"id":1645,"href":"https:\/\/agora.xtec.cat\/esc-laplana\/wp-json\/wp\/v2\/posts\/1637\/revisions\/1645"}],"wp:attachment":[{"href":"https:\/\/agora.xtec.cat\/esc-laplana\/wp-json\/wp\/v2\/media?parent=1637"}],"wp:term":[{"taxonomy":"category","embeddable":true,"href":"https:\/\/agora.xtec.cat\/esc-laplana\/wp-json\/wp\/v2\/categories?post=1637"},{"taxonomy":"post_tag","embeddable":true,"href":"https:\/\/agora.xtec.cat\/esc-laplana\/wp-json\/wp\/v2\/tags?post=1637"}],"curies":[{"name":"wp","href":"https:\/\/api.w.org\/{rel}","templated":true}]}}