{"id":1621,"date":"2024-02-28T15:33:12","date_gmt":"2024-02-28T14:33:12","guid":{"rendered":"https:\/\/agora.xtec.cat\/esc-laplana\/?p=1621"},"modified":"2024-02-29T12:50:44","modified_gmt":"2024-02-29T11:50:44","slug":"unides-crianca-positiva","status":"publish","type":"post","link":"https:\/\/agora.xtec.cat\/esc-laplana\/portada\/unides-crianca-positiva\/","title":{"rendered":"Unides crian\u00e7a positiva!"},"content":{"rendered":"<p>Ahir 27 de febrer es va realitzar la primera sessi\u00f3 del Projecte anomenat <strong>\u201cUnides per la crian\u00e7a positiva!\u201d<\/strong>, centrat en el refor\u00e7 de les habilitats parentals i la crian\u00e7a positiva.<\/p>\n<p>Est\u00e0 dedicat a les fam\u00edlies i alumnat en l\u2019edat de la preadolesc\u00e8ncia, \u00e9s a dir, a pares i mares i als seus fills i filles de 4t, 5\u00e8 i 6\u00e8.<\/p>\n<p dir=\"ltr\">L&#8217;Anais, la Carla, la Gemma i l\u2019Alba, estudiants d\u2019integraci\u00f3 social de l\u2019IES Jaume I de Salou van convidar a les fam\u00edlies i juntament amb l&#8217;alumnat van realitzar algunes activitats. Us deixem algunes imatges de la din\u00e0mica.<\/p>\n<p dir=\"ltr\">MOLTES GR\u00c0CIES A LES FAM\u00cdLIES QUE VAU PODER VENIR.<\/p>\n<p dir=\"ltr\">Per la resta hi haur\u00e0 altres sessions per si us voleu animar!<\/p>\n<p dir=\"ltr\"><strong>Feu clic a sobre la imatge per si voleu veure les fotografies.<\/strong><\/p>\n<p dir=\"ltr\"><img decoding=\"async\" class=\"alignnone size-full wp-image-1622\" src=\"https:\/\/agora.xtec.cat\/esc-laplana\/wp-content\/uploads\/usu2664\/2024\/02\/IMG_8568.heic\" alt=\"\" \/><a href=\"https:\/\/drive.google.com\/folderview?id=1eDTuIXuKLRRc6pbHuz2fJ8YIe-GL9Fq-\"><img loading=\"lazy\" decoding=\"async\" class=\"alignnone wp-image-1623 size-large\" src=\"https:\/\/agora.xtec.cat\/esc-laplana\/wp-content\/uploads\/usu2664\/2024\/02\/IMG_8568-2-1024x768.jpg\" alt=\"\" width=\"1024\" height=\"768\" srcset=\"https:\/\/agora.xtec.cat\/esc-laplana\/wp-content\/uploads\/usu2664\/2024\/02\/IMG_8568-2-1024x768.jpg 1024w, https:\/\/agora.xtec.cat\/esc-laplana\/wp-content\/uploads\/usu2664\/2024\/02\/IMG_8568-2-300x225.jpg 300w, https:\/\/agora.xtec.cat\/esc-laplana\/wp-content\/uploads\/usu2664\/2024\/02\/IMG_8568-2-768x576.jpg 768w, https:\/\/agora.xtec.cat\/esc-laplana\/wp-content\/uploads\/usu2664\/2024\/02\/IMG_8568-2-1536x1152.jpg 1536w, https:\/\/agora.xtec.cat\/esc-laplana\/wp-content\/uploads\/usu2664\/2024\/02\/IMG_8568-2-2048x1536.jpg 2048w, https:\/\/agora.xtec.cat\/esc-laplana\/wp-content\/uploads\/usu2664\/2024\/02\/IMG_8568-2-200x150.jpg 200w\" sizes=\"auto, (max-width: 1024px) 100vw, 1024px\" \/><\/a><\/p>\n","protected":false},"excerpt":{"rendered":"<p>Ahir 27 de febrer es va realitzar la primera sessi\u00f3 del Projecte anomenat \u201cUnides per la crian\u00e7a positiva!\u201d, centrat en el refor\u00e7 de les habilitats parentals i la crian\u00e7a positiva.<br \/>\nEst\u00e0 dedicat a les fam\u00edlies i alumnat en l\u2019edat de la preadolesc\u00e8ncia, \u00e9s a dir, a&hellip;  <a href=\"https:\/\/agora.xtec.cat\/esc-laplana\/portada\/unides-crianca-positiva\/\" title=\"Read Unides crian\u00e7a positiva!\">Llegeix m\u00e9s\u00bb<\/a><\/p>\n","protected":false},"author":1,"featured_media":0,"comment_status":"open","ping_status":"closed","sticky":false,"template":"","format":"standard","meta":{"_bbp_topic_count":0,"_bbp_reply_count":0,"_bbp_total_topic_count":0,"_bbp_total_reply_count":0,"_bbp_voice_count":0,"_bbp_anonymous_reply_count":0,"_bbp_topic_count_hidden":0,"_bbp_reply_count_hidden":0,"_bbp_forum_subforum_count":0,"footnotes":""},"categories":[14,13,12,4],"tags":[],"class_list":["post-1621","post","type-post","status-publish","format-standard","hentry","category-promo-15-23","category-promo-16-24","category-5e-promo-17-25","category-portada"],"post_mailing_queue_ids":[],"_links":{"self":[{"href":"https:\/\/agora.xtec.cat\/esc-laplana\/wp-json\/wp\/v2\/posts\/1621","targetHints":{"allow":["GET"]}}],"collection":[{"href":"https:\/\/agora.xtec.cat\/esc-laplana\/wp-json\/wp\/v2\/posts"}],"about":[{"href":"https:\/\/agora.xtec.cat\/esc-laplana\/wp-json\/wp\/v2\/types\/post"}],"author":[{"embeddable":true,"href":"https:\/\/agora.xtec.cat\/esc-laplana\/wp-json\/wp\/v2\/users\/1"}],"replies":[{"embeddable":true,"href":"https:\/\/agora.xtec.cat\/esc-laplana\/wp-json\/wp\/v2\/comments?post=1621"}],"version-history":[{"count":2,"href":"https:\/\/agora.xtec.cat\/esc-laplana\/wp-json\/wp\/v2\/posts\/1621\/revisions"}],"predecessor-version":[{"id":1625,"href":"https:\/\/agora.xtec.cat\/esc-laplana\/wp-json\/wp\/v2\/posts\/1621\/revisions\/1625"}],"wp:attachment":[{"href":"https:\/\/agora.xtec.cat\/esc-laplana\/wp-json\/wp\/v2\/media?parent=1621"}],"wp:term":[{"taxonomy":"category","embeddable":true,"href":"https:\/\/agora.xtec.cat\/esc-laplana\/wp-json\/wp\/v2\/categories?post=1621"},{"taxonomy":"post_tag","embeddable":true,"href":"https:\/\/agora.xtec.cat\/esc-laplana\/wp-json\/wp\/v2\/tags?post=1621"}],"curies":[{"name":"wp","href":"https:\/\/api.w.org\/{rel}","templated":true}]}}