{"id":1613,"date":"2024-02-27T14:11:09","date_gmt":"2024-02-27T13:11:09","guid":{"rendered":"https:\/\/agora.xtec.cat\/esc-laplana\/?p=1613"},"modified":"2024-02-28T15:18:23","modified_gmt":"2024-02-28T14:18:23","slug":"calcotada-a-cicle-mitja-2024","status":"publish","type":"post","link":"https:\/\/agora.xtec.cat\/esc-laplana\/general\/calcotada-a-cicle-mitja-2024\/","title":{"rendered":"Cal\u00e7otada a cicle Mitj\u00e0 2024"},"content":{"rendered":"<p>Avui hem celebrat la ja tradicional cal\u00e7otada amb l&#8217;alumnat de cicle Mitj\u00e0. Ja de primera hora, hem comen\u00e7at amb les tasques necess\u00e0ries. Hem collit els cal\u00e7ots, els hem separat per mides, n&#8217;hem tallat les arrels i un tros de la tija per despr\u00e9s poder-los menjar millor, ens hem fet els pitets, l&#8217;Emilio els ha cuit, hem repartit les salses i els cal\u00e7ots i finalment&#8230;. ens els hem menjat. Pregunteu si eren bons!!!<\/p>\n<p>&nbsp;<\/p>\n<p>Si voleu veure les imatges, cliqueu al cal\u00e7ot que s&#8217;escapa!<\/p>\n<p><a href=\"https:\/\/drive.google.com\/drive\/folders\/1ZuulmES5ITicJ99SxjkEm-X84A-K_DDK?usp=share_link\"><img loading=\"lazy\" decoding=\"async\" class=\"alignnone wp-image-1615\" src=\"https:\/\/agora.xtec.cat\/esc-laplana\/wp-content\/uploads\/usu2664\/2024\/02\/images.jpeg\" alt=\"\" width=\"440\" height=\"240\" srcset=\"https:\/\/agora.xtec.cat\/esc-laplana\/wp-content\/uploads\/usu2664\/2024\/02\/images.jpeg 304w, https:\/\/agora.xtec.cat\/esc-laplana\/wp-content\/uploads\/usu2664\/2024\/02\/images-300x164.jpeg 300w\" sizes=\"auto, (max-width: 440px) 100vw, 440px\" \/><\/a><\/p>\n","protected":false},"excerpt":{"rendered":"<p>Avui hem celebrat la ja tradicional cal\u00e7otada amb l&#8217;alumnat de cicle Mitj\u00e0. Ja de primera hora, hem comen\u00e7at amb les tasques necess\u00e0ries. Hem collit els cal\u00e7ots, els hem separat per mides, n&#8217;hem tallat les arrels i un tros de la tija per despr\u00e9s poder-los menjar&hellip;  <a href=\"https:\/\/agora.xtec.cat\/esc-laplana\/general\/calcotada-a-cicle-mitja-2024\/\" title=\"Read Cal\u00e7otada a cicle Mitj\u00e0 2024\">Llegeix m\u00e9s\u00bb<\/a><\/p>\n","protected":false},"author":1,"featured_media":0,"comment_status":"open","ping_status":"closed","sticky":false,"template":"","format":"standard","meta":{"_bbp_topic_count":0,"_bbp_reply_count":0,"_bbp_total_topic_count":0,"_bbp_total_reply_count":0,"_bbp_voice_count":0,"_bbp_anonymous_reply_count":0,"_bbp_topic_count_hidden":0,"_bbp_reply_count_hidden":0,"_bbp_forum_subforum_count":0,"footnotes":""},"categories":[11,12,1,69,4],"tags":[],"class_list":["post-1613","post","type-post","status-publish","format-standard","hentry","category-4t-promo-18-26","category-5e-promo-17-25","category-general","category-hort","category-portada"],"post_mailing_queue_ids":[],"_links":{"self":[{"href":"https:\/\/agora.xtec.cat\/esc-laplana\/wp-json\/wp\/v2\/posts\/1613","targetHints":{"allow":["GET"]}}],"collection":[{"href":"https:\/\/agora.xtec.cat\/esc-laplana\/wp-json\/wp\/v2\/posts"}],"about":[{"href":"https:\/\/agora.xtec.cat\/esc-laplana\/wp-json\/wp\/v2\/types\/post"}],"author":[{"embeddable":true,"href":"https:\/\/agora.xtec.cat\/esc-laplana\/wp-json\/wp\/v2\/users\/1"}],"replies":[{"embeddable":true,"href":"https:\/\/agora.xtec.cat\/esc-laplana\/wp-json\/wp\/v2\/comments?post=1613"}],"version-history":[{"count":5,"href":"https:\/\/agora.xtec.cat\/esc-laplana\/wp-json\/wp\/v2\/posts\/1613\/revisions"}],"predecessor-version":[{"id":1619,"href":"https:\/\/agora.xtec.cat\/esc-laplana\/wp-json\/wp\/v2\/posts\/1613\/revisions\/1619"}],"wp:attachment":[{"href":"https:\/\/agora.xtec.cat\/esc-laplana\/wp-json\/wp\/v2\/media?parent=1613"}],"wp:term":[{"taxonomy":"category","embeddable":true,"href":"https:\/\/agora.xtec.cat\/esc-laplana\/wp-json\/wp\/v2\/categories?post=1613"},{"taxonomy":"post_tag","embeddable":true,"href":"https:\/\/agora.xtec.cat\/esc-laplana\/wp-json\/wp\/v2\/tags?post=1613"}],"curies":[{"name":"wp","href":"https:\/\/api.w.org\/{rel}","templated":true}]}}