{"id":1602,"date":"2024-02-16T08:40:36","date_gmt":"2024-02-16T07:40:36","guid":{"rendered":"https:\/\/agora.xtec.cat\/esc-laplana\/?p=1602"},"modified":"2024-02-16T08:40:36","modified_gmt":"2024-02-16T07:40:36","slug":"a-raig-daixeta","status":"publish","type":"post","link":"https:\/\/agora.xtec.cat\/esc-laplana\/portada\/a-raig-daixeta\/","title":{"rendered":"A raig d&#8217;aixeta!"},"content":{"rendered":"<p>Dimarts dia 13 de febrer l&#8217;alumnat de 6\u00e8 vam poder con\u00e8ixer com funciona el cicle urb\u00e0 de l&#8217;aigua realitzant una activitat inclosa dins del Pla Educatiu d&#8217;Entorn de l&#8217;Ajuntament de Vila-seca.<\/p>\n<p>Pel mat\u00ed ens vam despla\u00e7ar al dip\u00f2sit municipal d&#8217;aig\u00fces i ens van ensenyar el clavegueram del nostre municipi. Vam entendre la import\u00e0ncia de no llen\u00e7ar residus per la tassa del w\u00e0ter i com de dolentes s\u00f3n les tovalloletes!! Per la tarda ens van explicar el funcionament de la Depuradora situada a la Pineda.<br \/>\nVa ser un dia molt interessant!<\/p>\n<p><strong>Si voleu veure algunes imatges d&#8217;aquest dia podeu fer &#8220;clic&#8221; a sobre de la imatge.<\/strong><\/p>\n<p><a href=\"https:\/\/drive.google.com\/drive\/folders\/1LioB7L1_DtyxAg6iJMHhpx99VpgtrqU1?usp=sharing\"><img loading=\"lazy\" decoding=\"async\" class=\"alignnone wp-image-1603 size-full\" src=\"https:\/\/agora.xtec.cat\/esc-laplana\/wp-content\/uploads\/usu2664\/2024\/02\/aixeta.png\" alt=\"\" width=\"214\" height=\"235\" \/><\/a><\/p>\n","protected":false},"excerpt":{"rendered":"<p>Dimarts dia 13 de febrer l&#8217;alumnat de 6\u00e8 vam poder con\u00e8ixer com funciona el cicle urb\u00e0 de l&#8217;aigua realitzant una activitat inclosa dins del Pla Educatiu d&#8217;Entorn de l&#8217;Ajuntament de Vila-seca.<br \/>\nPel mat\u00ed ens vam despla\u00e7ar al dip\u00f2sit municipal d&#8217;aig\u00fces i ens van ensenyar el clavegueram&hellip;  <a href=\"https:\/\/agora.xtec.cat\/esc-laplana\/portada\/a-raig-daixeta\/\" title=\"Read A raig d&#8217;aixeta!\">Llegeix m\u00e9s\u00bb<\/a><\/p>\n","protected":false},"author":1,"featured_media":0,"comment_status":"open","ping_status":"closed","sticky":false,"template":"","format":"standard","meta":{"_bbp_topic_count":0,"_bbp_reply_count":0,"_bbp_total_topic_count":0,"_bbp_total_reply_count":0,"_bbp_voice_count":0,"_bbp_anonymous_reply_count":0,"_bbp_topic_count_hidden":0,"_bbp_reply_count_hidden":0,"_bbp_forum_subforum_count":0,"footnotes":""},"categories":[14,4,5],"tags":[],"class_list":["post-1602","post","type-post","status-publish","format-standard","hentry","category-promo-15-23","category-portada","category-primaria"],"post_mailing_queue_ids":[],"_links":{"self":[{"href":"https:\/\/agora.xtec.cat\/esc-laplana\/wp-json\/wp\/v2\/posts\/1602","targetHints":{"allow":["GET"]}}],"collection":[{"href":"https:\/\/agora.xtec.cat\/esc-laplana\/wp-json\/wp\/v2\/posts"}],"about":[{"href":"https:\/\/agora.xtec.cat\/esc-laplana\/wp-json\/wp\/v2\/types\/post"}],"author":[{"embeddable":true,"href":"https:\/\/agora.xtec.cat\/esc-laplana\/wp-json\/wp\/v2\/users\/1"}],"replies":[{"embeddable":true,"href":"https:\/\/agora.xtec.cat\/esc-laplana\/wp-json\/wp\/v2\/comments?post=1602"}],"version-history":[{"count":1,"href":"https:\/\/agora.xtec.cat\/esc-laplana\/wp-json\/wp\/v2\/posts\/1602\/revisions"}],"predecessor-version":[{"id":1604,"href":"https:\/\/agora.xtec.cat\/esc-laplana\/wp-json\/wp\/v2\/posts\/1602\/revisions\/1604"}],"wp:attachment":[{"href":"https:\/\/agora.xtec.cat\/esc-laplana\/wp-json\/wp\/v2\/media?parent=1602"}],"wp:term":[{"taxonomy":"category","embeddable":true,"href":"https:\/\/agora.xtec.cat\/esc-laplana\/wp-json\/wp\/v2\/categories?post=1602"},{"taxonomy":"post_tag","embeddable":true,"href":"https:\/\/agora.xtec.cat\/esc-laplana\/wp-json\/wp\/v2\/tags?post=1602"}],"curies":[{"name":"wp","href":"https:\/\/api.w.org\/{rel}","templated":true}]}}