{"id":1593,"date":"2024-02-14T21:54:23","date_gmt":"2024-02-14T20:54:23","guid":{"rendered":"https:\/\/agora.xtec.cat\/esc-laplana\/?p=1593"},"modified":"2024-02-14T22:38:37","modified_gmt":"2024-02-14T21:38:37","slug":"desfilada-de-carnaval-2024","status":"publish","type":"post","link":"https:\/\/agora.xtec.cat\/esc-laplana\/portada\/desfilada-de-carnaval-2024\/","title":{"rendered":"Desfilada de Carnaval 2024"},"content":{"rendered":"<p>Aquest passat divendres 9 de febrer de 2024 l&#8217;alumnat de l&#8217;escola vam passar una tarda ben divertida. A causa de la pluja no vam poder sortir pels carrers del barri de la Plana tal i com \u00e9s habitual per\u00f2 vam organitzar una &#8220;Desfilada de Carnaval&#8221; al gimn\u00e0s de la nostra escola. El tema escollit \u00e9s l&#8217;art i petits i grans vam lluir les nostres disfresses. Van iniciar la desfilada l&#8217;alumnat d&#8217;Educaci\u00f3 Infantil amb unes boniques disfresses sobre obres de l&#8217;artista Joan Mir\u00f3. A Cicle Inicial vam agafar pintures i pinzells i vam lluir uns vestits de pintors i d&#8217;artistes ben macos. A Cicle Mitj\u00e0 van desfilar algunes de les obres m\u00e9s importants de la hist\u00f2ria de l&#8217;art, una disfressa ben treballada i molt original. Per acabar els nens i les nenes de Cicle Superior van preparar unes disfresses ben musicals amb unes notes ben mel\u00f2diques.<\/p>\n<p><strong>Si voleu veure alguna de les imatges de divendres feu &#8220;clic&#8221; a sobre de la fotografia. <\/strong><\/p>\n<p>Esperem que us agradi!!<\/p>\n<p><a href=\"https:\/\/drive.google.com\/drive\/folders\/1Qj8znktXt74R0vwIKhY20DrtIDTMYT1C?usp=sharing\"><img loading=\"lazy\" decoding=\"async\" class=\"alignnone wp-image-1594 size-large\" src=\"https:\/\/agora.xtec.cat\/esc-laplana\/wp-content\/uploads\/usu2664\/2024\/02\/IMG_20240209_172928-1024x1024.jpg\" alt=\"\" width=\"1024\" height=\"1024\" srcset=\"https:\/\/agora.xtec.cat\/esc-laplana\/wp-content\/uploads\/usu2664\/2024\/02\/IMG_20240209_172928-1024x1024.jpg 1024w, https:\/\/agora.xtec.cat\/esc-laplana\/wp-content\/uploads\/usu2664\/2024\/02\/IMG_20240209_172928-300x300.jpg 300w, https:\/\/agora.xtec.cat\/esc-laplana\/wp-content\/uploads\/usu2664\/2024\/02\/IMG_20240209_172928-150x150.jpg 150w, https:\/\/agora.xtec.cat\/esc-laplana\/wp-content\/uploads\/usu2664\/2024\/02\/IMG_20240209_172928-768x768.jpg 768w, https:\/\/agora.xtec.cat\/esc-laplana\/wp-content\/uploads\/usu2664\/2024\/02\/IMG_20240209_172928-1536x1536.jpg 1536w, https:\/\/agora.xtec.cat\/esc-laplana\/wp-content\/uploads\/usu2664\/2024\/02\/IMG_20240209_172928.jpg 1564w\" sizes=\"auto, (max-width: 1024px) 100vw, 1024px\" \/><\/a><\/p>\n<p>&nbsp;<iframe loading=\"lazy\" src=\"https:\/\/drive.google.com\/file\/d\/1zS0EswrPjjeEkOuOXh66HvQ4r6XXcfFm\/preview\" width=\"640\" height=\"480\" allow=\"autoplay\"><\/iframe><\/p>\n","protected":false},"excerpt":{"rendered":"<p>Aquest passat divendres 9 de febrer de 2024 l&#8217;alumnat de l&#8217;escola vam passar una tarda ben divertida. A causa de la pluja no vam poder sortir pels carrers del barri de la Plana tal i com \u00e9s habitual per\u00f2 vam organitzar una &#8220;Desfilada de Carnaval&#8221;&hellip;  <a href=\"https:\/\/agora.xtec.cat\/esc-laplana\/portada\/desfilada-de-carnaval-2024\/\" title=\"Read Desfilada de Carnaval 2024\">Llegeix m\u00e9s\u00bb<\/a><\/p>\n","protected":false},"author":1,"featured_media":0,"comment_status":"open","ping_status":"closed","sticky":false,"template":"","format":"standard","meta":{"_bbp_topic_count":0,"_bbp_reply_count":0,"_bbp_total_topic_count":0,"_bbp_total_reply_count":0,"_bbp_voice_count":0,"_bbp_anonymous_reply_count":0,"_bbp_topic_count_hidden":0,"_bbp_reply_count_hidden":0,"_bbp_forum_subforum_count":0,"footnotes":""},"categories":[4],"tags":[],"class_list":["post-1593","post","type-post","status-publish","format-standard","hentry","category-portada"],"post_mailing_queue_ids":[],"_links":{"self":[{"href":"https:\/\/agora.xtec.cat\/esc-laplana\/wp-json\/wp\/v2\/posts\/1593","targetHints":{"allow":["GET"]}}],"collection":[{"href":"https:\/\/agora.xtec.cat\/esc-laplana\/wp-json\/wp\/v2\/posts"}],"about":[{"href":"https:\/\/agora.xtec.cat\/esc-laplana\/wp-json\/wp\/v2\/types\/post"}],"author":[{"embeddable":true,"href":"https:\/\/agora.xtec.cat\/esc-laplana\/wp-json\/wp\/v2\/users\/1"}],"replies":[{"embeddable":true,"href":"https:\/\/agora.xtec.cat\/esc-laplana\/wp-json\/wp\/v2\/comments?post=1593"}],"version-history":[{"count":4,"href":"https:\/\/agora.xtec.cat\/esc-laplana\/wp-json\/wp\/v2\/posts\/1593\/revisions"}],"predecessor-version":[{"id":1598,"href":"https:\/\/agora.xtec.cat\/esc-laplana\/wp-json\/wp\/v2\/posts\/1593\/revisions\/1598"}],"wp:attachment":[{"href":"https:\/\/agora.xtec.cat\/esc-laplana\/wp-json\/wp\/v2\/media?parent=1593"}],"wp:term":[{"taxonomy":"category","embeddable":true,"href":"https:\/\/agora.xtec.cat\/esc-laplana\/wp-json\/wp\/v2\/categories?post=1593"},{"taxonomy":"post_tag","embeddable":true,"href":"https:\/\/agora.xtec.cat\/esc-laplana\/wp-json\/wp\/v2\/tags?post=1593"}],"curies":[{"name":"wp","href":"https:\/\/api.w.org\/{rel}","templated":true}]}}