{"id":1576,"date":"2024-02-07T14:23:54","date_gmt":"2024-02-07T13:23:54","guid":{"rendered":"https:\/\/agora.xtec.cat\/esc-laplana\/?p=1576"},"modified":"2024-02-08T09:49:42","modified_gmt":"2024-02-08T08:49:42","slug":"taller-rubikids-a-ed-infantil","status":"publish","type":"post","link":"https:\/\/agora.xtec.cat\/esc-laplana\/general\/taller-rubikids-a-ed-infantil\/","title":{"rendered":"Taller Rubikids a Ed. Infantil"},"content":{"rendered":"<p><a href=\"https:\/\/drive.google.com\/drive\/folders\/1RKG0blSFPJvty-NpQLBQOTNbqikGax34?usp=share_link\"><img loading=\"lazy\" decoding=\"async\" class=\"wp-image-1577 alignleft\" src=\"https:\/\/agora.xtec.cat\/esc-laplana\/wp-content\/uploads\/usu2664\/2024\/02\/rubric-768x1024.jpg\" alt=\"\" width=\"142\" height=\"190\" srcset=\"https:\/\/agora.xtec.cat\/esc-laplana\/wp-content\/uploads\/usu2664\/2024\/02\/rubric-768x1024.jpg 768w, https:\/\/agora.xtec.cat\/esc-laplana\/wp-content\/uploads\/usu2664\/2024\/02\/rubric-225x300.jpg 225w, https:\/\/agora.xtec.cat\/esc-laplana\/wp-content\/uploads\/usu2664\/2024\/02\/rubric-1152x1536.jpg 1152w, https:\/\/agora.xtec.cat\/esc-laplana\/wp-content\/uploads\/usu2664\/2024\/02\/rubric-1536x2048.jpg 1536w, https:\/\/agora.xtec.cat\/esc-laplana\/wp-content\/uploads\/usu2664\/2024\/02\/rubric-scaled.jpg 1920w\" sizes=\"auto, (max-width: 142px) 100vw, 142px\" \/><\/a><\/p>\n<p>El passat dia <strong>24 de gener<\/strong>, els alumnes d&#8217;<strong>I3, I4 i I5<\/strong> van poder realizar el taller<strong> &#8220;Rubikids&#8221;<\/strong>, activitat inclosa en el PEE de Vila-seca i a trav\u00e9s de la subvenci\u00f3 PMOE-PROA+.<\/p>\n<p>Aquest taller tenia la finalitat de treballar continguts matem\u00e0tics a trav\u00e9s del joc de manera competencial, potenciant la curiositat als infants, el raonament l\u00f2gic, aix\u00ed com la mem\u00f2ria i la orientaci\u00f3 espacial.<\/p>\n<p>Va ser una experi\u00e8ncia molt positiva i enriquidora per l&#8217;alumnat.<strong>Si voleu veure m\u00e9s imatges cliqueu a la imatge<\/strong><strong style=\"font-family: inherit; font-size: 1em;\">\u00a0d&#8217;aqu\u00ed al costat.<\/strong><\/p>\n<p>&nbsp;<\/p>\n<p>&nbsp;<\/p>\n<p><img loading=\"lazy\" decoding=\"async\" class=\"wp-image-1590 alignleft\" src=\"https:\/\/agora.xtec.cat\/esc-laplana\/wp-content\/uploads\/usu2664\/2024\/02\/Logos-Proa.jpg\" alt=\"\" width=\"807\" height=\"107\" srcset=\"https:\/\/agora.xtec.cat\/esc-laplana\/wp-content\/uploads\/usu2664\/2024\/02\/Logos-Proa.jpg 800w, https:\/\/agora.xtec.cat\/esc-laplana\/wp-content\/uploads\/usu2664\/2024\/02\/Logos-Proa-300x40.jpg 300w, https:\/\/agora.xtec.cat\/esc-laplana\/wp-content\/uploads\/usu2664\/2024\/02\/Logos-Proa-768x102.jpg 768w\" sizes=\"auto, (max-width: 807px) 100vw, 807px\" \/><\/p>\n<p>&nbsp;<\/p>\n","protected":false},"excerpt":{"rendered":"<p><a href=\"https:\/\/drive.google.com\/drive\/folders\/1RKG0blSFPJvty-NpQLBQOTNbqikGax34?usp=share_link\"><\/a><br \/>\nEl passat dia 24 de gener, els alumnes d&#8217;I3, I4 i I5 van poder realizar el taller &#8220;Rubikids&#8221;, activitat inclosa en el PEE de Vila-seca i a trav\u00e9s de la subvenci\u00f3 PMOE-PROA+.<br \/>\nAquest taller tenia la finalitat de treballar continguts matem\u00e0tics a trav\u00e9s del joc&hellip;  <a href=\"https:\/\/agora.xtec.cat\/esc-laplana\/general\/taller-rubikids-a-ed-infantil\/\" title=\"Read Taller Rubikids a Ed. Infantil\">Llegeix m\u00e9s\u00bb<\/a><\/p>\n","protected":false},"author":1,"featured_media":0,"comment_status":"open","ping_status":"closed","sticky":false,"template":"","format":"standard","meta":{"_bbp_topic_count":0,"_bbp_reply_count":0,"_bbp_total_topic_count":0,"_bbp_total_reply_count":0,"_bbp_voice_count":0,"_bbp_anonymous_reply_count":0,"_bbp_topic_count_hidden":0,"_bbp_reply_count_hidden":0,"_bbp_forum_subforum_count":0,"footnotes":""},"categories":[1,2,4],"tags":[],"class_list":["post-1576","post","type-post","status-publish","format-standard","hentry","category-general","category-i4-promo-24-32","category-portada"],"post_mailing_queue_ids":[],"_links":{"self":[{"href":"https:\/\/agora.xtec.cat\/esc-laplana\/wp-json\/wp\/v2\/posts\/1576","targetHints":{"allow":["GET"]}}],"collection":[{"href":"https:\/\/agora.xtec.cat\/esc-laplana\/wp-json\/wp\/v2\/posts"}],"about":[{"href":"https:\/\/agora.xtec.cat\/esc-laplana\/wp-json\/wp\/v2\/types\/post"}],"author":[{"embeddable":true,"href":"https:\/\/agora.xtec.cat\/esc-laplana\/wp-json\/wp\/v2\/users\/1"}],"replies":[{"embeddable":true,"href":"https:\/\/agora.xtec.cat\/esc-laplana\/wp-json\/wp\/v2\/comments?post=1576"}],"version-history":[{"count":6,"href":"https:\/\/agora.xtec.cat\/esc-laplana\/wp-json\/wp\/v2\/posts\/1576\/revisions"}],"predecessor-version":[{"id":1591,"href":"https:\/\/agora.xtec.cat\/esc-laplana\/wp-json\/wp\/v2\/posts\/1576\/revisions\/1591"}],"wp:attachment":[{"href":"https:\/\/agora.xtec.cat\/esc-laplana\/wp-json\/wp\/v2\/media?parent=1576"}],"wp:term":[{"taxonomy":"category","embeddable":true,"href":"https:\/\/agora.xtec.cat\/esc-laplana\/wp-json\/wp\/v2\/categories?post=1576"},{"taxonomy":"post_tag","embeddable":true,"href":"https:\/\/agora.xtec.cat\/esc-laplana\/wp-json\/wp\/v2\/tags?post=1576"}],"curies":[{"name":"wp","href":"https:\/\/api.w.org\/{rel}","templated":true}]}}