{"id":1546,"date":"2024-01-28T00:20:30","date_gmt":"2024-01-27T23:20:30","guid":{"rendered":"https:\/\/agora.xtec.cat\/esc-laplana\/?p=1546"},"modified":"2024-01-31T00:21:08","modified_gmt":"2024-01-30T23:21:08","slug":"formacio-families-comunitats-daprenentatge","status":"publish","type":"post","link":"https:\/\/agora.xtec.cat\/esc-laplana\/general\/formacio-families-comunitats-daprenentatge\/","title":{"rendered":"Formaci\u00f3 fam\u00edlies &#8220;Comunitats d&#8217;aprenentatge&#8221;"},"content":{"rendered":"<p>Durant el curs, el claustre de mestres participa en diferents formacions per tal de poder desenvolupar les seves funcions de manera m\u00e9s eficient. Dins de la Subvenci\u00f3 PROA-PMOE+ una de les Activitats Palanca consisteix en la realitzaci\u00f3 de les &#8220;TERT\u00daLIES DIAL\u00d2GIQUES&#8221; i com que, fins ara, no les hem dut mai a terme vam demanar a dues referents del Departament d&#8217;Educaci\u00f3, la Irene Ortoll i l&#8217;Esther Pena que ens expliquessin amb m\u00e9s detall en qu\u00e8 consisteixen, quins llibres s\u00f3n els m\u00e9s adequats per iniciar-ho i com portar-les a terme amb l&#8217;alumnat.<\/p>\n<p>Aquestes xerrades es van oferir a les fam\u00edlies i estem molt contents que va poder assistir-hi una representaci\u00f3 de l&#8217;AFA de la nostra escola i alguns membres del Consell Escolar.<\/p>\n<p data-pm-slice=\"1 1 []\"><img loading=\"lazy\" decoding=\"async\" class=\"alignnone size-large wp-image-1547\" src=\"https:\/\/agora.xtec.cat\/esc-laplana\/wp-content\/uploads\/usu2664\/2024\/01\/FORMACIO-SOBRE-COMUNITATS-DAPRENENTATGE-1-1024x819.png\" alt=\"\" width=\"1024\" height=\"819\" srcset=\"https:\/\/agora.xtec.cat\/esc-laplana\/wp-content\/uploads\/usu2664\/2024\/01\/FORMACIO-SOBRE-COMUNITATS-DAPRENENTATGE-1-1024x819.png 1024w, https:\/\/agora.xtec.cat\/esc-laplana\/wp-content\/uploads\/usu2664\/2024\/01\/FORMACIO-SOBRE-COMUNITATS-DAPRENENTATGE-1-300x240.png 300w, https:\/\/agora.xtec.cat\/esc-laplana\/wp-content\/uploads\/usu2664\/2024\/01\/FORMACIO-SOBRE-COMUNITATS-DAPRENENTATGE-1-768x614.png 768w, https:\/\/agora.xtec.cat\/esc-laplana\/wp-content\/uploads\/usu2664\/2024\/01\/FORMACIO-SOBRE-COMUNITATS-DAPRENENTATGE-1-1536x1229.png 1536w, https:\/\/agora.xtec.cat\/esc-laplana\/wp-content\/uploads\/usu2664\/2024\/01\/FORMACIO-SOBRE-COMUNITATS-DAPRENENTATGE-1.png 2000w\" sizes=\"auto, (max-width: 1024px) 100vw, 1024px\" \/><\/p>\n","protected":false},"excerpt":{"rendered":"<p>Durant el curs, el claustre de mestres participa en diferents formacions per tal de poder desenvolupar les seves funcions de manera m\u00e9s eficient. Dins de la Subvenci\u00f3 PROA-PMOE+ una de les Activitats Palanca consisteix en la realitzaci\u00f3 de les &#8220;TERT\u00daLIES DIAL\u00d2GIQUES&#8221; i com que, fins&hellip;  <a href=\"https:\/\/agora.xtec.cat\/esc-laplana\/general\/formacio-families-comunitats-daprenentatge\/\" title=\"Read Formaci\u00f3 fam\u00edlies &#8220;Comunitats d&#8217;aprenentatge&#8221;\">Llegeix m\u00e9s\u00bb<\/a><\/p>\n","protected":false},"author":1,"featured_media":0,"comment_status":"open","ping_status":"closed","sticky":false,"template":"","format":"standard","meta":{"_bbp_topic_count":0,"_bbp_reply_count":0,"_bbp_total_topic_count":0,"_bbp_total_reply_count":0,"_bbp_voice_count":0,"_bbp_anonymous_reply_count":0,"_bbp_topic_count_hidden":0,"_bbp_reply_count_hidden":0,"_bbp_forum_subforum_count":0,"footnotes":""},"categories":[1,4],"tags":[],"class_list":["post-1546","post","type-post","status-publish","format-standard","hentry","category-general","category-portada"],"post_mailing_queue_ids":[],"_links":{"self":[{"href":"https:\/\/agora.xtec.cat\/esc-laplana\/wp-json\/wp\/v2\/posts\/1546","targetHints":{"allow":["GET"]}}],"collection":[{"href":"https:\/\/agora.xtec.cat\/esc-laplana\/wp-json\/wp\/v2\/posts"}],"about":[{"href":"https:\/\/agora.xtec.cat\/esc-laplana\/wp-json\/wp\/v2\/types\/post"}],"author":[{"embeddable":true,"href":"https:\/\/agora.xtec.cat\/esc-laplana\/wp-json\/wp\/v2\/users\/1"}],"replies":[{"embeddable":true,"href":"https:\/\/agora.xtec.cat\/esc-laplana\/wp-json\/wp\/v2\/comments?post=1546"}],"version-history":[{"count":1,"href":"https:\/\/agora.xtec.cat\/esc-laplana\/wp-json\/wp\/v2\/posts\/1546\/revisions"}],"predecessor-version":[{"id":1548,"href":"https:\/\/agora.xtec.cat\/esc-laplana\/wp-json\/wp\/v2\/posts\/1546\/revisions\/1548"}],"wp:attachment":[{"href":"https:\/\/agora.xtec.cat\/esc-laplana\/wp-json\/wp\/v2\/media?parent=1546"}],"wp:term":[{"taxonomy":"category","embeddable":true,"href":"https:\/\/agora.xtec.cat\/esc-laplana\/wp-json\/wp\/v2\/categories?post=1546"},{"taxonomy":"post_tag","embeddable":true,"href":"https:\/\/agora.xtec.cat\/esc-laplana\/wp-json\/wp\/v2\/tags?post=1546"}],"curies":[{"name":"wp","href":"https:\/\/api.w.org\/{rel}","templated":true}]}}