{"id":1543,"date":"2024-01-30T23:57:28","date_gmt":"2024-01-30T22:57:28","guid":{"rendered":"https:\/\/agora.xtec.cat\/esc-laplana\/?p=1543"},"modified":"2024-01-30T23:57:28","modified_gmt":"2024-01-30T22:57:28","slug":"denip-23-24","status":"publish","type":"post","link":"https:\/\/agora.xtec.cat\/esc-laplana\/general\/denip-23-24\/","title":{"rendered":"DENIP 23-24"},"content":{"rendered":"<p>Com cada 30 de gener es celebra el DENIP (Dia escolar de la No viol\u00e8ncia i de la Pau) i, tot i que \u00e9s un tema del qual ens agrada tractar i dedicar-hi temps gaireb\u00e9 cada dia, no vol\u00edem deixar passar l&#8217;oportunitat de presentar la feina que hem estat duent a terme amb l&#8217;Alba, ex-alumna de l&#8217;escola i actual alumna de T\u00e8nic\/a d&#8217;Integraci\u00f3 Social.<\/p>\n<p>Us presentem el nostre <strong>&#8220;ABECEDARI DE LA PAU&#8221;<\/strong> del qual n&#8217;estem molt orgullosos i orgulloses ja que ha estat <strong>el resultat d&#8217;una feina feta per tot l&#8217;alumnat del centre<\/strong>, des de i3 fins a 6\u00e8. Ens encanta treballar de manera cooperativa; unes persones han pensat paraules relacionades amb la PAU que comencessin amb les diferents lletres de l&#8217;abecedari, altres han escrit les paraules, alguns han fet els dibuixos i la resta han cercat imatges que il.lustren aquestes paraules i ho han enllestit afegint-hi unes frases precioses.<\/p>\n<p>Ha estat una estona molt agradable on hem reflexionat per qu\u00e8 \u00e9s tan important viure i fomentar la PAU.<br \/>\n<iframe loading=\"lazy\" src=\"https:\/\/drive.google.com\/file\/d\/18kJZUbdbeW1vR7BWyF5HWboMatGWSaWn\/preview\" width=\"640\" height=\"480\"><\/iframe><br \/>\n<strong>Per veure les fotografies feu &#8220;clic&#8221; a sobre la imatge.<\/strong><\/p>\n<p><a href=\"https:\/\/drive.google.com\/drive\/folders\/1MWwZT_JjnNMUjV1RYYCgwhJQeW7n1mxO?usp=sharing\"><img loading=\"lazy\" decoding=\"async\" class=\"alignnone wp-image-1544 size-full\" src=\"https:\/\/agora.xtec.cat\/esc-laplana\/wp-content\/uploads\/usu2664\/2024\/01\/denip_logo-denip-text-colors-e1642439184399.png\" alt=\"\" width=\"400\" height=\"229\" srcset=\"https:\/\/agora.xtec.cat\/esc-laplana\/wp-content\/uploads\/usu2664\/2024\/01\/denip_logo-denip-text-colors-e1642439184399.png 400w, https:\/\/agora.xtec.cat\/esc-laplana\/wp-content\/uploads\/usu2664\/2024\/01\/denip_logo-denip-text-colors-e1642439184399-300x172.png 300w\" sizes=\"auto, (max-width: 400px) 100vw, 400px\" \/><\/a><\/p>\n","protected":false},"excerpt":{"rendered":"<p>Com cada 30 de gener es celebra el DENIP (Dia escolar de la No viol\u00e8ncia i de la Pau) i, tot i que \u00e9s un tema del qual ens agrada tractar i dedicar-hi temps gaireb\u00e9 cada dia, no vol\u00edem deixar passar l&#8217;oportunitat de presentar la&hellip;  <a href=\"https:\/\/agora.xtec.cat\/esc-laplana\/general\/denip-23-24\/\" title=\"Read DENIP 23-24\">Llegeix m\u00e9s\u00bb<\/a><\/p>\n","protected":false},"author":1,"featured_media":0,"comment_status":"open","ping_status":"closed","sticky":false,"template":"","format":"standard","meta":{"_bbp_topic_count":0,"_bbp_reply_count":0,"_bbp_total_topic_count":0,"_bbp_total_reply_count":0,"_bbp_voice_count":0,"_bbp_anonymous_reply_count":0,"_bbp_topic_count_hidden":0,"_bbp_reply_count_hidden":0,"_bbp_forum_subforum_count":0,"footnotes":""},"categories":[1,4],"tags":[],"class_list":["post-1543","post","type-post","status-publish","format-standard","hentry","category-general","category-portada"],"post_mailing_queue_ids":[],"_links":{"self":[{"href":"https:\/\/agora.xtec.cat\/esc-laplana\/wp-json\/wp\/v2\/posts\/1543","targetHints":{"allow":["GET"]}}],"collection":[{"href":"https:\/\/agora.xtec.cat\/esc-laplana\/wp-json\/wp\/v2\/posts"}],"about":[{"href":"https:\/\/agora.xtec.cat\/esc-laplana\/wp-json\/wp\/v2\/types\/post"}],"author":[{"embeddable":true,"href":"https:\/\/agora.xtec.cat\/esc-laplana\/wp-json\/wp\/v2\/users\/1"}],"replies":[{"embeddable":true,"href":"https:\/\/agora.xtec.cat\/esc-laplana\/wp-json\/wp\/v2\/comments?post=1543"}],"version-history":[{"count":1,"href":"https:\/\/agora.xtec.cat\/esc-laplana\/wp-json\/wp\/v2\/posts\/1543\/revisions"}],"predecessor-version":[{"id":1545,"href":"https:\/\/agora.xtec.cat\/esc-laplana\/wp-json\/wp\/v2\/posts\/1543\/revisions\/1545"}],"wp:attachment":[{"href":"https:\/\/agora.xtec.cat\/esc-laplana\/wp-json\/wp\/v2\/media?parent=1543"}],"wp:term":[{"taxonomy":"category","embeddable":true,"href":"https:\/\/agora.xtec.cat\/esc-laplana\/wp-json\/wp\/v2\/categories?post=1543"},{"taxonomy":"post_tag","embeddable":true,"href":"https:\/\/agora.xtec.cat\/esc-laplana\/wp-json\/wp\/v2\/tags?post=1543"}],"curies":[{"name":"wp","href":"https:\/\/api.w.org\/{rel}","templated":true}]}}