{"id":1502,"date":"2024-01-08T22:58:32","date_gmt":"2024-01-08T21:58:32","guid":{"rendered":"https:\/\/agora.xtec.cat\/esc-laplana\/?p=1502"},"modified":"2024-01-30T22:59:13","modified_gmt":"2024-01-30T21:59:13","slug":"cantem-nadales-pel-barri","status":"publish","type":"post","link":"https:\/\/agora.xtec.cat\/esc-laplana\/general\/cantem-nadales-pel-barri\/","title":{"rendered":"CANTEM NADALES PEL BARRI!"},"content":{"rendered":"<p>L&#8217;\u00faltim dia abans de marxar de vacances de Nadal vam sortir pel barri a cantar nadales. \u00c9s una estona que ens agrada molt perqu\u00e8 anem tota l&#8217;escola i ens trobem amb la gent del nostre barri.<\/p>\n<p>Volem donar les gr\u00e0cies a l&#8217;Associaci\u00f3 de Ve\u00efns de la Plana perqu\u00e8 ens van deixar l&#8217;altaveu i per aquesta xocolatina tan dol\u00e7a!!<br \/>\n<iframe loading=\"lazy\" src=\"https:\/\/drive.google.com\/file\/d\/1tl-SsLTpp2UTWCvvTs1cskhxPmhoGQp1\/preview\" width=\"640\" height=\"480\"><\/iframe><br \/>\n<img loading=\"lazy\" decoding=\"async\" class=\"alignnone size-large wp-image-1498\" src=\"https:\/\/agora.xtec.cat\/esc-laplana\/wp-content\/uploads\/usu2664\/2024\/01\/20231220_121713-1024x461.jpg\" alt=\"\" width=\"1024\" height=\"461\" srcset=\"https:\/\/agora.xtec.cat\/esc-laplana\/wp-content\/uploads\/usu2664\/2024\/01\/20231220_121713-1024x461.jpg 1024w, https:\/\/agora.xtec.cat\/esc-laplana\/wp-content\/uploads\/usu2664\/2024\/01\/20231220_121713-300x135.jpg 300w, https:\/\/agora.xtec.cat\/esc-laplana\/wp-content\/uploads\/usu2664\/2024\/01\/20231220_121713-768x346.jpg 768w, https:\/\/agora.xtec.cat\/esc-laplana\/wp-content\/uploads\/usu2664\/2024\/01\/20231220_121713-1536x692.jpg 1536w, https:\/\/agora.xtec.cat\/esc-laplana\/wp-content\/uploads\/usu2664\/2024\/01\/20231220_121713-2048x922.jpg 2048w\" sizes=\"auto, (max-width: 1024px) 100vw, 1024px\" \/><\/p>\n","protected":false},"excerpt":{"rendered":"<p>L&#8217;\u00faltim dia abans de marxar de vacances de Nadal vam sortir pel barri a cantar nadales. \u00c9s una estona que ens agrada molt perqu\u00e8 anem tota l&#8217;escola i ens trobem amb la gent del nostre barri.<br \/>\nVolem donar les gr\u00e0cies a l&#8217;Associaci\u00f3 de Ve\u00efns de la&hellip;  <a href=\"https:\/\/agora.xtec.cat\/esc-laplana\/general\/cantem-nadales-pel-barri\/\" title=\"Read CANTEM NADALES PEL BARRI!\">Llegeix m\u00e9s\u00bb<\/a><\/p>\n","protected":false},"author":1,"featured_media":0,"comment_status":"open","ping_status":"closed","sticky":false,"template":"","format":"standard","meta":{"_bbp_topic_count":0,"_bbp_reply_count":0,"_bbp_total_topic_count":0,"_bbp_total_reply_count":0,"_bbp_voice_count":0,"_bbp_anonymous_reply_count":0,"_bbp_topic_count_hidden":0,"_bbp_reply_count_hidden":0,"_bbp_forum_subforum_count":0,"footnotes":""},"categories":[1,4],"tags":[],"class_list":["post-1502","post","type-post","status-publish","format-standard","hentry","category-general","category-portada"],"post_mailing_queue_ids":[],"_links":{"self":[{"href":"https:\/\/agora.xtec.cat\/esc-laplana\/wp-json\/wp\/v2\/posts\/1502","targetHints":{"allow":["GET"]}}],"collection":[{"href":"https:\/\/agora.xtec.cat\/esc-laplana\/wp-json\/wp\/v2\/posts"}],"about":[{"href":"https:\/\/agora.xtec.cat\/esc-laplana\/wp-json\/wp\/v2\/types\/post"}],"author":[{"embeddable":true,"href":"https:\/\/agora.xtec.cat\/esc-laplana\/wp-json\/wp\/v2\/users\/1"}],"replies":[{"embeddable":true,"href":"https:\/\/agora.xtec.cat\/esc-laplana\/wp-json\/wp\/v2\/comments?post=1502"}],"version-history":[{"count":3,"href":"https:\/\/agora.xtec.cat\/esc-laplana\/wp-json\/wp\/v2\/posts\/1502\/revisions"}],"predecessor-version":[{"id":1542,"href":"https:\/\/agora.xtec.cat\/esc-laplana\/wp-json\/wp\/v2\/posts\/1502\/revisions\/1542"}],"wp:attachment":[{"href":"https:\/\/agora.xtec.cat\/esc-laplana\/wp-json\/wp\/v2\/media?parent=1502"}],"wp:term":[{"taxonomy":"category","embeddable":true,"href":"https:\/\/agora.xtec.cat\/esc-laplana\/wp-json\/wp\/v2\/categories?post=1502"},{"taxonomy":"post_tag","embeddable":true,"href":"https:\/\/agora.xtec.cat\/esc-laplana\/wp-json\/wp\/v2\/tags?post=1502"}],"curies":[{"name":"wp","href":"https:\/\/api.w.org\/{rel}","templated":true}]}}