{"id":1489,"date":"2024-01-03T14:32:42","date_gmt":"2024-01-03T13:32:42","guid":{"rendered":"https:\/\/agora.xtec.cat\/esc-laplana\/?p=1489"},"modified":"2024-01-03T14:35:23","modified_gmt":"2024-01-03T13:35:23","slug":"bustia-reial","status":"publish","type":"post","link":"https:\/\/agora.xtec.cat\/esc-laplana\/general\/bustia-reial\/","title":{"rendered":"B\u00fastia Reial!"},"content":{"rendered":"<p>Queden pocs dies per una de les nits m\u00e9s especials de l&#8217;any; l&#8217;arribada dels 3 Reis Mags d&#8217;Orient! Per sort, el nostre alumnat de l&#8217;escola ja ha fet els deures i va enviar les seves cartes a la B\u00fastia Reial que ens deixa l&#8217;Associaci\u00f3 de Ve\u00efns de la Plana i l&#8217;Ajuntament de Vila-Seca.<\/p>\n<p>Esperem que els nostres desitjos hagin arribat a temps!!<\/p>\n<p><a href=\"https:\/\/drive.google.com\/drive\/folders\/1s5VhWzBfzCRXvIb1gsqP-qIK1oQyaqDL?usp=sharing\"><img loading=\"lazy\" decoding=\"async\" class=\"alignnone wp-image-1490\" src=\"https:\/\/agora.xtec.cat\/esc-laplana\/wp-content\/uploads\/usu2664\/2024\/01\/RAQUEL-724x1024.jpg\" alt=\"\" width=\"551\" height=\"779\" srcset=\"https:\/\/agora.xtec.cat\/esc-laplana\/wp-content\/uploads\/usu2664\/2024\/01\/RAQUEL-724x1024.jpg 724w, https:\/\/agora.xtec.cat\/esc-laplana\/wp-content\/uploads\/usu2664\/2024\/01\/RAQUEL-212x300.jpg 212w, https:\/\/agora.xtec.cat\/esc-laplana\/wp-content\/uploads\/usu2664\/2024\/01\/RAQUEL-768x1086.jpg 768w, https:\/\/agora.xtec.cat\/esc-laplana\/wp-content\/uploads\/usu2664\/2024\/01\/RAQUEL-1086x1536.jpg 1086w, https:\/\/agora.xtec.cat\/esc-laplana\/wp-content\/uploads\/usu2664\/2024\/01\/RAQUEL.jpg 1414w\" sizes=\"auto, (max-width: 551px) 100vw, 551px\" \/><\/a><\/p>\n<p><strong>(Podeu veure algunes imatges m\u00e9s fent clic a sobre de la imatge).<\/strong><\/p>\n","protected":false},"excerpt":{"rendered":"<p>Queden pocs dies per una de les nits m\u00e9s especials de l&#8217;any; l&#8217;arribada dels 3 Reis Mags d&#8217;Orient! Per sort, el nostre alumnat de l&#8217;escola ja ha fet els deures i va enviar les seves cartes a la B\u00fastia Reial que ens deixa l&#8217;Associaci\u00f3 de&hellip;  <a href=\"https:\/\/agora.xtec.cat\/esc-laplana\/general\/bustia-reial\/\" title=\"Read B\u00fastia Reial!\">Llegeix m\u00e9s\u00bb<\/a><\/p>\n","protected":false},"author":1,"featured_media":0,"comment_status":"open","ping_status":"closed","sticky":false,"template":"","format":"standard","meta":{"_bbp_topic_count":0,"_bbp_reply_count":0,"_bbp_total_topic_count":0,"_bbp_total_reply_count":0,"_bbp_voice_count":0,"_bbp_anonymous_reply_count":0,"_bbp_topic_count_hidden":0,"_bbp_reply_count_hidden":0,"_bbp_forum_subforum_count":0,"footnotes":""},"categories":[1,2,4,5],"tags":[],"class_list":["post-1489","post","type-post","status-publish","format-standard","hentry","category-general","category-i4-promo-24-32","category-portada","category-primaria"],"post_mailing_queue_ids":[],"_links":{"self":[{"href":"https:\/\/agora.xtec.cat\/esc-laplana\/wp-json\/wp\/v2\/posts\/1489","targetHints":{"allow":["GET"]}}],"collection":[{"href":"https:\/\/agora.xtec.cat\/esc-laplana\/wp-json\/wp\/v2\/posts"}],"about":[{"href":"https:\/\/agora.xtec.cat\/esc-laplana\/wp-json\/wp\/v2\/types\/post"}],"author":[{"embeddable":true,"href":"https:\/\/agora.xtec.cat\/esc-laplana\/wp-json\/wp\/v2\/users\/1"}],"replies":[{"embeddable":true,"href":"https:\/\/agora.xtec.cat\/esc-laplana\/wp-json\/wp\/v2\/comments?post=1489"}],"version-history":[{"count":2,"href":"https:\/\/agora.xtec.cat\/esc-laplana\/wp-json\/wp\/v2\/posts\/1489\/revisions"}],"predecessor-version":[{"id":1492,"href":"https:\/\/agora.xtec.cat\/esc-laplana\/wp-json\/wp\/v2\/posts\/1489\/revisions\/1492"}],"wp:attachment":[{"href":"https:\/\/agora.xtec.cat\/esc-laplana\/wp-json\/wp\/v2\/media?parent=1489"}],"wp:term":[{"taxonomy":"category","embeddable":true,"href":"https:\/\/agora.xtec.cat\/esc-laplana\/wp-json\/wp\/v2\/categories?post=1489"},{"taxonomy":"post_tag","embeddable":true,"href":"https:\/\/agora.xtec.cat\/esc-laplana\/wp-json\/wp\/v2\/tags?post=1489"}],"curies":[{"name":"wp","href":"https:\/\/api.w.org\/{rel}","templated":true}]}}