{"id":1483,"date":"2023-12-21T14:00:38","date_gmt":"2023-12-21T13:00:38","guid":{"rendered":"https:\/\/agora.xtec.cat\/esc-laplana\/?p=1483"},"modified":"2024-01-03T14:03:46","modified_gmt":"2024-01-03T13:03:46","slug":"la-plana-tv-edicio-nadal-2023","status":"publish","type":"post","link":"https:\/\/agora.xtec.cat\/esc-laplana\/general\/la-plana-tv-edicio-nadal-2023\/","title":{"rendered":"La Plana TV edici\u00f3 desembre 2023"},"content":{"rendered":"<p>Benvolgudes fam\u00edlies,<\/p>\n<p>Voleu saber quines s\u00f3n les not\u00edcies m\u00e9s interessants que han passat a l&#8217;escola durant el primer trimestre? Doncs aqu\u00ed teniu el nostre primer programa de la Plana TV. No us el perdeu!<\/p>\n<p><strong>(Per veure el programa feu clic a sobre de la imatge)<\/strong><\/p>\n<p><a href=\"https:\/\/www.canva.com\/design\/DAFvHFGfaeM\/mhU5aUF2xWraLjcybhN-jQ\/watch?utm_content=DAFvHFGfaeM&amp;utm_campaign=designshare&amp;utm_medium=link&amp;utm_source=publishsharelink\"><img loading=\"lazy\" decoding=\"async\" class=\"wp-image-1485 aligncenter\" src=\"https:\/\/agora.xtec.cat\/esc-laplana\/wp-content\/uploads\/usu2664\/2024\/01\/LA-PLANA-TV-e1704286807884-1024x702.jpg\" alt=\"\" width=\"480\" height=\"329\" srcset=\"https:\/\/agora.xtec.cat\/esc-laplana\/wp-content\/uploads\/usu2664\/2024\/01\/LA-PLANA-TV-e1704286807884-1024x702.jpg 1024w, https:\/\/agora.xtec.cat\/esc-laplana\/wp-content\/uploads\/usu2664\/2024\/01\/LA-PLANA-TV-e1704286807884-300x206.jpg 300w, https:\/\/agora.xtec.cat\/esc-laplana\/wp-content\/uploads\/usu2664\/2024\/01\/LA-PLANA-TV-e1704286807884-768x527.jpg 768w, https:\/\/agora.xtec.cat\/esc-laplana\/wp-content\/uploads\/usu2664\/2024\/01\/LA-PLANA-TV-e1704286807884.jpg 1400w\" sizes=\"auto, (max-width: 480px) 100vw, 480px\" \/><\/a><\/p>\n<p>&nbsp;<\/p>\n<p>&nbsp;<\/p>\n<p>&nbsp;<\/p>\n<p>&nbsp;<\/p>\n<p>&nbsp;<\/p>\n","protected":false},"excerpt":{"rendered":"<p>Benvolgudes fam\u00edlies,<br \/>\nVoleu saber quines s\u00f3n les not\u00edcies m\u00e9s interessants que han passat a l&#8217;escola durant el primer trimestre? Doncs aqu\u00ed teniu el nostre primer programa de la Plana TV. No us el perdeu!<br \/>\n(Per veure el programa feu clic a sobre de la imatge)<br \/>\n<a href=\"https:\/\/www.canva.com\/design\/DAFvHFGfaeM\/mhU5aUF2xWraLjcybhN-jQ\/watch?utm_content=DAFvHFGfaeM&amp;utm_campaign=designshare&amp;utm_medium=link&amp;utm_source=publishsharelink\"><\/a><br \/>\n&nbsp;<br \/>\n&nbsp;<br \/>\n&nbsp;<br \/>\n&nbsp;<br \/>\n&nbsp;<\/p>\n","protected":false},"author":1,"featured_media":0,"comment_status":"open","ping_status":"closed","sticky":false,"template":"","format":"standard","meta":{"_bbp_topic_count":0,"_bbp_reply_count":0,"_bbp_total_topic_count":0,"_bbp_total_reply_count":0,"_bbp_voice_count":0,"_bbp_anonymous_reply_count":0,"_bbp_topic_count_hidden":0,"_bbp_reply_count_hidden":0,"_bbp_forum_subforum_count":0,"footnotes":""},"categories":[1,4],"tags":[],"class_list":["post-1483","post","type-post","status-publish","format-standard","hentry","category-general","category-portada"],"post_mailing_queue_ids":[],"_links":{"self":[{"href":"https:\/\/agora.xtec.cat\/esc-laplana\/wp-json\/wp\/v2\/posts\/1483","targetHints":{"allow":["GET"]}}],"collection":[{"href":"https:\/\/agora.xtec.cat\/esc-laplana\/wp-json\/wp\/v2\/posts"}],"about":[{"href":"https:\/\/agora.xtec.cat\/esc-laplana\/wp-json\/wp\/v2\/types\/post"}],"author":[{"embeddable":true,"href":"https:\/\/agora.xtec.cat\/esc-laplana\/wp-json\/wp\/v2\/users\/1"}],"replies":[{"embeddable":true,"href":"https:\/\/agora.xtec.cat\/esc-laplana\/wp-json\/wp\/v2\/comments?post=1483"}],"version-history":[{"count":4,"href":"https:\/\/agora.xtec.cat\/esc-laplana\/wp-json\/wp\/v2\/posts\/1483\/revisions"}],"predecessor-version":[{"id":1488,"href":"https:\/\/agora.xtec.cat\/esc-laplana\/wp-json\/wp\/v2\/posts\/1483\/revisions\/1488"}],"wp:attachment":[{"href":"https:\/\/agora.xtec.cat\/esc-laplana\/wp-json\/wp\/v2\/media?parent=1483"}],"wp:term":[{"taxonomy":"category","embeddable":true,"href":"https:\/\/agora.xtec.cat\/esc-laplana\/wp-json\/wp\/v2\/categories?post=1483"},{"taxonomy":"post_tag","embeddable":true,"href":"https:\/\/agora.xtec.cat\/esc-laplana\/wp-json\/wp\/v2\/tags?post=1483"}],"curies":[{"name":"wp","href":"https:\/\/api.w.org\/{rel}","templated":true}]}}