{"id":1480,"date":"2023-12-20T09:00:56","date_gmt":"2023-12-20T08:00:56","guid":{"rendered":"https:\/\/agora.xtec.cat\/esc-laplana\/?p=1480"},"modified":"2023-12-21T13:59:24","modified_gmt":"2023-12-21T12:59:24","slug":"tio-de-nadal","status":"publish","type":"post","link":"https:\/\/agora.xtec.cat\/esc-laplana\/general\/tio-de-nadal\/","title":{"rendered":"Ti\u00f3 de Nadal"},"content":{"rendered":"<p>Fa uns dies va passar una cosa molt m\u00e0gica&#8230;l&#8217;Emilio ens va venir a dir que havia sentit uns sorolls a l&#8217;hort de l&#8217;escola i els nens i nenes d&#8217;Educaci\u00f3 Infantil van sortir a veure qu\u00e8 passava i&#8230;sabeu a qui van trobar?? Al Ti\u00f3 de Nadal!!! Van anar a la classe de Cicle Inicial a explicar-ho i despr\u00e9s de donar-li de menjar uns dies per fi ahir el vam fer cagar!!<\/p>\n<p><strong>Feu clic a sobre de la imatge per veure algunes fotografies.<\/strong><\/p>\n<p><a href=\"https:\/\/drive.google.com\/drive\/folders\/1q9J_Vi7o9f0b7LGQ68Oza3twegS8q6Aa?usp=sharing\"><img loading=\"lazy\" decoding=\"async\" class=\"alignnone wp-image-1481\" src=\"https:\/\/agora.xtec.cat\/esc-laplana\/wp-content\/uploads\/usu2664\/2023\/12\/20231220_090946-1-1024x768.jpg\" alt=\"\" width=\"504\" height=\"378\" srcset=\"https:\/\/agora.xtec.cat\/esc-laplana\/wp-content\/uploads\/usu2664\/2023\/12\/20231220_090946-1-1024x768.jpg 1024w, https:\/\/agora.xtec.cat\/esc-laplana\/wp-content\/uploads\/usu2664\/2023\/12\/20231220_090946-1-300x225.jpg 300w, https:\/\/agora.xtec.cat\/esc-laplana\/wp-content\/uploads\/usu2664\/2023\/12\/20231220_090946-1-768x576.jpg 768w, https:\/\/agora.xtec.cat\/esc-laplana\/wp-content\/uploads\/usu2664\/2023\/12\/20231220_090946-1-1536x1152.jpg 1536w, https:\/\/agora.xtec.cat\/esc-laplana\/wp-content\/uploads\/usu2664\/2023\/12\/20231220_090946-1-2048x1536.jpg 2048w, https:\/\/agora.xtec.cat\/esc-laplana\/wp-content\/uploads\/usu2664\/2023\/12\/20231220_090946-1-200x150.jpg 200w\" sizes=\"auto, (max-width: 504px) 100vw, 504px\" \/><\/a><\/p>\n","protected":false},"excerpt":{"rendered":"<p>Fa uns dies va passar una cosa molt m\u00e0gica&#8230;l&#8217;Emilio ens va venir a dir que havia sentit uns sorolls a l&#8217;hort de l&#8217;escola i els nens i nenes d&#8217;Educaci\u00f3 Infantil van sortir a veure qu\u00e8 passava i&#8230;sabeu a qui van trobar?? Al Ti\u00f3 de Nadal!!!&hellip;  <a href=\"https:\/\/agora.xtec.cat\/esc-laplana\/general\/tio-de-nadal\/\" title=\"Read Ti\u00f3 de Nadal\">Llegeix m\u00e9s\u00bb<\/a><\/p>\n","protected":false},"author":1,"featured_media":0,"comment_status":"open","ping_status":"closed","sticky":false,"template":"","format":"standard","meta":{"_bbp_topic_count":0,"_bbp_reply_count":0,"_bbp_total_topic_count":0,"_bbp_total_reply_count":0,"_bbp_voice_count":0,"_bbp_anonymous_reply_count":0,"_bbp_topic_count_hidden":0,"_bbp_reply_count_hidden":0,"_bbp_forum_subforum_count":0,"footnotes":""},"categories":[62,8,9,10,1,3,4],"tags":[],"class_list":["post-1480","post","type-post","status-publish","format-standard","hentry","category-i5-promo-22-30","category-1r-promo-21-29","category-2n-promo-20-28","category-3r-promo-19-27","category-general","category-i4-promo-23-31","category-portada"],"post_mailing_queue_ids":[],"_links":{"self":[{"href":"https:\/\/agora.xtec.cat\/esc-laplana\/wp-json\/wp\/v2\/posts\/1480","targetHints":{"allow":["GET"]}}],"collection":[{"href":"https:\/\/agora.xtec.cat\/esc-laplana\/wp-json\/wp\/v2\/posts"}],"about":[{"href":"https:\/\/agora.xtec.cat\/esc-laplana\/wp-json\/wp\/v2\/types\/post"}],"author":[{"embeddable":true,"href":"https:\/\/agora.xtec.cat\/esc-laplana\/wp-json\/wp\/v2\/users\/1"}],"replies":[{"embeddable":true,"href":"https:\/\/agora.xtec.cat\/esc-laplana\/wp-json\/wp\/v2\/comments?post=1480"}],"version-history":[{"count":1,"href":"https:\/\/agora.xtec.cat\/esc-laplana\/wp-json\/wp\/v2\/posts\/1480\/revisions"}],"predecessor-version":[{"id":1482,"href":"https:\/\/agora.xtec.cat\/esc-laplana\/wp-json\/wp\/v2\/posts\/1480\/revisions\/1482"}],"wp:attachment":[{"href":"https:\/\/agora.xtec.cat\/esc-laplana\/wp-json\/wp\/v2\/media?parent=1480"}],"wp:term":[{"taxonomy":"category","embeddable":true,"href":"https:\/\/agora.xtec.cat\/esc-laplana\/wp-json\/wp\/v2\/categories?post=1480"},{"taxonomy":"post_tag","embeddable":true,"href":"https:\/\/agora.xtec.cat\/esc-laplana\/wp-json\/wp\/v2\/tags?post=1480"}],"curies":[{"name":"wp","href":"https:\/\/api.w.org\/{rel}","templated":true}]}}