{"id":1460,"date":"2023-12-14T12:19:15","date_gmt":"2023-12-14T11:19:15","guid":{"rendered":"https:\/\/agora.xtec.cat\/esc-laplana\/?p=1460"},"modified":"2023-12-14T12:20:59","modified_gmt":"2023-12-14T11:20:59","slug":"laura-i-joan","status":"publish","type":"post","link":"https:\/\/agora.xtec.cat\/esc-laplana\/general\/laura-i-joan\/","title":{"rendered":"Laura i Joan"},"content":{"rendered":"<p>El dimecres 13 ens han visitat la Laura i en Joan. S\u00f3n dos nens periodistes que s&#8217;han especialitzat en ci\u00e8ncia. Ens han explicat que van con\u00e8ixer cient\u00edfics i aquests els hi van ensenyar coses importants del m\u00e8tode cient\u00edfic.<\/p>\n<p>Nosaltres a classe, amb la Laura i en Joan, hem treballat la import\u00e0ncia de la nanoci\u00e8ncia i l&#8217;observaci\u00f3 amb microscopi.<\/p>\n<p>Aquesta activitat ve donada per un conte que estem llegint a classe.<\/p>\n<p>Podeu veure les fotos de l&#8217;activitat en <a href=\"https:\/\/drive.google.com\/drive\/folders\/1ZUx0Ux6oQSVOaPiuCmxm91m4Xlju1Wpu\">aquest enlla\u00e7<\/a><\/p>\n<p><a href=\"https:\/\/agora.xtec.cat\/esc-laplana\/wp-content\/uploads\/usu2664\/2023\/12\/IMG-20231213-WA0000.jpg\"><img loading=\"lazy\" decoding=\"async\" class=\"alignnone size-large wp-image-1461\" src=\"https:\/\/agora.xtec.cat\/esc-laplana\/wp-content\/uploads\/usu2664\/2023\/12\/IMG-20231213-WA0000-1024x975.jpg\" alt=\"\" width=\"1024\" height=\"975\" srcset=\"https:\/\/agora.xtec.cat\/esc-laplana\/wp-content\/uploads\/usu2664\/2023\/12\/IMG-20231213-WA0000-1024x975.jpg 1024w, https:\/\/agora.xtec.cat\/esc-laplana\/wp-content\/uploads\/usu2664\/2023\/12\/IMG-20231213-WA0000-300x286.jpg 300w, https:\/\/agora.xtec.cat\/esc-laplana\/wp-content\/uploads\/usu2664\/2023\/12\/IMG-20231213-WA0000-768x731.jpg 768w, https:\/\/agora.xtec.cat\/esc-laplana\/wp-content\/uploads\/usu2664\/2023\/12\/IMG-20231213-WA0000.jpg 1039w\" sizes=\"auto, (max-width: 1024px) 100vw, 1024px\" \/><\/a><\/p>\n","protected":false},"excerpt":{"rendered":"<p>El dimecres 13 ens han visitat la Laura i en Joan. S\u00f3n dos nens periodistes que s&#8217;han especialitzat en ci\u00e8ncia. Ens han explicat que van con\u00e8ixer cient\u00edfics i aquests els hi van ensenyar coses importants del m\u00e8tode cient\u00edfic.<br \/>\nNosaltres a classe, amb la Laura i en&hellip;  <a href=\"https:\/\/agora.xtec.cat\/esc-laplana\/general\/laura-i-joan\/\" title=\"Read Laura i Joan\">Llegeix m\u00e9s\u00bb<\/a><\/p>\n","protected":false},"author":3,"featured_media":0,"comment_status":"open","ping_status":"closed","sticky":false,"template":"","format":"standard","meta":{"_bbp_topic_count":0,"_bbp_reply_count":0,"_bbp_total_topic_count":0,"_bbp_total_reply_count":0,"_bbp_voice_count":0,"_bbp_anonymous_reply_count":0,"_bbp_topic_count_hidden":0,"_bbp_reply_count_hidden":0,"_bbp_forum_subforum_count":0,"footnotes":""},"categories":[1,4,5],"tags":[],"class_list":["post-1460","post","type-post","status-publish","format-standard","hentry","category-general","category-portada","category-primaria"],"post_mailing_queue_ids":[],"_links":{"self":[{"href":"https:\/\/agora.xtec.cat\/esc-laplana\/wp-json\/wp\/v2\/posts\/1460","targetHints":{"allow":["GET"]}}],"collection":[{"href":"https:\/\/agora.xtec.cat\/esc-laplana\/wp-json\/wp\/v2\/posts"}],"about":[{"href":"https:\/\/agora.xtec.cat\/esc-laplana\/wp-json\/wp\/v2\/types\/post"}],"author":[{"embeddable":true,"href":"https:\/\/agora.xtec.cat\/esc-laplana\/wp-json\/wp\/v2\/users\/3"}],"replies":[{"embeddable":true,"href":"https:\/\/agora.xtec.cat\/esc-laplana\/wp-json\/wp\/v2\/comments?post=1460"}],"version-history":[{"count":1,"href":"https:\/\/agora.xtec.cat\/esc-laplana\/wp-json\/wp\/v2\/posts\/1460\/revisions"}],"predecessor-version":[{"id":1462,"href":"https:\/\/agora.xtec.cat\/esc-laplana\/wp-json\/wp\/v2\/posts\/1460\/revisions\/1462"}],"wp:attachment":[{"href":"https:\/\/agora.xtec.cat\/esc-laplana\/wp-json\/wp\/v2\/media?parent=1460"}],"wp:term":[{"taxonomy":"category","embeddable":true,"href":"https:\/\/agora.xtec.cat\/esc-laplana\/wp-json\/wp\/v2\/categories?post=1460"},{"taxonomy":"post_tag","embeddable":true,"href":"https:\/\/agora.xtec.cat\/esc-laplana\/wp-json\/wp\/v2\/tags?post=1460"}],"curies":[{"name":"wp","href":"https:\/\/api.w.org\/{rel}","templated":true}]}}