{"id":1434,"date":"2023-11-26T14:37:16","date_gmt":"2023-11-26T13:37:16","guid":{"rendered":"https:\/\/agora.xtec.cat\/esc-laplana\/?p=1434"},"modified":"2023-12-03T20:29:46","modified_gmt":"2023-12-03T19:29:46","slug":"celebrem-el-dia-de-santa-cecilia","status":"publish","type":"post","link":"https:\/\/agora.xtec.cat\/esc-laplana\/general\/celebrem-el-dia-de-santa-cecilia\/","title":{"rendered":"Celebrem el dia de Santa Cec\u00edlia"},"content":{"rendered":"<p>El passat dimecres dia 22 vam celebrar a l&#8217;escola la Festa de Santa Cec\u00edlia, patrona dels m\u00fasics i la m\u00fasica.<\/p>\n<p>Els alumnes de l&#8217;escola van oferir una actuaci\u00f3 que girava sobre el tema &#8220;La Cec\u00edlia se&#8217;n va a la granja&#8221;.<\/p>\n<p>Aquest fou el programa de l&#8217;actuaci\u00f3:<\/p>\n<ul>\n<li>Els alumnes d&#8217;infantil van preparar una can\u00e7oneta en angl\u00e8s sobre els sons dels animals, tot preparant-se unes corones amb l&#8217;animal que representaven<\/li>\n<li>Els alumnes de cicle inicial van cantar i tocar amb el xil\u00f2fon la can\u00e7\u00f3 &#8220;Do, re, mi al jard\u00ed&#8221;.<\/li>\n<li>Els alumnes de cicle mitj\u00e0 van cantar la can\u00e7\u00f3 &#8220;Mireu els meus \u00e0necs&#8221;.<\/li>\n<li>Els alumnes de cicle superior van cantar i tocar la can\u00e7\u00f3 popular de les Illes Balears &#8220;Jo n&#8217;he vist un moix&#8221;.<\/li>\n<li>Finalment es feu una can\u00e7\u00f3 conjunta amb l&#8217;acompanyament dels alumnes de cicle superior: &#8220;Tenia un gall&#8221;.<\/li>\n<\/ul>\n<p>Cal felicitar-los a tots\/es plegats\/des per l&#8217;esfor\u00e7 i il\u00b7lusi\u00f3 mostrats en les actuacions!<\/p>\n<p><strong>(Per veure les actuacions feu clic a sobre la presentaci\u00f3)<\/strong><\/p>\n<p style=\"text-align: center;\"><a href=\"https:\/\/www.canva.com\/design\/DAFzqkNe-zE\/0HtKbs6buRBigY-ysUi19Q\/view?utm_content=DAFzqkNe-zE&amp;utm_campaign=designshare&amp;utm_medium=link&amp;utm_source=editor\"><img loading=\"lazy\" decoding=\"async\" class=\"alignnone size-large wp-image-1435\" src=\"https:\/\/agora.xtec.cat\/esc-laplana\/wp-content\/uploads\/usu2664\/2023\/11\/Captura-de-pantalla-2023-11-26-a-les-14.32.50-1024x577.jpg\" alt=\"\" width=\"1024\" height=\"577\" srcset=\"https:\/\/agora.xtec.cat\/esc-laplana\/wp-content\/uploads\/usu2664\/2023\/11\/Captura-de-pantalla-2023-11-26-a-les-14.32.50-1024x577.jpg 1024w, https:\/\/agora.xtec.cat\/esc-laplana\/wp-content\/uploads\/usu2664\/2023\/11\/Captura-de-pantalla-2023-11-26-a-les-14.32.50-300x169.jpg 300w, https:\/\/agora.xtec.cat\/esc-laplana\/wp-content\/uploads\/usu2664\/2023\/11\/Captura-de-pantalla-2023-11-26-a-les-14.32.50-768x433.jpg 768w, https:\/\/agora.xtec.cat\/esc-laplana\/wp-content\/uploads\/usu2664\/2023\/11\/Captura-de-pantalla-2023-11-26-a-les-14.32.50-1536x866.jpg 1536w, https:\/\/agora.xtec.cat\/esc-laplana\/wp-content\/uploads\/usu2664\/2023\/11\/Captura-de-pantalla-2023-11-26-a-les-14.32.50-2048x1155.jpg 2048w\" sizes=\"auto, (max-width: 1024px) 100vw, 1024px\" \/><\/a><\/p>\n","protected":false},"excerpt":{"rendered":"<p>El passat dimecres dia 22 vam celebrar a l&#8217;escola la Festa de Santa Cec\u00edlia, patrona dels m\u00fasics i la m\u00fasica.<br \/>\nEls alumnes de l&#8217;escola van oferir una actuaci\u00f3 que girava sobre el tema &#8220;La Cec\u00edlia se&#8217;n va a la granja&#8221;.<br \/>\nAquest fou el programa de l&#8217;actuaci\u00f3:<\/p>\n<ul>\n<li>Els alumnes&hellip;  <a href=\"https:\/\/agora.xtec.cat\/esc-laplana\/general\/celebrem-el-dia-de-santa-cecilia\/\" title=\"Read Celebrem el dia de Santa Cec\u00edlia\">Llegeix m\u00e9s\u00bb<\/a><br \/>\n","protected":false},"author":1,"featured_media":0,"comment_status":"open","ping_status":"closed","sticky":false,"template":"","format":"standard","meta":{"_bbp_topic_count":0,"_bbp_reply_count":0,"_bbp_total_topic_count":0,"_bbp_total_reply_count":0,"_bbp_voice_count":0,"_bbp_anonymous_reply_count":0,"_bbp_topic_count_hidden":0,"_bbp_reply_count_hidden":0,"_bbp_forum_subforum_count":0,"footnotes":""},"categories":[1,4],"tags":[],"class_list":["post-1434","post","type-post","status-publish","format-standard","hentry","category-general","category-portada"],"post_mailing_queue_ids":[],"_links":{"self":[{"href":"https:\/\/agora.xtec.cat\/esc-laplana\/wp-json\/wp\/v2\/posts\/1434","targetHints":{"allow":["GET"]}}],"collection":[{"href":"https:\/\/agora.xtec.cat\/esc-laplana\/wp-json\/wp\/v2\/posts"}],"about":[{"href":"https:\/\/agora.xtec.cat\/esc-laplana\/wp-json\/wp\/v2\/types\/post"}],"author":[{"embeddable":true,"href":"https:\/\/agora.xtec.cat\/esc-laplana\/wp-json\/wp\/v2\/users\/1"}],"replies":[{"embeddable":true,"href":"https:\/\/agora.xtec.cat\/esc-laplana\/wp-json\/wp\/v2\/comments?post=1434"}],"version-history":[{"count":6,"href":"https:\/\/agora.xtec.cat\/esc-laplana\/wp-json\/wp\/v2\/posts\/1434\/revisions"}],"predecessor-version":[{"id":1447,"href":"https:\/\/agora.xtec.cat\/esc-laplana\/wp-json\/wp\/v2\/posts\/1434\/revisions\/1447"}],"wp:attachment":[{"href":"https:\/\/agora.xtec.cat\/esc-laplana\/wp-json\/wp\/v2\/media?parent=1434"}],"wp:term":[{"taxonomy":"category","embeddable":true,"href":"https:\/\/agora.xtec.cat\/esc-laplana\/wp-json\/wp\/v2\/categories?post=1434"},{"taxonomy":"post_tag","embeddable":true,"href":"https:\/\/agora.xtec.cat\/esc-laplana\/wp-json\/wp\/v2\/tags?post=1434"}],"curies":[{"name":"wp","href":"https:\/\/api.w.org\/{rel}","templated":true}]}}