{"id":1429,"date":"2023-11-22T12:25:02","date_gmt":"2023-11-22T11:25:02","guid":{"rendered":"https:\/\/agora.xtec.cat\/esc-laplana\/?p=1429"},"modified":"2023-11-22T12:36:42","modified_gmt":"2023-11-22T11:36:42","slug":"la-sequia-major","status":"publish","type":"post","link":"https:\/\/agora.xtec.cat\/esc-laplana\/portada\/la-sequia-major\/","title":{"rendered":"La S\u00e9quia Major"},"content":{"rendered":"<p>El dia 16 de novembre els nens i nenes de Cicle Mitj\u00e0 vam anar la S\u00e9quia Major. Aquesta sortida es troba dins del pla educatiu d&#8217;entorn de l&#8217;ajuntament de Vila-seca. Ens van explicar perqu\u00e8 es va fer la S\u00e9quia i tots els animal que podem trobar. Despr\u00e9s de molt observar la nostra const\u00e0ncia va donar el seu fruit i v\u00e0rem veure cormorans i polles d&#8217;aigua. Despr\u00e9s d&#8217;aix\u00f2, passejant i observant plantes aut\u00f2ctones ens va sorprendre un esquelet de serp on molt a prop tenia una closca de tortuga buida. El mat\u00ed ens va agradar molt, sent for\u00e7a interessant.<\/p>\n<p><strong>(Per veure les imatges feu clic a sobre de la foto)<\/strong><\/p>\n<p><a href=\"https:\/\/drive.google.com\/drive\/folders\/11Ezyoy2yRgJRYdtOTnEIHZN9jjF9k8U-\"><img loading=\"lazy\" decoding=\"async\" class=\"alignnone wp-image-1431\" src=\"https:\/\/agora.xtec.cat\/esc-laplana\/wp-content\/uploads\/usu2664\/2023\/11\/IMG_1144-1-1024x768.jpg\" alt=\"\" width=\"707\" height=\"530\" srcset=\"https:\/\/agora.xtec.cat\/esc-laplana\/wp-content\/uploads\/usu2664\/2023\/11\/IMG_1144-1-1024x768.jpg 1024w, https:\/\/agora.xtec.cat\/esc-laplana\/wp-content\/uploads\/usu2664\/2023\/11\/IMG_1144-1-300x225.jpg 300w, https:\/\/agora.xtec.cat\/esc-laplana\/wp-content\/uploads\/usu2664\/2023\/11\/IMG_1144-1-768x576.jpg 768w, https:\/\/agora.xtec.cat\/esc-laplana\/wp-content\/uploads\/usu2664\/2023\/11\/IMG_1144-1-1536x1152.jpg 1536w, https:\/\/agora.xtec.cat\/esc-laplana\/wp-content\/uploads\/usu2664\/2023\/11\/IMG_1144-1-2048x1536.jpg 2048w, https:\/\/agora.xtec.cat\/esc-laplana\/wp-content\/uploads\/usu2664\/2023\/11\/IMG_1144-1-200x150.jpg 200w\" sizes=\"auto, (max-width: 707px) 100vw, 707px\" \/><\/a><\/p>\n","protected":false},"excerpt":{"rendered":"<p>El dia 16 de novembre els nens i nenes de Cicle Mitj\u00e0 vam anar la S\u00e9quia Major. Aquesta sortida es troba dins del pla educatiu d&#8217;entorn de l&#8217;ajuntament de Vila-seca. Ens van explicar perqu\u00e8 es va fer la S\u00e9quia i tots els animal que podem&hellip;  <a href=\"https:\/\/agora.xtec.cat\/esc-laplana\/portada\/la-sequia-major\/\" title=\"Read La S\u00e9quia Major\">Llegeix m\u00e9s\u00bb<\/a><\/p>\n","protected":false},"author":3,"featured_media":0,"comment_status":"open","ping_status":"closed","sticky":false,"template":"","format":"standard","meta":{"_bbp_topic_count":0,"_bbp_reply_count":0,"_bbp_total_topic_count":0,"_bbp_total_reply_count":0,"_bbp_voice_count":0,"_bbp_anonymous_reply_count":0,"_bbp_topic_count_hidden":0,"_bbp_reply_count_hidden":0,"_bbp_forum_subforum_count":0,"footnotes":""},"categories":[4,5],"tags":[16],"class_list":["post-1429","post","type-post","status-publish","format-standard","hentry","category-portada","category-primaria","tag-sortides"],"post_mailing_queue_ids":[],"_links":{"self":[{"href":"https:\/\/agora.xtec.cat\/esc-laplana\/wp-json\/wp\/v2\/posts\/1429","targetHints":{"allow":["GET"]}}],"collection":[{"href":"https:\/\/agora.xtec.cat\/esc-laplana\/wp-json\/wp\/v2\/posts"}],"about":[{"href":"https:\/\/agora.xtec.cat\/esc-laplana\/wp-json\/wp\/v2\/types\/post"}],"author":[{"embeddable":true,"href":"https:\/\/agora.xtec.cat\/esc-laplana\/wp-json\/wp\/v2\/users\/3"}],"replies":[{"embeddable":true,"href":"https:\/\/agora.xtec.cat\/esc-laplana\/wp-json\/wp\/v2\/comments?post=1429"}],"version-history":[{"count":3,"href":"https:\/\/agora.xtec.cat\/esc-laplana\/wp-json\/wp\/v2\/posts\/1429\/revisions"}],"predecessor-version":[{"id":1433,"href":"https:\/\/agora.xtec.cat\/esc-laplana\/wp-json\/wp\/v2\/posts\/1429\/revisions\/1433"}],"wp:attachment":[{"href":"https:\/\/agora.xtec.cat\/esc-laplana\/wp-json\/wp\/v2\/media?parent=1429"}],"wp:term":[{"taxonomy":"category","embeddable":true,"href":"https:\/\/agora.xtec.cat\/esc-laplana\/wp-json\/wp\/v2\/categories?post=1429"},{"taxonomy":"post_tag","embeddable":true,"href":"https:\/\/agora.xtec.cat\/esc-laplana\/wp-json\/wp\/v2\/tags?post=1429"}],"curies":[{"name":"wp","href":"https:\/\/api.w.org\/{rel}","templated":true}]}}