{"id":1411,"date":"2023-11-15T23:28:42","date_gmt":"2023-11-15T22:28:42","guid":{"rendered":"https:\/\/agora.xtec.cat\/esc-laplana\/?p=1411"},"modified":"2023-11-15T23:28:42","modified_gmt":"2023-11-15T22:28:42","slug":"ballem-per-la-castanyada","status":"publish","type":"post","link":"https:\/\/agora.xtec.cat\/esc-laplana\/general\/ballem-per-la-castanyada\/","title":{"rendered":"Ballem per la Castanyada!"},"content":{"rendered":"<p>El dia 31 d&#8217;octubre vam acabar l&#8217;escola amb una gran festa de la Castanyada! El nostre castanyer Emilio amb l&#8217;ajuda de la castanyera Puchi que va baixar de la muntanya, ens van torrar les castanyes mentre ballavem les coreografies que haviem preparat a M\u00fasica i Angl\u00e8s per l&#8217;ocasi\u00f3!<\/p>\n<p>Vam acabar la festa amb una dansa conjunta i ho vam passar molt i molt b\u00e9.<\/p>\n<p>Moltes gr\u00e0cies a l&#8217;AFA de l&#8217;escola pels sucs que ens va donar, a l&#8217;Ajuntament per ajudar-nos a celebrar aquesta festa i a les fam\u00edlies que no us vau voler perdre aquesta celebraci\u00f3.<\/p>\n<p><strong>\u00a0BALL D&#8217;EDUCACI\u00d3 INFANTIL<\/strong><br \/>\n<iframe loading=\"lazy\" src=\"https:\/\/drive.google.com\/file\/d\/1wlpCc4et3Xv0NA75yGU-SezPXII4r6fZ\/preview\" width=\"640\" height=\"480\"><\/iframe><\/p>\n<p><strong>\u00a0BALL DE CICLE INICIAL<\/strong><br \/>\n<iframe loading=\"lazy\" src=\"https:\/\/drive.google.com\/file\/d\/1me-8yo5kBSUQeBmRDfv1n8Y5EuYLLYx1\/preview\" width=\"640\" height=\"480\"><\/iframe><br \/>\n<strong>\u00a0<\/strong><\/p>\n<p><strong>BALL DE CICLE MITJ\u00c0<\/strong><br \/>\n<iframe loading=\"lazy\" src=\"https:\/\/drive.google.com\/file\/d\/1mDMoiMVHnIKL_ppboauj6507VfpJX0bB\/preview\" width=\"640\" height=\"480\"><\/iframe><\/p>\n<p><strong>BALL DE CICLE SUPERIOR<\/strong><\/p>\n<p><iframe loading=\"lazy\" src=\"https:\/\/drive.google.com\/file\/d\/1m8O7MgSvnvcZ5OkF5t8A5ohBuwMnbAT9\/preview\" width=\"640\" height=\"480\"><\/iframe><\/p>\n<p><strong>DANSA CONJUNTA<\/strong><\/p>\n<p><iframe loading=\"lazy\" src=\"https:\/\/drive.google.com\/file\/d\/1Tf9RuSAPZY-HjeUKqGx6Sh7m46aPV9zk\/preview\" width=\"640\" height=\"480\"><\/iframe><\/p>\n","protected":false},"excerpt":{"rendered":"<p>El dia 31 d&#8217;octubre vam acabar l&#8217;escola amb una gran festa de la Castanyada! El nostre castanyer Emilio amb l&#8217;ajuda de la castanyera Puchi que va baixar de la muntanya, ens van torrar les castanyes mentre ballavem les coreografies que haviem preparat a M\u00fasica i&hellip;  <a href=\"https:\/\/agora.xtec.cat\/esc-laplana\/general\/ballem-per-la-castanyada\/\" title=\"Read Ballem per la Castanyada!\">Llegeix m\u00e9s\u00bb<\/a><\/p>\n","protected":false},"author":1,"featured_media":0,"comment_status":"open","ping_status":"closed","sticky":false,"template":"","format":"standard","meta":{"_bbp_topic_count":0,"_bbp_reply_count":0,"_bbp_total_topic_count":0,"_bbp_total_reply_count":0,"_bbp_voice_count":0,"_bbp_anonymous_reply_count":0,"_bbp_topic_count_hidden":0,"_bbp_reply_count_hidden":0,"_bbp_forum_subforum_count":0,"footnotes":""},"categories":[1,4],"tags":[],"class_list":["post-1411","post","type-post","status-publish","format-standard","hentry","category-general","category-portada"],"post_mailing_queue_ids":[],"_links":{"self":[{"href":"https:\/\/agora.xtec.cat\/esc-laplana\/wp-json\/wp\/v2\/posts\/1411","targetHints":{"allow":["GET"]}}],"collection":[{"href":"https:\/\/agora.xtec.cat\/esc-laplana\/wp-json\/wp\/v2\/posts"}],"about":[{"href":"https:\/\/agora.xtec.cat\/esc-laplana\/wp-json\/wp\/v2\/types\/post"}],"author":[{"embeddable":true,"href":"https:\/\/agora.xtec.cat\/esc-laplana\/wp-json\/wp\/v2\/users\/1"}],"replies":[{"embeddable":true,"href":"https:\/\/agora.xtec.cat\/esc-laplana\/wp-json\/wp\/v2\/comments?post=1411"}],"version-history":[{"count":1,"href":"https:\/\/agora.xtec.cat\/esc-laplana\/wp-json\/wp\/v2\/posts\/1411\/revisions"}],"predecessor-version":[{"id":1412,"href":"https:\/\/agora.xtec.cat\/esc-laplana\/wp-json\/wp\/v2\/posts\/1411\/revisions\/1412"}],"wp:attachment":[{"href":"https:\/\/agora.xtec.cat\/esc-laplana\/wp-json\/wp\/v2\/media?parent=1411"}],"wp:term":[{"taxonomy":"category","embeddable":true,"href":"https:\/\/agora.xtec.cat\/esc-laplana\/wp-json\/wp\/v2\/categories?post=1411"},{"taxonomy":"post_tag","embeddable":true,"href":"https:\/\/agora.xtec.cat\/esc-laplana\/wp-json\/wp\/v2\/tags?post=1411"}],"curies":[{"name":"wp","href":"https:\/\/api.w.org\/{rel}","templated":true}]}}