{"id":1408,"date":"2023-11-15T22:25:33","date_gmt":"2023-11-15T21:25:33","guid":{"rendered":"https:\/\/agora.xtec.cat\/esc-laplana\/?p=1408"},"modified":"2023-11-15T22:25:33","modified_gmt":"2023-11-15T21:25:33","slug":"exposicio-de-la-tardor","status":"publish","type":"post","link":"https:\/\/agora.xtec.cat\/esc-laplana\/general\/exposicio-de-la-tardor\/","title":{"rendered":"EXPOSICI\u00d3 DE LA TARDOR"},"content":{"rendered":"<p>Voleu veure la <strong>Exposici\u00f3 de la Tardor<\/strong> i no vau poder venir? Doncs no patiu, us hem preparat un petit v\u00eddeo perqu\u00e8 veieu totes les obres d&#8217;art que van preparat els nens i les nenes amb les seves fam\u00edlies. Ha quedat una exposici\u00f3 de la tardor amb material reciclat espectacular!!! Molt\u00edssimes gr\u00e0cies per col.laborar!<\/p>\n<p><iframe loading=\"lazy\" src=\"https:\/\/drive.google.com\/file\/d\/1fm8P1H9c9PKbSwHkjt2vCxeqYc_YERoc\/preview\" width=\"640\" height=\"480\"><\/iframe><\/p>\n","protected":false},"excerpt":{"rendered":"<p>Voleu veure la Exposici\u00f3 de la Tardor i no vau poder venir? Doncs no patiu, us hem preparat un petit v\u00eddeo perqu\u00e8 veieu totes les obres d&#8217;art que van preparat els nens i les nenes amb les seves fam\u00edlies. Ha quedat una exposici\u00f3 de la&hellip;  <a href=\"https:\/\/agora.xtec.cat\/esc-laplana\/general\/exposicio-de-la-tardor\/\" title=\"Read EXPOSICI\u00d3 DE LA TARDOR\">Llegeix m\u00e9s\u00bb<\/a><\/p>\n","protected":false},"author":1,"featured_media":0,"comment_status":"open","ping_status":"closed","sticky":false,"template":"","format":"standard","meta":{"_bbp_topic_count":0,"_bbp_reply_count":0,"_bbp_total_topic_count":0,"_bbp_total_reply_count":0,"_bbp_voice_count":0,"_bbp_anonymous_reply_count":0,"_bbp_topic_count_hidden":0,"_bbp_reply_count_hidden":0,"_bbp_forum_subforum_count":0,"footnotes":""},"categories":[1,4],"tags":[],"class_list":["post-1408","post","type-post","status-publish","format-standard","hentry","category-general","category-portada"],"post_mailing_queue_ids":[],"_links":{"self":[{"href":"https:\/\/agora.xtec.cat\/esc-laplana\/wp-json\/wp\/v2\/posts\/1408","targetHints":{"allow":["GET"]}}],"collection":[{"href":"https:\/\/agora.xtec.cat\/esc-laplana\/wp-json\/wp\/v2\/posts"}],"about":[{"href":"https:\/\/agora.xtec.cat\/esc-laplana\/wp-json\/wp\/v2\/types\/post"}],"author":[{"embeddable":true,"href":"https:\/\/agora.xtec.cat\/esc-laplana\/wp-json\/wp\/v2\/users\/1"}],"replies":[{"embeddable":true,"href":"https:\/\/agora.xtec.cat\/esc-laplana\/wp-json\/wp\/v2\/comments?post=1408"}],"version-history":[{"count":1,"href":"https:\/\/agora.xtec.cat\/esc-laplana\/wp-json\/wp\/v2\/posts\/1408\/revisions"}],"predecessor-version":[{"id":1409,"href":"https:\/\/agora.xtec.cat\/esc-laplana\/wp-json\/wp\/v2\/posts\/1408\/revisions\/1409"}],"wp:attachment":[{"href":"https:\/\/agora.xtec.cat\/esc-laplana\/wp-json\/wp\/v2\/media?parent=1408"}],"wp:term":[{"taxonomy":"category","embeddable":true,"href":"https:\/\/agora.xtec.cat\/esc-laplana\/wp-json\/wp\/v2\/categories?post=1408"},{"taxonomy":"post_tag","embeddable":true,"href":"https:\/\/agora.xtec.cat\/esc-laplana\/wp-json\/wp\/v2\/tags?post=1408"}],"curies":[{"name":"wp","href":"https:\/\/api.w.org\/{rel}","templated":true}]}}