{"id":1396,"date":"2023-11-07T13:57:50","date_gmt":"2023-11-07T12:57:50","guid":{"rendered":"https:\/\/agora.xtec.cat\/esc-laplana\/?p=1396"},"modified":"2023-11-07T13:57:50","modified_gmt":"2023-11-07T12:57:50","slug":"ed-infantil-i-cicle-inicial-anem-a-mas-miro","status":"publish","type":"post","link":"https:\/\/agora.xtec.cat\/esc-laplana\/general\/ed-infantil-i-cicle-inicial-anem-a-mas-miro\/","title":{"rendered":"Ed.Infantil i Cicle inicial anem a Mas Mir\u00f3"},"content":{"rendered":"<p style=\"text-align: justify;\">El passat divendres 27 d&#8217;octubre l&#8217;alumnat d&#8217;Educaci\u00f3 Infantil i de Cicle Inicial vam anar a Mont-roig del Camp per con\u00e9ixer on passava els estius l&#8217;artista Joan Mir\u00f3. Vam visitar la masia, vam explorar l&#8217;entorn de la casa i vam crear un dibuix amb fang i elements naturals.<\/p>\n<p style=\"text-align: justify;\">Va ser una sortida molt interessant i ens ho vam passar molt b\u00e9.<\/p>\n<p style=\"text-align: justify;\"><strong>Si voleu veure fotografies de tot el que vam fer, feu clic a sobre la imatge.<\/strong><\/p>\n<p style=\"text-align: justify;\"><strong>\u00a0<a href=\"https:\/\/drive.google.com\/drive\/folders\/1sgxtMr5ZsvhpICQSzFeo45cvFsUfE3PH?usp=sharing\"><img loading=\"lazy\" decoding=\"async\" class=\"alignnone wp-image-1398 \" src=\"https:\/\/agora.xtec.cat\/esc-laplana\/wp-content\/uploads\/usu2664\/2023\/11\/20231027_131540-1-1024x576.jpg\" alt=\"\" width=\"596\" height=\"335\" srcset=\"https:\/\/agora.xtec.cat\/esc-laplana\/wp-content\/uploads\/usu2664\/2023\/11\/20231027_131540-1-1024x576.jpg 1024w, https:\/\/agora.xtec.cat\/esc-laplana\/wp-content\/uploads\/usu2664\/2023\/11\/20231027_131540-1-300x169.jpg 300w, https:\/\/agora.xtec.cat\/esc-laplana\/wp-content\/uploads\/usu2664\/2023\/11\/20231027_131540-1-768x432.jpg 768w, https:\/\/agora.xtec.cat\/esc-laplana\/wp-content\/uploads\/usu2664\/2023\/11\/20231027_131540-1-1536x864.jpg 1536w, https:\/\/agora.xtec.cat\/esc-laplana\/wp-content\/uploads\/usu2664\/2023\/11\/20231027_131540-1-2048x1152.jpg 2048w\" sizes=\"auto, (max-width: 596px) 100vw, 596px\" \/><\/a><\/strong><\/p>\n","protected":false},"excerpt":{"rendered":"<p>El passat divendres 27 d&#8217;octubre l&#8217;alumnat d&#8217;Educaci\u00f3 Infantil i de Cicle Inicial vam anar a Mont-roig del Camp per con\u00e9ixer on passava els estius l&#8217;artista Joan Mir\u00f3. Vam visitar la masia, vam explorar l&#8217;entorn de la casa i vam crear un dibuix amb fang i&hellip;  <a href=\"https:\/\/agora.xtec.cat\/esc-laplana\/general\/ed-infantil-i-cicle-inicial-anem-a-mas-miro\/\" title=\"Read Ed.Infantil i Cicle inicial anem a Mas Mir\u00f3\">Llegeix m\u00e9s\u00bb<\/a><\/p>\n","protected":false},"author":1,"featured_media":0,"comment_status":"open","ping_status":"closed","sticky":false,"template":"","format":"standard","meta":{"_bbp_topic_count":0,"_bbp_reply_count":0,"_bbp_total_topic_count":0,"_bbp_total_reply_count":0,"_bbp_voice_count":0,"_bbp_anonymous_reply_count":0,"_bbp_topic_count_hidden":0,"_bbp_reply_count_hidden":0,"_bbp_forum_subforum_count":0,"footnotes":""},"categories":[62,8,9,10,1,3,4],"tags":[],"class_list":["post-1396","post","type-post","status-publish","format-standard","hentry","category-i5-promo-22-30","category-1r-promo-21-29","category-2n-promo-20-28","category-3r-promo-19-27","category-general","category-i4-promo-23-31","category-portada"],"post_mailing_queue_ids":[],"_links":{"self":[{"href":"https:\/\/agora.xtec.cat\/esc-laplana\/wp-json\/wp\/v2\/posts\/1396","targetHints":{"allow":["GET"]}}],"collection":[{"href":"https:\/\/agora.xtec.cat\/esc-laplana\/wp-json\/wp\/v2\/posts"}],"about":[{"href":"https:\/\/agora.xtec.cat\/esc-laplana\/wp-json\/wp\/v2\/types\/post"}],"author":[{"embeddable":true,"href":"https:\/\/agora.xtec.cat\/esc-laplana\/wp-json\/wp\/v2\/users\/1"}],"replies":[{"embeddable":true,"href":"https:\/\/agora.xtec.cat\/esc-laplana\/wp-json\/wp\/v2\/comments?post=1396"}],"version-history":[{"count":1,"href":"https:\/\/agora.xtec.cat\/esc-laplana\/wp-json\/wp\/v2\/posts\/1396\/revisions"}],"predecessor-version":[{"id":1399,"href":"https:\/\/agora.xtec.cat\/esc-laplana\/wp-json\/wp\/v2\/posts\/1396\/revisions\/1399"}],"wp:attachment":[{"href":"https:\/\/agora.xtec.cat\/esc-laplana\/wp-json\/wp\/v2\/media?parent=1396"}],"wp:term":[{"taxonomy":"category","embeddable":true,"href":"https:\/\/agora.xtec.cat\/esc-laplana\/wp-json\/wp\/v2\/categories?post=1396"},{"taxonomy":"post_tag","embeddable":true,"href":"https:\/\/agora.xtec.cat\/esc-laplana\/wp-json\/wp\/v2\/tags?post=1396"}],"curies":[{"name":"wp","href":"https:\/\/api.w.org\/{rel}","templated":true}]}}