{"id":1385,"date":"2023-11-03T08:33:04","date_gmt":"2023-11-03T07:33:04","guid":{"rendered":"https:\/\/agora.xtec.cat\/esc-laplana\/?p=1385"},"modified":"2023-11-03T08:35:06","modified_gmt":"2023-11-03T07:35:06","slug":"eleccions-del-consell-escolar","status":"publish","type":"post","link":"https:\/\/agora.xtec.cat\/esc-laplana\/general\/eleccions-del-consell-escolar\/","title":{"rendered":"ELECCIONS DEL CONSELL ESCOLAR"},"content":{"rendered":"<p>Benvolgudes fam\u00edlies:<\/p>\n<p>Aquest curs toca\u00a0<strong>renovar els membres que formen part del Consell Escolar de l\u2019escola<\/strong>, per aquest motiu us enviem aquesta convocat\u00f2ria de participaci\u00f3.<\/p>\n<p>Els membres del Consell Escolar tenen com a funci\u00f3:<\/p>\n<ul>\n<li>Decidir sobre els aspectes<\/li>\n<li>\u00a0importants de l\u2019escola.<\/li>\n<\/ul>\n<ul>\n<li>Ocupar-se del bon desenvolupament del centre, ja que ser\u00e0 l\u2019\u00e0mbit on ens posarem d\u2019acord per garantir un notable funcionament.<\/li>\n<li>Aprovar documents oficials del centre.<\/li>\n<\/ul>\n<p><strong>El Consell Escolar es reuneix de manera peri\u00f2dica una vegada al trimestre, i sempre que sigui necessari. El per\u00edode de participaci\u00f3 com a membre \u00e9s de 4 anys.<\/strong><\/p>\n<p>Obrim el\u00a0<strong>termini de presentaci\u00f3 de\u00a0candidatures<\/strong>\u00a0per a participar al nostre Consell Escolar.\u00a0 Aquest termini estar\u00e0 obert\u00a0<strong>entre el 6 i el 15 de novembre de 2023<\/strong><span style=\"font-family: inherit; font-size: 1em;\">.\u00a0<\/span><strong style=\"font-family: inherit; font-size: 1em;\">El dia 17 de novembre es faran p\u00fablics els candidats\/da<\/strong><strong style=\"font-family: inherit; font-size: 1em;\">des<\/strong><span style=\"font-family: inherit; font-size: 1em;\">\u00a0i\u00a0<\/span><strong style=\"font-family: inherit; font-size: 1em;\">el dia 21 de novembre ser\u00e0 la jornada d\u2019eleccions en horari de 15h a 16:15h, a la biblioteca<\/strong><span style=\"font-family: inherit; font-size: 1em;\">.<\/span><\/p>\n<p><strong>Totes aquelles persones que estiguin interessades a presentar-se, poden venir a l&#8217;escola a comunicar la candidatura, com a molt tard, el 15 de novembre de 2023.<\/strong><\/p>\n<p><img loading=\"lazy\" decoding=\"async\" class=\"alignnone size-large wp-image-1386\" src=\"https:\/\/agora.xtec.cat\/esc-laplana\/wp-content\/uploads\/usu2664\/2023\/11\/ELECCIONS-CONSELL-ESCOLAR-2023-768x1024.jpg\" alt=\"\" width=\"768\" height=\"1024\" srcset=\"https:\/\/agora.xtec.cat\/esc-laplana\/wp-content\/uploads\/usu2664\/2023\/11\/ELECCIONS-CONSELL-ESCOLAR-2023-768x1024.jpg 768w, https:\/\/agora.xtec.cat\/esc-laplana\/wp-content\/uploads\/usu2664\/2023\/11\/ELECCIONS-CONSELL-ESCOLAR-2023-225x300.jpg 225w, https:\/\/agora.xtec.cat\/esc-laplana\/wp-content\/uploads\/usu2664\/2023\/11\/ELECCIONS-CONSELL-ESCOLAR-2023-1152x1536.jpg 1152w, https:\/\/agora.xtec.cat\/esc-laplana\/wp-content\/uploads\/usu2664\/2023\/11\/ELECCIONS-CONSELL-ESCOLAR-2023-1536x2048.jpg 1536w, https:\/\/agora.xtec.cat\/esc-laplana\/wp-content\/uploads\/usu2664\/2023\/11\/ELECCIONS-CONSELL-ESCOLAR-2023-scaled.jpg 1920w\" sizes=\"auto, (max-width: 768px) 100vw, 768px\" \/><\/p>\n","protected":false},"excerpt":{"rendered":"<p>Benvolgudes fam\u00edlies:<br \/>\nAquest curs toca\u00a0renovar els membres que formen part del Consell Escolar de l\u2019escola, per aquest motiu us enviem aquesta convocat\u00f2ria de participaci\u00f3.<br \/>\nEls membres del Consell Escolar tenen com a funci\u00f3:<\/p>\n<ul>\n<li>Decidir sobre els aspectes<\/li>\n<li>\u00a0importants de l\u2019escola.<\/li>\n<\/ul>\n<ul>\n<li>Ocupar-se del bon desenvolupament del centre, ja que ser\u00e0 l\u2019\u00e0mbit&hellip;  <a href=\"https:\/\/agora.xtec.cat\/esc-laplana\/general\/eleccions-del-consell-escolar\/\" title=\"Read ELECCIONS DEL CONSELL ESCOLAR\">Llegeix m\u00e9s\u00bb<\/a><br \/>\n","protected":false},"author":1,"featured_media":0,"comment_status":"open","ping_status":"closed","sticky":false,"template":"","format":"standard","meta":{"_bbp_topic_count":0,"_bbp_reply_count":0,"_bbp_total_topic_count":0,"_bbp_total_reply_count":0,"_bbp_voice_count":0,"_bbp_anonymous_reply_count":0,"_bbp_topic_count_hidden":0,"_bbp_reply_count_hidden":0,"_bbp_forum_subforum_count":0,"footnotes":""},"categories":[1,4],"tags":[],"class_list":["post-1385","post","type-post","status-publish","format-standard","hentry","category-general","category-portada"],"post_mailing_queue_ids":[],"_links":{"self":[{"href":"https:\/\/agora.xtec.cat\/esc-laplana\/wp-json\/wp\/v2\/posts\/1385","targetHints":{"allow":["GET"]}}],"collection":[{"href":"https:\/\/agora.xtec.cat\/esc-laplana\/wp-json\/wp\/v2\/posts"}],"about":[{"href":"https:\/\/agora.xtec.cat\/esc-laplana\/wp-json\/wp\/v2\/types\/post"}],"author":[{"embeddable":true,"href":"https:\/\/agora.xtec.cat\/esc-laplana\/wp-json\/wp\/v2\/users\/1"}],"replies":[{"embeddable":true,"href":"https:\/\/agora.xtec.cat\/esc-laplana\/wp-json\/wp\/v2\/comments?post=1385"}],"version-history":[{"count":2,"href":"https:\/\/agora.xtec.cat\/esc-laplana\/wp-json\/wp\/v2\/posts\/1385\/revisions"}],"predecessor-version":[{"id":1388,"href":"https:\/\/agora.xtec.cat\/esc-laplana\/wp-json\/wp\/v2\/posts\/1385\/revisions\/1388"}],"wp:attachment":[{"href":"https:\/\/agora.xtec.cat\/esc-laplana\/wp-json\/wp\/v2\/media?parent=1385"}],"wp:term":[{"taxonomy":"category","embeddable":true,"href":"https:\/\/agora.xtec.cat\/esc-laplana\/wp-json\/wp\/v2\/categories?post=1385"},{"taxonomy":"post_tag","embeddable":true,"href":"https:\/\/agora.xtec.cat\/esc-laplana\/wp-json\/wp\/v2\/tags?post=1385"}],"curies":[{"name":"wp","href":"https:\/\/api.w.org\/{rel}","templated":true}]}}