{"id":1343,"date":"2023-10-30T10:59:17","date_gmt":"2023-10-30T09:59:17","guid":{"rendered":"https:\/\/agora.xtec.cat\/esc-laplana\/?p=1343"},"modified":"2023-10-30T10:59:17","modified_gmt":"2023-10-30T09:59:17","slug":"preparem-lhort-per-lhivern","status":"publish","type":"post","link":"https:\/\/agora.xtec.cat\/esc-laplana\/general\/preparem-lhort-per-lhivern\/","title":{"rendered":"Preparem l&#8217;hort per l&#8217;hivern"},"content":{"rendered":"<p>Els nens i nens d&#8217;infantil hem ajudat a posar l\u2019hort a punt per poder comen\u00e7ar a plantar les nostres verdures, hem tret les males herbes, hem plantat br\u00f2quils i coliflors i tamb\u00e9 les hem regat. Tamb\u00e9 hem observat si durant aquests dies ha anat creixent alguna cosa i hem descobert que hi ha alguns esp\u00e0rrecs. Us deixem unes fotos i aix\u00ed podreu observar que b\u00e9 que ho hem fet!<\/p>\n<p>Si voleu veure algunes foto feu &#8220;click&#8221; a sobre de la imatge.<\/p>\n<p><a href=\"https:\/\/drive.google.com\/drive\/folders\/1R8U2hEOMCcduot9QYdo2ZEAx0y3zIW5V?usp=sharing\"><img loading=\"lazy\" decoding=\"async\" class=\"alignnone wp-image-1303 size-full\" src=\"https:\/\/agora.xtec.cat\/esc-laplana\/wp-content\/uploads\/usu2664\/2023\/10\/hort.jpeg\" alt=\"\" width=\"318\" height=\"159\" srcset=\"https:\/\/agora.xtec.cat\/esc-laplana\/wp-content\/uploads\/usu2664\/2023\/10\/hort.jpeg 318w, https:\/\/agora.xtec.cat\/esc-laplana\/wp-content\/uploads\/usu2664\/2023\/10\/hort-300x150.jpeg 300w\" sizes=\"auto, (max-width: 318px) 100vw, 318px\" \/><\/a><\/p>\n","protected":false},"excerpt":{"rendered":"<p>Els nens i nens d&#8217;infantil hem ajudat a posar l\u2019hort a punt per poder comen\u00e7ar a plantar les nostres verdures, hem tret les males herbes, hem plantat br\u00f2quils i coliflors i tamb\u00e9 les hem regat. Tamb\u00e9 hem observat si durant aquests dies ha anat creixent&hellip;  <a href=\"https:\/\/agora.xtec.cat\/esc-laplana\/general\/preparem-lhort-per-lhivern\/\" title=\"Read Preparem l&#8217;hort per l&#8217;hivern\">Llegeix m\u00e9s\u00bb<\/a><\/p>\n","protected":false},"author":1,"featured_media":0,"comment_status":"open","ping_status":"closed","sticky":false,"template":"","format":"standard","meta":{"_bbp_topic_count":0,"_bbp_reply_count":0,"_bbp_total_topic_count":0,"_bbp_total_reply_count":0,"_bbp_voice_count":0,"_bbp_anonymous_reply_count":0,"_bbp_topic_count_hidden":0,"_bbp_reply_count_hidden":0,"_bbp_forum_subforum_count":0,"footnotes":""},"categories":[62,8,1,69,2,3,4],"tags":[],"class_list":["post-1343","post","type-post","status-publish","format-standard","hentry","category-i5-promo-22-30","category-1r-promo-21-29","category-general","category-hort","category-i4-promo-24-32","category-i4-promo-23-31","category-portada"],"post_mailing_queue_ids":[],"_links":{"self":[{"href":"https:\/\/agora.xtec.cat\/esc-laplana\/wp-json\/wp\/v2\/posts\/1343","targetHints":{"allow":["GET"]}}],"collection":[{"href":"https:\/\/agora.xtec.cat\/esc-laplana\/wp-json\/wp\/v2\/posts"}],"about":[{"href":"https:\/\/agora.xtec.cat\/esc-laplana\/wp-json\/wp\/v2\/types\/post"}],"author":[{"embeddable":true,"href":"https:\/\/agora.xtec.cat\/esc-laplana\/wp-json\/wp\/v2\/users\/1"}],"replies":[{"embeddable":true,"href":"https:\/\/agora.xtec.cat\/esc-laplana\/wp-json\/wp\/v2\/comments?post=1343"}],"version-history":[{"count":4,"href":"https:\/\/agora.xtec.cat\/esc-laplana\/wp-json\/wp\/v2\/posts\/1343\/revisions"}],"predecessor-version":[{"id":1384,"href":"https:\/\/agora.xtec.cat\/esc-laplana\/wp-json\/wp\/v2\/posts\/1343\/revisions\/1384"}],"wp:attachment":[{"href":"https:\/\/agora.xtec.cat\/esc-laplana\/wp-json\/wp\/v2\/media?parent=1343"}],"wp:term":[{"taxonomy":"category","embeddable":true,"href":"https:\/\/agora.xtec.cat\/esc-laplana\/wp-json\/wp\/v2\/categories?post=1343"},{"taxonomy":"post_tag","embeddable":true,"href":"https:\/\/agora.xtec.cat\/esc-laplana\/wp-json\/wp\/v2\/tags?post=1343"}],"curies":[{"name":"wp","href":"https:\/\/api.w.org\/{rel}","templated":true}]}}