{"id":1332,"date":"2023-10-23T13:58:18","date_gmt":"2023-10-23T11:58:18","guid":{"rendered":"https:\/\/agora.xtec.cat\/esc-laplana\/?p=1332"},"modified":"2023-10-23T13:58:18","modified_gmt":"2023-10-23T11:58:18","slug":"assemblees-matinals","status":"publish","type":"post","link":"https:\/\/agora.xtec.cat\/esc-laplana\/portada\/assemblees-matinals\/","title":{"rendered":"Assemblees matinals"},"content":{"rendered":"<p>Aquest curs l&#8217;alumnat de tota l&#8217;escola es va trobar una sorpresa a les aules!<\/p>\n<p>Poden gaudir d&#8217;un temps i un espai segur, de confian\u00e7a i obert a les opinions i necessitats de cadascun d&#8217;ells i elles. Ara que ja portem gaireb\u00e9 dos mesos de curs, podem dir que aquesta proposta est\u00e0 agradant molt a tots i totes i en traiem molt profit a nivell d&#8217;acompanyament de les emocions i d&#8217;h\u00e0bits de conversa.<a href=\"https:\/\/agora.xtec.cat\/esc-laplana\/wp-content\/uploads\/usu2664\/2023\/10\/1696321298365-1.jpg\"><img loading=\"lazy\" decoding=\"async\" class=\"alignnone size-full wp-image-1333\" src=\"https:\/\/agora.xtec.cat\/esc-laplana\/wp-content\/uploads\/usu2664\/2023\/10\/1696321298365-1.jpg\" alt=\"\" width=\"1024\" height=\"768\" srcset=\"https:\/\/agora.xtec.cat\/esc-laplana\/wp-content\/uploads\/usu2664\/2023\/10\/1696321298365-1.jpg 1024w, https:\/\/agora.xtec.cat\/esc-laplana\/wp-content\/uploads\/usu2664\/2023\/10\/1696321298365-1-300x225.jpg 300w, https:\/\/agora.xtec.cat\/esc-laplana\/wp-content\/uploads\/usu2664\/2023\/10\/1696321298365-1-768x576.jpg 768w, https:\/\/agora.xtec.cat\/esc-laplana\/wp-content\/uploads\/usu2664\/2023\/10\/1696321298365-1-200x150.jpg 200w\" sizes=\"auto, (max-width: 1024px) 100vw, 1024px\" \/><\/a><\/p>\n","protected":false},"excerpt":{"rendered":"<p>Les assemblees matinals&hellip;  <a href=\"https:\/\/agora.xtec.cat\/esc-laplana\/portada\/assemblees-matinals\/\" title=\"Read Assemblees matinals\">Llegeix m\u00e9s\u00bb<\/a><\/p>\n","protected":false},"author":1,"featured_media":0,"comment_status":"open","ping_status":"closed","sticky":false,"template":"","format":"standard","meta":{"_bbp_topic_count":0,"_bbp_reply_count":0,"_bbp_total_topic_count":0,"_bbp_total_reply_count":0,"_bbp_voice_count":0,"_bbp_anonymous_reply_count":0,"_bbp_topic_count_hidden":0,"_bbp_reply_count_hidden":0,"_bbp_forum_subforum_count":0,"footnotes":""},"categories":[14,13,4],"tags":[],"class_list":["post-1332","post","type-post","status-publish","format-standard","hentry","category-promo-15-23","category-promo-16-24","category-portada"],"post_mailing_queue_ids":[],"_links":{"self":[{"href":"https:\/\/agora.xtec.cat\/esc-laplana\/wp-json\/wp\/v2\/posts\/1332","targetHints":{"allow":["GET"]}}],"collection":[{"href":"https:\/\/agora.xtec.cat\/esc-laplana\/wp-json\/wp\/v2\/posts"}],"about":[{"href":"https:\/\/agora.xtec.cat\/esc-laplana\/wp-json\/wp\/v2\/types\/post"}],"author":[{"embeddable":true,"href":"https:\/\/agora.xtec.cat\/esc-laplana\/wp-json\/wp\/v2\/users\/1"}],"replies":[{"embeddable":true,"href":"https:\/\/agora.xtec.cat\/esc-laplana\/wp-json\/wp\/v2\/comments?post=1332"}],"version-history":[{"count":2,"href":"https:\/\/agora.xtec.cat\/esc-laplana\/wp-json\/wp\/v2\/posts\/1332\/revisions"}],"predecessor-version":[{"id":1339,"href":"https:\/\/agora.xtec.cat\/esc-laplana\/wp-json\/wp\/v2\/posts\/1332\/revisions\/1339"}],"wp:attachment":[{"href":"https:\/\/agora.xtec.cat\/esc-laplana\/wp-json\/wp\/v2\/media?parent=1332"}],"wp:term":[{"taxonomy":"category","embeddable":true,"href":"https:\/\/agora.xtec.cat\/esc-laplana\/wp-json\/wp\/v2\/categories?post=1332"},{"taxonomy":"post_tag","embeddable":true,"href":"https:\/\/agora.xtec.cat\/esc-laplana\/wp-json\/wp\/v2\/tags?post=1332"}],"curies":[{"name":"wp","href":"https:\/\/api.w.org\/{rel}","templated":true}]}}