{"id":1297,"date":"2023-10-15T22:45:25","date_gmt":"2023-10-15T20:45:25","guid":{"rendered":"https:\/\/agora.xtec.cat\/esc-laplana\/?p=1297"},"modified":"2023-10-15T22:45:25","modified_gmt":"2023-10-15T20:45:25","slug":"taller-educacio-viaria","status":"publish","type":"post","link":"https:\/\/agora.xtec.cat\/esc-laplana\/general\/taller-educacio-viaria\/","title":{"rendered":"TALLER EDUCACI\u00d3 VI\u00c0RIA"},"content":{"rendered":"<p>Com ja \u00e9s habitual, l&#8217;\u00e0rea d&#8217;Ensenyament del Consell Comarcal del Tarragon\u00e8s ens ofereix un curs sobre Educaci\u00f3 vi\u00e0ria on l&#8217;alumnat d&#8217;Educaci\u00f3 Prim\u00e0ria apr\u00e8n i practica algunes de les normes de circulaci\u00f3 tant per quan som conductor\/es com quan fem de peat\u00f3. Vam pensar que seria una bona manera de comen\u00e7ar la Setmana de la Salut a la nostra escola!<\/p>\n<p>Si voleu veure imatges de Cicle Inicial (1r i 2n) feu &#8220;click&#8221; a sobre de la bicicleta.<\/p>\n<p><a href=\"https:\/\/drive.google.com\/drive\/folders\/1-7pZ8YmJ-1tCZygZokGJdAs6AVaqtSmd?usp=sharing\"><img loading=\"lazy\" decoding=\"async\" class=\"alignnone wp-image-1300 size-full\" src=\"https:\/\/agora.xtec.cat\/esc-laplana\/wp-content\/uploads\/usu2664\/2023\/10\/bici.png\" alt=\"\" width=\"233\" height=\"217\" \/><\/a><\/p>\n<p>Si voleu veure imatges de Cicle Mitj\u00e0 (3r i 4t) feu &#8220;click&#8221; a sobre del sem\u00e0for.<\/p>\n<p><a href=\"https:\/\/drive.google.com\/drive\/folders\/1_bNzwa75vjJSzxlEGFYVZxuDxOjcRBsL?usp=sharing\"><img loading=\"lazy\" decoding=\"async\" class=\"alignnone wp-image-1299 size-full\" src=\"https:\/\/agora.xtec.cat\/esc-laplana\/wp-content\/uploads\/usu2664\/2023\/10\/semaforo-2.jpeg\" alt=\"\" width=\"300\" height=\"241\" \/><\/a><\/p>\n<p>Si voleu veure imatges de Cicle Superior (5\u00e8 i 6\u00e8) feu &#8220;click&#8221; a sobre del pas de vianants.<\/p>\n<p><a href=\"https:\/\/drive.google.com\/drive\/folders\/1EXlUjurJmdE5lZfwhWvWkkxvNzSFKOXd?usp=sharing\"><img loading=\"lazy\" decoding=\"async\" class=\"alignnone wp-image-1298 size-full\" src=\"https:\/\/agora.xtec.cat\/esc-laplana\/wp-content\/uploads\/usu2664\/2023\/10\/pas.png\" alt=\"\" width=\"240\" height=\"210\" \/><\/a><\/p>\n","protected":false},"excerpt":{"rendered":"<p>Com ja \u00e9s habitual, l&#8217;\u00e0rea d&#8217;Ensenyament del Consell Comarcal del Tarragon\u00e8s ens ofereix un curs sobre Educaci\u00f3 vi\u00e0ria on l&#8217;alumnat d&#8217;Educaci\u00f3 Prim\u00e0ria apr\u00e8n i practica algunes de les normes de circulaci\u00f3 tant per quan som conductor\/es com quan fem de peat\u00f3. Vam pensar que seria&hellip;  <a href=\"https:\/\/agora.xtec.cat\/esc-laplana\/general\/taller-educacio-viaria\/\" title=\"Read TALLER EDUCACI\u00d3 VI\u00c0RIA\">Llegeix m\u00e9s\u00bb<\/a><\/p>\n","protected":false},"author":1,"featured_media":0,"comment_status":"open","ping_status":"closed","sticky":false,"template":"","format":"standard","meta":{"_bbp_topic_count":0,"_bbp_reply_count":0,"_bbp_total_topic_count":0,"_bbp_total_reply_count":0,"_bbp_voice_count":0,"_bbp_anonymous_reply_count":0,"_bbp_topic_count_hidden":0,"_bbp_reply_count_hidden":0,"_bbp_forum_subforum_count":0,"footnotes":""},"categories":[1,4],"tags":[],"class_list":["post-1297","post","type-post","status-publish","format-standard","hentry","category-general","category-portada"],"post_mailing_queue_ids":[],"_links":{"self":[{"href":"https:\/\/agora.xtec.cat\/esc-laplana\/wp-json\/wp\/v2\/posts\/1297","targetHints":{"allow":["GET"]}}],"collection":[{"href":"https:\/\/agora.xtec.cat\/esc-laplana\/wp-json\/wp\/v2\/posts"}],"about":[{"href":"https:\/\/agora.xtec.cat\/esc-laplana\/wp-json\/wp\/v2\/types\/post"}],"author":[{"embeddable":true,"href":"https:\/\/agora.xtec.cat\/esc-laplana\/wp-json\/wp\/v2\/users\/1"}],"replies":[{"embeddable":true,"href":"https:\/\/agora.xtec.cat\/esc-laplana\/wp-json\/wp\/v2\/comments?post=1297"}],"version-history":[{"count":1,"href":"https:\/\/agora.xtec.cat\/esc-laplana\/wp-json\/wp\/v2\/posts\/1297\/revisions"}],"predecessor-version":[{"id":1301,"href":"https:\/\/agora.xtec.cat\/esc-laplana\/wp-json\/wp\/v2\/posts\/1297\/revisions\/1301"}],"wp:attachment":[{"href":"https:\/\/agora.xtec.cat\/esc-laplana\/wp-json\/wp\/v2\/media?parent=1297"}],"wp:term":[{"taxonomy":"category","embeddable":true,"href":"https:\/\/agora.xtec.cat\/esc-laplana\/wp-json\/wp\/v2\/categories?post=1297"},{"taxonomy":"post_tag","embeddable":true,"href":"https:\/\/agora.xtec.cat\/esc-laplana\/wp-json\/wp\/v2\/tags?post=1297"}],"curies":[{"name":"wp","href":"https:\/\/api.w.org\/{rel}","templated":true}]}}