{"id":1170,"date":"2023-06-22T21:57:12","date_gmt":"2023-06-22T19:57:12","guid":{"rendered":"https:\/\/agora.xtec.cat\/esc-laplana\/?p=1170"},"modified":"2023-06-22T21:57:12","modified_gmt":"2023-06-22T19:57:12","slug":"comiat-padrins-i-padrines-de-lectura","status":"publish","type":"post","link":"https:\/\/agora.xtec.cat\/esc-laplana\/portada\/comiat-padrins-i-padrines-de-lectura\/","title":{"rendered":"Comiat &#8220;Padrins i padrines&#8221; de lectura"},"content":{"rendered":"<p style=\"text-align: justify;\">Ahir vam celebrar el comiat del projecte &#8220;Padrins\/nes de lectura&#8221; on els\/les alumnes de 6\u00e8 han fet de &#8220;padrins\/nes&#8221; de l&#8217;alumnat de i5. Han estat unes setmanes de compatir lectures, hist\u00f2ries, imaginaci\u00f3 i moltes viv\u00e8ncies. Per acomiadar aquesta activitats els nens i nenes es van voler donar les gr\u00e0cies i van dir-se unes paraules molt boniques. Tamb\u00e9 van fer entrega d&#8217;un petit detall perqu\u00e8 puguin recordar-ho.<\/p>\n<p style=\"text-align: justify;\">(Per veure les imatges feu clic a sobre la fotografia).<\/p>\n<p><a href=\"https:\/\/drive.google.com\/drive\/folders\/1cnDiJqxe7jUO2omyKJ9Y8wmtgqJu277M?usp=drive_link\"><img loading=\"lazy\" decoding=\"async\" class=\"alignnone wp-image-1171\" src=\"https:\/\/agora.xtec.cat\/esc-laplana\/wp-content\/uploads\/usu2664\/2023\/06\/IMG_9284-1024x768.jpg\" alt=\"\" width=\"764\" height=\"573\" srcset=\"https:\/\/agora.xtec.cat\/esc-laplana\/wp-content\/uploads\/usu2664\/2023\/06\/IMG_9284-1024x768.jpg 1024w, https:\/\/agora.xtec.cat\/esc-laplana\/wp-content\/uploads\/usu2664\/2023\/06\/IMG_9284-300x225.jpg 300w, https:\/\/agora.xtec.cat\/esc-laplana\/wp-content\/uploads\/usu2664\/2023\/06\/IMG_9284-768x576.jpg 768w, https:\/\/agora.xtec.cat\/esc-laplana\/wp-content\/uploads\/usu2664\/2023\/06\/IMG_9284-1536x1152.jpg 1536w, https:\/\/agora.xtec.cat\/esc-laplana\/wp-content\/uploads\/usu2664\/2023\/06\/IMG_9284-2048x1536.jpg 2048w, https:\/\/agora.xtec.cat\/esc-laplana\/wp-content\/uploads\/usu2664\/2023\/06\/IMG_9284-200x150.jpg 200w\" sizes=\"auto, (max-width: 764px) 100vw, 764px\" \/><\/a><\/p>\n","protected":false},"excerpt":{"rendered":"<p>Ahir vam celebrar el comiat del projecte &#8220;Padrins\/nes de lectura&#8221; on els\/les alumnes de 6\u00e8 han fet de &#8220;padrins\/nes&#8221; de l&#8217;alumnat de i5. Han estat unes setmanes de compatir lectures, hist\u00f2ries, imaginaci\u00f3 i moltes viv\u00e8ncies. Per acomiadar aquesta activitats els nens i nenes es van&hellip;  <a href=\"https:\/\/agora.xtec.cat\/esc-laplana\/portada\/comiat-padrins-i-padrines-de-lectura\/\" title=\"Read Comiat &#8220;Padrins i padrines&#8221; de lectura\">Llegeix m\u00e9s\u00bb<\/a><\/p>\n","protected":false},"author":1,"featured_media":0,"comment_status":"open","ping_status":"closed","sticky":false,"template":"","format":"standard","meta":{"_bbp_topic_count":0,"_bbp_reply_count":0,"_bbp_total_topic_count":0,"_bbp_total_reply_count":0,"_bbp_voice_count":0,"_bbp_anonymous_reply_count":0,"_bbp_topic_count_hidden":0,"_bbp_reply_count_hidden":0,"_bbp_forum_subforum_count":0,"footnotes":""},"categories":[9,64,4,15],"tags":[],"class_list":["post-1170","post","type-post","status-publish","format-standard","hentry","category-2n-promo-20-28","category-niuet-de-la-lectura","category-portada","category-6e"],"post_mailing_queue_ids":[],"_links":{"self":[{"href":"https:\/\/agora.xtec.cat\/esc-laplana\/wp-json\/wp\/v2\/posts\/1170","targetHints":{"allow":["GET"]}}],"collection":[{"href":"https:\/\/agora.xtec.cat\/esc-laplana\/wp-json\/wp\/v2\/posts"}],"about":[{"href":"https:\/\/agora.xtec.cat\/esc-laplana\/wp-json\/wp\/v2\/types\/post"}],"author":[{"embeddable":true,"href":"https:\/\/agora.xtec.cat\/esc-laplana\/wp-json\/wp\/v2\/users\/1"}],"replies":[{"embeddable":true,"href":"https:\/\/agora.xtec.cat\/esc-laplana\/wp-json\/wp\/v2\/comments?post=1170"}],"version-history":[{"count":1,"href":"https:\/\/agora.xtec.cat\/esc-laplana\/wp-json\/wp\/v2\/posts\/1170\/revisions"}],"predecessor-version":[{"id":1172,"href":"https:\/\/agora.xtec.cat\/esc-laplana\/wp-json\/wp\/v2\/posts\/1170\/revisions\/1172"}],"wp:attachment":[{"href":"https:\/\/agora.xtec.cat\/esc-laplana\/wp-json\/wp\/v2\/media?parent=1170"}],"wp:term":[{"taxonomy":"category","embeddable":true,"href":"https:\/\/agora.xtec.cat\/esc-laplana\/wp-json\/wp\/v2\/categories?post=1170"},{"taxonomy":"post_tag","embeddable":true,"href":"https:\/\/agora.xtec.cat\/esc-laplana\/wp-json\/wp\/v2\/tags?post=1170"}],"curies":[{"name":"wp","href":"https:\/\/api.w.org\/{rel}","templated":true}]}}