{"id":1134,"date":"2023-06-14T20:09:12","date_gmt":"2023-06-14T18:09:12","guid":{"rendered":"https:\/\/agora.xtec.cat\/esc-laplana\/?p=1134"},"modified":"2023-06-14T20:09:12","modified_gmt":"2023-06-14T18:09:12","slug":"sortida-a-portaventura","status":"publish","type":"post","link":"https:\/\/agora.xtec.cat\/esc-laplana\/portada\/sortida-a-portaventura\/","title":{"rendered":"SORTIDA A PORTAVENTURA"},"content":{"rendered":"<p style=\"text-align: justify;\">El divendres 9 de juny va ser un dia molt especial. Els\/les alumnes de 6\u00e8 vam anar a PortAventura com a sortida especial per acomiadar el seu pas per l&#8217;Escola. Tot i que hi havia molt\u00edssima gent vam aprofitar el dia al m\u00e0xim i ens ho vam passar genial! Moltes gr\u00e0cies a les fam\u00edlies per la vostra col.laboraci\u00f3 al despla\u00e7ament i a l&#8217;AFA de l&#8217;escola per fer-ho possible.<\/p>\n<p>(Feu clic a sobre la imatge per veure algunes fotografies)<\/p>\n<p><a href=\"https:\/\/drive.google.com\/drive\/folders\/1FRfycWsIziPvOeceKkUXPd35XdVH_cYS?usp=sharing\"><img loading=\"lazy\" decoding=\"async\" class=\"alignnone wp-image-1135 size-large\" src=\"https:\/\/agora.xtec.cat\/esc-laplana\/wp-content\/uploads\/usu2664\/2023\/06\/IMG-20230609-WA0010-576x1024.jpg\" alt=\"\" width=\"576\" height=\"1024\" srcset=\"https:\/\/agora.xtec.cat\/esc-laplana\/wp-content\/uploads\/usu2664\/2023\/06\/IMG-20230609-WA0010-576x1024.jpg 576w, https:\/\/agora.xtec.cat\/esc-laplana\/wp-content\/uploads\/usu2664\/2023\/06\/IMG-20230609-WA0010-169x300.jpg 169w, https:\/\/agora.xtec.cat\/esc-laplana\/wp-content\/uploads\/usu2664\/2023\/06\/IMG-20230609-WA0010-768x1365.jpg 768w, https:\/\/agora.xtec.cat\/esc-laplana\/wp-content\/uploads\/usu2664\/2023\/06\/IMG-20230609-WA0010-864x1536.jpg 864w, https:\/\/agora.xtec.cat\/esc-laplana\/wp-content\/uploads\/usu2664\/2023\/06\/IMG-20230609-WA0010.jpg 1125w\" sizes=\"auto, (max-width: 576px) 100vw, 576px\" \/><\/a><\/p>\n","protected":false},"excerpt":{"rendered":"<p>El divendres 9 de juny va ser un dia molt especial. Els\/les alumnes de 6\u00e8 vam anar a PortAventura com a sortida especial per acomiadar el seu pas per l&#8217;Escola. Tot i que hi havia molt\u00edssima gent vam aprofitar el dia al m\u00e0xim i ens&hellip;  <a href=\"https:\/\/agora.xtec.cat\/esc-laplana\/portada\/sortida-a-portaventura\/\" title=\"Read SORTIDA A PORTAVENTURA\">Llegeix m\u00e9s\u00bb<\/a><\/p>\n","protected":false},"author":1,"featured_media":0,"comment_status":"open","ping_status":"closed","sticky":false,"template":"","format":"standard","meta":{"_bbp_topic_count":0,"_bbp_reply_count":0,"_bbp_total_topic_count":0,"_bbp_total_reply_count":0,"_bbp_voice_count":0,"_bbp_anonymous_reply_count":0,"_bbp_topic_count_hidden":0,"_bbp_reply_count_hidden":0,"_bbp_forum_subforum_count":0,"footnotes":""},"categories":[7,4,5,15],"tags":[],"class_list":["post-1134","post","type-post","status-publish","format-standard","hentry","category-ampa","category-portada","category-primaria","category-6e"],"post_mailing_queue_ids":[],"_links":{"self":[{"href":"https:\/\/agora.xtec.cat\/esc-laplana\/wp-json\/wp\/v2\/posts\/1134","targetHints":{"allow":["GET"]}}],"collection":[{"href":"https:\/\/agora.xtec.cat\/esc-laplana\/wp-json\/wp\/v2\/posts"}],"about":[{"href":"https:\/\/agora.xtec.cat\/esc-laplana\/wp-json\/wp\/v2\/types\/post"}],"author":[{"embeddable":true,"href":"https:\/\/agora.xtec.cat\/esc-laplana\/wp-json\/wp\/v2\/users\/1"}],"replies":[{"embeddable":true,"href":"https:\/\/agora.xtec.cat\/esc-laplana\/wp-json\/wp\/v2\/comments?post=1134"}],"version-history":[{"count":1,"href":"https:\/\/agora.xtec.cat\/esc-laplana\/wp-json\/wp\/v2\/posts\/1134\/revisions"}],"predecessor-version":[{"id":1136,"href":"https:\/\/agora.xtec.cat\/esc-laplana\/wp-json\/wp\/v2\/posts\/1134\/revisions\/1136"}],"wp:attachment":[{"href":"https:\/\/agora.xtec.cat\/esc-laplana\/wp-json\/wp\/v2\/media?parent=1134"}],"wp:term":[{"taxonomy":"category","embeddable":true,"href":"https:\/\/agora.xtec.cat\/esc-laplana\/wp-json\/wp\/v2\/categories?post=1134"},{"taxonomy":"post_tag","embeddable":true,"href":"https:\/\/agora.xtec.cat\/esc-laplana\/wp-json\/wp\/v2\/tags?post=1134"}],"curies":[{"name":"wp","href":"https:\/\/api.w.org\/{rel}","templated":true}]}}