{"id":1127,"date":"2023-06-14T19:50:51","date_gmt":"2023-06-14T17:50:51","guid":{"rendered":"https:\/\/agora.xtec.cat\/esc-laplana\/?p=1127"},"modified":"2023-06-14T19:50:51","modified_gmt":"2023-06-14T17:50:51","slug":"dia-mundial-dels-mars-i-els-oceans","status":"publish","type":"post","link":"https:\/\/agora.xtec.cat\/esc-laplana\/general\/dia-mundial-dels-mars-i-els-oceans\/","title":{"rendered":"DIA MUNDIAL DELS MARS I ELS OCEANS"},"content":{"rendered":"<p style=\"text-align: justify;\">El dia 8 de juny es celebra el &#8220;Dia Mundial dels mars i els oceans&#8221;. Per aquest motiu, ens vam afegir a la iniciativa de &#8220;Teachers for future Spain&#8221; i MSC Pesca sostenible i vam realitzar unes mans per simbolitzar el nostre &#8220;Trato con el oc\u00e9ano&#8221;. Vam enviar aquests treballs a Madrid i a canvi vam rebre uns llapissos que tenen dues vides; la primera \u00e9s quan els fem servir i la segona \u00e9s que quan s&#8217;acaben es poden plantar perqu\u00e8 contenen llavors i en surt un nova vida.<\/p>\n<p>\u00a0<iframe loading=\"lazy\" src=\"https:\/\/drive.google.com\/file\/d\/1QgCQjLoUhOhOc3LwNrGU0lz58fJHvYT6\/preview\" width=\"640\" height=\"480\"><\/iframe><\/p>\n<p><img loading=\"lazy\" decoding=\"async\" class=\"alignnone size-large wp-image-1128\" src=\"https:\/\/agora.xtec.cat\/esc-laplana\/wp-content\/uploads\/usu2664\/2023\/06\/20230508_150428-1024x461.jpg\" alt=\"\" width=\"1024\" height=\"461\" srcset=\"https:\/\/agora.xtec.cat\/esc-laplana\/wp-content\/uploads\/usu2664\/2023\/06\/20230508_150428-1024x461.jpg 1024w, https:\/\/agora.xtec.cat\/esc-laplana\/wp-content\/uploads\/usu2664\/2023\/06\/20230508_150428-300x135.jpg 300w, https:\/\/agora.xtec.cat\/esc-laplana\/wp-content\/uploads\/usu2664\/2023\/06\/20230508_150428-768x346.jpg 768w, https:\/\/agora.xtec.cat\/esc-laplana\/wp-content\/uploads\/usu2664\/2023\/06\/20230508_150428-1536x692.jpg 1536w, https:\/\/agora.xtec.cat\/esc-laplana\/wp-content\/uploads\/usu2664\/2023\/06\/20230508_150428-2048x922.jpg 2048w\" sizes=\"auto, (max-width: 1024px) 100vw, 1024px\" \/><img loading=\"lazy\" decoding=\"async\" class=\"alignnone size-large wp-image-1129\" src=\"https:\/\/agora.xtec.cat\/esc-laplana\/wp-content\/uploads\/usu2664\/2023\/06\/20230605_122622-1024x461.jpg\" alt=\"\" width=\"1024\" height=\"461\" srcset=\"https:\/\/agora.xtec.cat\/esc-laplana\/wp-content\/uploads\/usu2664\/2023\/06\/20230605_122622-1024x461.jpg 1024w, https:\/\/agora.xtec.cat\/esc-laplana\/wp-content\/uploads\/usu2664\/2023\/06\/20230605_122622-300x135.jpg 300w, https:\/\/agora.xtec.cat\/esc-laplana\/wp-content\/uploads\/usu2664\/2023\/06\/20230605_122622-768x346.jpg 768w, https:\/\/agora.xtec.cat\/esc-laplana\/wp-content\/uploads\/usu2664\/2023\/06\/20230605_122622-1536x691.jpg 1536w, https:\/\/agora.xtec.cat\/esc-laplana\/wp-content\/uploads\/usu2664\/2023\/06\/20230605_122622-2048x922.jpg 2048w\" sizes=\"auto, (max-width: 1024px) 100vw, 1024px\" \/><\/p>\n","protected":false},"excerpt":{"rendered":"<p>El dia 8 de juny es celebra el &#8220;Dia Mundial dels mars i els oceans&#8221;. Per aquest motiu, ens vam afegir a la iniciativa de &#8220;Teachers for future Spain&#8221; i MSC Pesca sostenible i vam realitzar unes mans per simbolitzar el nostre &#8220;Trato con el&hellip;  <a href=\"https:\/\/agora.xtec.cat\/esc-laplana\/general\/dia-mundial-dels-mars-i-els-oceans\/\" title=\"Read DIA MUNDIAL DELS MARS I ELS OCEANS\">Llegeix m\u00e9s\u00bb<\/a><\/p>\n","protected":false},"author":1,"featured_media":0,"comment_status":"open","ping_status":"closed","sticky":false,"template":"","format":"standard","meta":{"_bbp_topic_count":0,"_bbp_reply_count":0,"_bbp_total_topic_count":0,"_bbp_total_reply_count":0,"_bbp_voice_count":0,"_bbp_anonymous_reply_count":0,"_bbp_topic_count_hidden":0,"_bbp_reply_count_hidden":0,"_bbp_forum_subforum_count":0,"footnotes":""},"categories":[14,1,4,5,15],"tags":[],"class_list":["post-1127","post","type-post","status-publish","format-standard","hentry","category-promo-15-23","category-general","category-portada","category-primaria","category-6e"],"post_mailing_queue_ids":[],"_links":{"self":[{"href":"https:\/\/agora.xtec.cat\/esc-laplana\/wp-json\/wp\/v2\/posts\/1127","targetHints":{"allow":["GET"]}}],"collection":[{"href":"https:\/\/agora.xtec.cat\/esc-laplana\/wp-json\/wp\/v2\/posts"}],"about":[{"href":"https:\/\/agora.xtec.cat\/esc-laplana\/wp-json\/wp\/v2\/types\/post"}],"author":[{"embeddable":true,"href":"https:\/\/agora.xtec.cat\/esc-laplana\/wp-json\/wp\/v2\/users\/1"}],"replies":[{"embeddable":true,"href":"https:\/\/agora.xtec.cat\/esc-laplana\/wp-json\/wp\/v2\/comments?post=1127"}],"version-history":[{"count":1,"href":"https:\/\/agora.xtec.cat\/esc-laplana\/wp-json\/wp\/v2\/posts\/1127\/revisions"}],"predecessor-version":[{"id":1130,"href":"https:\/\/agora.xtec.cat\/esc-laplana\/wp-json\/wp\/v2\/posts\/1127\/revisions\/1130"}],"wp:attachment":[{"href":"https:\/\/agora.xtec.cat\/esc-laplana\/wp-json\/wp\/v2\/media?parent=1127"}],"wp:term":[{"taxonomy":"category","embeddable":true,"href":"https:\/\/agora.xtec.cat\/esc-laplana\/wp-json\/wp\/v2\/categories?post=1127"},{"taxonomy":"post_tag","embeddable":true,"href":"https:\/\/agora.xtec.cat\/esc-laplana\/wp-json\/wp\/v2\/tags?post=1127"}],"curies":[{"name":"wp","href":"https:\/\/api.w.org\/{rel}","templated":true}]}}