{"id":1114,"date":"2023-06-14T19:21:44","date_gmt":"2023-06-14T17:21:44","guid":{"rendered":"https:\/\/agora.xtec.cat\/esc-laplana\/?p=1114"},"modified":"2023-06-14T19:31:42","modified_gmt":"2023-06-14T17:31:42","slug":"conferencies-cientifiques","status":"publish","type":"post","link":"https:\/\/agora.xtec.cat\/esc-laplana\/general\/conferencies-cientifiques\/","title":{"rendered":"CONFER\u00c8NCIES CIENT\u00cdFIQUES"},"content":{"rendered":"<p>Vam acabar la &#8220;I Setmana de la Ci\u00e8ncia i la Matem\u00e0tica&#8221; realitzant unes confer\u00e8ncies per les nostres fam\u00edlies. Aquestes exposicions les hav\u00edem compartit abans amb els nostres companys i companyes. Us posem unes quantes imatges d&#8217;aquests tres dies <strong>(feu clic a sobre de la imatge)<\/strong> i us enllacem les presentacions que vam preparar.<\/p>\n<p><a href=\"https:\/\/drive.google.com\/drive\/folders\/1GoI7LQXNXM06it1uB-zV1eLuOVda4S4t?usp=sharing\"><img loading=\"lazy\" decoding=\"async\" class=\"wp-image-1116 aligncenter\" src=\"https:\/\/agora.xtec.cat\/esc-laplana\/wp-content\/uploads\/usu2664\/2023\/06\/ciencia.jpeg\" alt=\"\" width=\"439\" height=\"439\" srcset=\"https:\/\/agora.xtec.cat\/esc-laplana\/wp-content\/uploads\/usu2664\/2023\/06\/ciencia.jpeg 225w, https:\/\/agora.xtec.cat\/esc-laplana\/wp-content\/uploads\/usu2664\/2023\/06\/ciencia-150x150.jpeg 150w\" sizes=\"auto, (max-width: 439px) 100vw, 439px\" \/><\/a><\/p>\n<p>&nbsp;<\/p>\n<p><strong>PRESENTACIONS<\/strong><\/p>\n<p><strong>Educaci\u00f3 Infantil<\/strong><\/p>\n<div style=\"width: 100%;\">\n<div style=\"position: relative; padding-bottom: 56.25%; padding-top: 0; height: 0;\"><iframe loading=\"lazy\" style=\"position: absolute; top: 0; left: 0; width: 100%; height: 100%;\" title=\"1-FRAN\u00c7OISE BARR\u00c9-SINOUSSIMANS NETES\" src=\"https:\/\/view.genial.ly\/6473a32330e41c00127db398\" width=\"1200px\" height=\"675px\" frameborder=\"0\" scrolling=\"yes\" allowfullscreen=\"allowfullscreen\"><\/iframe><\/div>\n<\/div>\n<div><\/div>\n<div><\/div>\n<div><strong>Cicle Inicial<\/strong><\/div>\n<div style=\"width: 100%;\">\n<div style=\"position: relative; padding-bottom: 56.25%; padding-top: 0; height: 0;\"><iframe loading=\"lazy\" style=\"position: absolute; top: 0; left: 0; width: 100%; height: 100%;\" title=\"JANE GOODALL\" src=\"https:\/\/view.genial.ly\/641d6802dc67370019dda09c\" width=\"1200px\" height=\"675px\" frameborder=\"0\" scrolling=\"yes\" allowfullscreen=\"allowfullscreen\"><\/iframe><\/div>\n<\/div>\n<div><\/div>\n<div><strong>Cicle Mitj\u00e0<\/strong><\/div>\n<div><\/div>\n<div><\/div>\n<div><\/div>\n<div><a href=\"https:\/\/docs.google.com\/presentation\/d\/1_dMUK9VCmSyEpKnTV9XI7q_8aLnsFXh0uZ76zjw9GWQ\/edit?usp=sharing\"><img loading=\"lazy\" decoding=\"async\" class=\"alignnone wp-image-1117\" src=\"https:\/\/agora.xtec.cat\/esc-laplana\/wp-content\/uploads\/usu2664\/2023\/06\/einstein.jpeg\" alt=\"\" width=\"643\" height=\"480\" srcset=\"https:\/\/agora.xtec.cat\/esc-laplana\/wp-content\/uploads\/usu2664\/2023\/06\/einstein.jpeg 260w, https:\/\/agora.xtec.cat\/esc-laplana\/wp-content\/uploads\/usu2664\/2023\/06\/einstein-200x150.jpeg 200w\" sizes=\"auto, (max-width: 643px) 100vw, 643px\" \/><\/a><\/div>\n<div><\/div>\n<div><\/div>\n<div><strong>Cicle Superior<\/strong><\/div>\n<div><\/div>\n<div style=\"width: 100%;\">\n<div><a href=\"https:\/\/www.canva.com\/design\/DAFkSGtvskc\/GgKsDOyfSU57tIKRnQlZLQ\/edit?utm_content=DAFkSGtvskc&amp;utm_campaign=designshare&amp;utm_medium=link2&amp;utm_source=sharebutton\"><img loading=\"lazy\" decoding=\"async\" class=\"alignnone wp-image-1118\" src=\"https:\/\/agora.xtec.cat\/esc-laplana\/wp-content\/uploads\/usu2664\/2023\/06\/1200-sin-logo-1024x538.png\" alt=\"\" width=\"659\" height=\"346\" srcset=\"https:\/\/agora.xtec.cat\/esc-laplana\/wp-content\/uploads\/usu2664\/2023\/06\/1200-sin-logo-1024x538.png 1024w, https:\/\/agora.xtec.cat\/esc-laplana\/wp-content\/uploads\/usu2664\/2023\/06\/1200-sin-logo-300x158.png 300w, https:\/\/agora.xtec.cat\/esc-laplana\/wp-content\/uploads\/usu2664\/2023\/06\/1200-sin-logo-768x404.png 768w, https:\/\/agora.xtec.cat\/esc-laplana\/wp-content\/uploads\/usu2664\/2023\/06\/1200-sin-logo.png 1199w\" sizes=\"auto, (max-width: 659px) 100vw, 659px\" \/><\/a><\/div>\n<div><\/div>\n<div><strong>V\u00eddeo en honor a les dones cient\u00edfiques<\/strong><\/div>\n<\/div>\n<div><\/div>\n<div>\n<p><iframe loading=\"lazy\" src=\"https:\/\/drive.google.com\/file\/d\/11nE1AULjP0U2m8m3X3_qpGb5rl5YIYCv\/preview\" width=\"640\" height=\"480\"><\/iframe><\/p>\n<\/div>\n","protected":false},"excerpt":{"rendered":"<p>Vam acabar la &#8220;I Setmana de la Ci\u00e8ncia i la Matem\u00e0tica&#8221; realitzant unes confer\u00e8ncies per les nostres fam\u00edlies. Aquestes exposicions les hav\u00edem compartit abans amb els nostres companys i companyes. Us posem unes quantes imatges d&#8217;aquests tres dies (feu clic a sobre de la imatge)&hellip;  <a href=\"https:\/\/agora.xtec.cat\/esc-laplana\/general\/conferencies-cientifiques\/\" title=\"Read CONFER\u00c8NCIES CIENT\u00cdFIQUES\">Llegeix m\u00e9s\u00bb<\/a><\/p>\n","protected":false},"author":1,"featured_media":0,"comment_status":"open","ping_status":"closed","sticky":false,"template":"","format":"standard","meta":{"_bbp_topic_count":0,"_bbp_reply_count":0,"_bbp_total_topic_count":0,"_bbp_total_reply_count":0,"_bbp_voice_count":0,"_bbp_anonymous_reply_count":0,"_bbp_topic_count_hidden":0,"_bbp_reply_count_hidden":0,"_bbp_forum_subforum_count":0,"footnotes":""},"categories":[1,4,5],"tags":[],"class_list":["post-1114","post","type-post","status-publish","format-standard","hentry","category-general","category-portada","category-primaria"],"post_mailing_queue_ids":[],"_links":{"self":[{"href":"https:\/\/agora.xtec.cat\/esc-laplana\/wp-json\/wp\/v2\/posts\/1114","targetHints":{"allow":["GET"]}}],"collection":[{"href":"https:\/\/agora.xtec.cat\/esc-laplana\/wp-json\/wp\/v2\/posts"}],"about":[{"href":"https:\/\/agora.xtec.cat\/esc-laplana\/wp-json\/wp\/v2\/types\/post"}],"author":[{"embeddable":true,"href":"https:\/\/agora.xtec.cat\/esc-laplana\/wp-json\/wp\/v2\/users\/1"}],"replies":[{"embeddable":true,"href":"https:\/\/agora.xtec.cat\/esc-laplana\/wp-json\/wp\/v2\/comments?post=1114"}],"version-history":[{"count":3,"href":"https:\/\/agora.xtec.cat\/esc-laplana\/wp-json\/wp\/v2\/posts\/1114\/revisions"}],"predecessor-version":[{"id":1122,"href":"https:\/\/agora.xtec.cat\/esc-laplana\/wp-json\/wp\/v2\/posts\/1114\/revisions\/1122"}],"wp:attachment":[{"href":"https:\/\/agora.xtec.cat\/esc-laplana\/wp-json\/wp\/v2\/media?parent=1114"}],"wp:term":[{"taxonomy":"category","embeddable":true,"href":"https:\/\/agora.xtec.cat\/esc-laplana\/wp-json\/wp\/v2\/categories?post=1114"},{"taxonomy":"post_tag","embeddable":true,"href":"https:\/\/agora.xtec.cat\/esc-laplana\/wp-json\/wp\/v2\/tags?post=1114"}],"curies":[{"name":"wp","href":"https:\/\/api.w.org\/{rel}","templated":true}]}}