{"id":1024,"date":"2023-05-16T22:00:45","date_gmt":"2023-05-16T20:00:45","guid":{"rendered":"https:\/\/agora.xtec.cat\/esc-laplana\/?p=1024"},"modified":"2023-05-18T19:32:42","modified_gmt":"2023-05-18T17:32:42","slug":"dinamitzacio-de-patis","status":"publish","type":"post","link":"https:\/\/agora.xtec.cat\/esc-laplana\/general\/dinamitzacio-de-patis\/","title":{"rendered":"Dinamitzaci\u00f3 de patis"},"content":{"rendered":"<p>Ja van arribant els materials i els productes que hem pogut adquirir gr\u00e0cies a la subvenci\u00f3 del PMOE PROA+. Aquests nous espais van ser escollits per l&#8217;alumnat de l&#8217;escola a les Assemblees Generals d&#8217;alumnes\/as que fem de manera trimestral i a les Reunions de Delegats\/des i subdelegats\/des. La idea \u00e9s que els nens i les nenes puguin gaudir d&#8217;un pati on hi trobin alternatives a la pilota i al futbol que sempre ha estat el centre de la pista. Un rac\u00f3 amb gespa i llibres, el &#8220;Bibliopati&#8221;, pissarres on poder dibuixar, una cuineta de fusta, rodes i joguines noves, capses per guardar les carmanyoles, les taules de picnic que tant d&#8217;\u00e8xit han tingut&#8230;qu\u00e8 ser\u00e0 el proper que rebrem?<\/p>\n<div style=\"position: relative; width: 100%; height: 0; padding-top: 80.0000%; padding-bottom: 0; box-shadow: 0 2px 8px 0 rgba(63,69,81,0.16); margin-top: 1.6em; margin-bottom: 0.9em; overflow: hidden; border-radius: 8px; will-change: transform;\"><iframe style=\"position: absolute; width: 100%; height: 100%; top: 0; left: 0; border: none; padding: 0; margin: 0;\" src=\"https:\/\/www.canva.com\/design\/DAFjGw7gsGQ\/view?embed\" allowfullscreen=\"allowfullscreen\"><br \/>\n<\/iframe><\/div>\n<p><img loading=\"lazy\" decoding=\"async\" class=\"alignnone size-large wp-image-1025\" src=\"https:\/\/agora.xtec.cat\/esc-laplana\/wp-content\/uploads\/usu2664\/2023\/05\/5-Logos-actualitzat-01-2023-1024x137.jpg\" alt=\"\" width=\"1024\" height=\"137\" srcset=\"https:\/\/agora.xtec.cat\/esc-laplana\/wp-content\/uploads\/usu2664\/2023\/05\/5-Logos-actualitzat-01-2023-1024x137.jpg 1024w, https:\/\/agora.xtec.cat\/esc-laplana\/wp-content\/uploads\/usu2664\/2023\/05\/5-Logos-actualitzat-01-2023-300x40.jpg 300w, https:\/\/agora.xtec.cat\/esc-laplana\/wp-content\/uploads\/usu2664\/2023\/05\/5-Logos-actualitzat-01-2023-768x103.jpg 768w, https:\/\/agora.xtec.cat\/esc-laplana\/wp-content\/uploads\/usu2664\/2023\/05\/5-Logos-actualitzat-01-2023-1536x205.jpg 1536w, https:\/\/agora.xtec.cat\/esc-laplana\/wp-content\/uploads\/usu2664\/2023\/05\/5-Logos-actualitzat-01-2023-2048x273.jpg 2048w\" sizes=\"auto, (max-width: 1024px) 100vw, 1024px\" \/><\/p>\n","protected":false},"excerpt":{"rendered":"<p>Ja van arribant els materials i els productes que hem pogut adquirir gr\u00e0cies a la subvenci\u00f3 del PMOE PROA+. Aquests nous espais van ser escollits per l&#8217;alumnat de l&#8217;escola a les Assemblees Generals d&#8217;alumnes\/as que fem de manera trimestral i a les Reunions de Delegats\/des&hellip;  <a href=\"https:\/\/agora.xtec.cat\/esc-laplana\/general\/dinamitzacio-de-patis\/\" title=\"Read Dinamitzaci\u00f3 de patis\">Llegeix m\u00e9s\u00bb<\/a><\/p>\n","protected":false},"author":1,"featured_media":840,"comment_status":"open","ping_status":"closed","sticky":false,"template":"","format":"standard","meta":{"_bbp_topic_count":0,"_bbp_reply_count":0,"_bbp_total_topic_count":0,"_bbp_total_reply_count":0,"_bbp_voice_count":0,"_bbp_anonymous_reply_count":0,"_bbp_topic_count_hidden":0,"_bbp_reply_count_hidden":0,"_bbp_forum_subforum_count":0,"footnotes":""},"categories":[63,1,2,4,5],"tags":[],"class_list":["post-1024","post","type-post","status-publish","format-standard","has-post-thumbnail","hentry","category-consell-de-delegats-des-i-subdelegats-des-2","category-general","category-i4-promo-24-32","category-portada","category-primaria"],"post_mailing_queue_ids":[],"_links":{"self":[{"href":"https:\/\/agora.xtec.cat\/esc-laplana\/wp-json\/wp\/v2\/posts\/1024","targetHints":{"allow":["GET"]}}],"collection":[{"href":"https:\/\/agora.xtec.cat\/esc-laplana\/wp-json\/wp\/v2\/posts"}],"about":[{"href":"https:\/\/agora.xtec.cat\/esc-laplana\/wp-json\/wp\/v2\/types\/post"}],"author":[{"embeddable":true,"href":"https:\/\/agora.xtec.cat\/esc-laplana\/wp-json\/wp\/v2\/users\/1"}],"replies":[{"embeddable":true,"href":"https:\/\/agora.xtec.cat\/esc-laplana\/wp-json\/wp\/v2\/comments?post=1024"}],"version-history":[{"count":2,"href":"https:\/\/agora.xtec.cat\/esc-laplana\/wp-json\/wp\/v2\/posts\/1024\/revisions"}],"predecessor-version":[{"id":1027,"href":"https:\/\/agora.xtec.cat\/esc-laplana\/wp-json\/wp\/v2\/posts\/1024\/revisions\/1027"}],"wp:featuredmedia":[{"embeddable":true,"href":"https:\/\/agora.xtec.cat\/esc-laplana\/wp-json\/wp\/v2\/media\/840"}],"wp:attachment":[{"href":"https:\/\/agora.xtec.cat\/esc-laplana\/wp-json\/wp\/v2\/media?parent=1024"}],"wp:term":[{"taxonomy":"category","embeddable":true,"href":"https:\/\/agora.xtec.cat\/esc-laplana\/wp-json\/wp\/v2\/categories?post=1024"},{"taxonomy":"post_tag","embeddable":true,"href":"https:\/\/agora.xtec.cat\/esc-laplana\/wp-json\/wp\/v2\/tags?post=1024"}],"curies":[{"name":"wp","href":"https:\/\/api.w.org\/{rel}","templated":true}]}}