{"id":1004,"date":"2023-04-28T08:48:15","date_gmt":"2023-04-28T06:48:15","guid":{"rendered":"https:\/\/agora.xtec.cat\/esc-laplana\/?p=1004"},"modified":"2023-04-28T08:51:17","modified_gmt":"2023-04-28T06:51:17","slug":"sol-licitud-ajuts-de-menjador-curs-23-24","status":"publish","type":"post","link":"https:\/\/agora.xtec.cat\/esc-laplana\/portada\/sol-licitud-ajuts-de-menjador-curs-23-24\/","title":{"rendered":"SOL.LICITUD AJUTS DE MENJADOR CURS 23-24"},"content":{"rendered":"<p data-pm-slice=\"1 1 []\">Benvolgudes fam\u00edlies,<\/p>\n<p>Us informem de com es poden sol.l<a href=\"http:\/\/tarragones.cat\/ensenyament\/menjadors-escolars-ajuts-1\" target=\"_blank\" rel=\"noopener noreferrer nofollow\">icitar els<strong> AJUTS INDIVIDUALS DE MENJADOR (AIM) 2023-24.<\/strong><\/a><\/p>\n<p><a href=\"http:\/\/tarragones.cat\/ensenyament\/menjadors-escolars-ajuts-1\" target=\"_blank\" rel=\"noopener noreferrer nofollow\">Per la<\/a> 1a C<a href=\"http:\/\/tarragones.cat\/ensenyament\/menjadors-escolars-ajuts-1\" target=\"_blank\" rel=\"noopener noreferrer nofollow\">onvocat\u00f2ria <strong>el Termini de presentaci\u00f3 de les sol\u00b7licituds \u00e9s del <u>15 de maig al 2 de juny<\/u><\/strong><\/a><strong><u> de 2023 (inclosos).<\/u><\/strong><\/p>\n<p>Es poden presentar <strong><u>de <\/u><\/strong><a href=\"http:\/\/tarragones.cat\/ensenyament\/menjadors-escolars-ajuts-1\" target=\"_blank\" rel=\"noopener noreferrer nofollow\"><strong><u>3 <\/u><\/strong><\/a><a href=\"http:\/\/www.tarragones.cat\/\" target=\"_blank\" rel=\"noopener noreferrer nofollow\"><strong><u>maneres<\/u><\/strong>:<\/a><\/p>\n<ul>\n<li><a href=\"http:\/\/www.tarragones.cat\/\" target=\"_blank\" rel=\"noopener noreferrer nofollow\"><strong><u>Via telem\u00e0tica<\/u><\/strong> (cal disposar d&#8217;un ordinador, no es pot fer amb el m\u00f2bil i cal tenir DNI\/TIE\/PASSAPORT. Per a m\u00e9s informaci\u00f3 977 25<\/a> 15 73) <a href=\"http:\/\/tarragones.cat\/ensenyament\/menjadors-escolars-ajuts-1\" target=\"_blank\" rel=\"noopener noreferrer nofollow\">: <\/a><a href=\"http:\/\/www.tarragones.cat\/\" target=\"_blank\" rel=\"noopener noreferrer nofollow\">http:\/\/www.tarragones.cat\/<\/a><\/li>\n<li><a href=\"http:\/\/tarragones.cat\/ensenyament\/menjadors-escolars-ajuts-1\" target=\"_blank\" rel=\"noopener noreferrer nofollow\"><strong><u>Centre docent<\/u><\/strong><\/a> Si voleu tramitar la sol.licitud <strong><u>a l&#8217;escola<\/u><\/strong> l&#8217;horari ser\u00e0 el seg\u00fcent:<\/li>\n<\/ul>\n<ul>\n<li>Dilluns <strong>15\/05 <\/strong>de <u>15h a 16h<\/u><\/li>\n<li>Dimarts <strong>16\/05<\/strong> de <u>9.30h a 13h<\/u>.<\/li>\n<li>Dimecres <strong style=\"font-family: inherit; font-size: 1em;\">17\/05<\/strong><span style=\"font-family: inherit; font-size: 1em;\"> de <\/span><u style=\"font-family: inherit; font-size: 1em;\">11h a 13h<\/u><span style=\"font-family: inherit; font-size: 1em;\"> i de <\/span><u style=\"font-family: inherit; font-size: 1em;\">15h a 16h<\/u><span style=\"font-family: inherit; font-size: 1em;\">.<\/span><\/li>\n<li>Dijous <strong style=\"font-family: inherit; font-size: 1em;\">18\/05<\/strong><span style=\"font-family: inherit; font-size: 1em;\"> de <\/span><u style=\"font-family: inherit; font-size: 1em;\">15h a 16h<\/u><span style=\"font-family: inherit; font-size: 1em;\">.<\/span><\/li>\n<li>Divendres <strong style=\"font-family: inherit; font-size: 1em;\">19\/05 <\/strong><span style=\"font-family: inherit; font-size: 1em;\">de<\/span><u style=\"font-family: inherit; font-size: 1em;\"> 11h a 13h<\/u><span style=\"font-family: inherit; font-size: 1em;\">.<\/span><strong>NO ES TRAMITARAN SOL.LICITUDS A L&#8217;ESCOLA FORA D&#8217;AQUEST HORARI NI CAP ALTRE DIA.<\/strong><\/li>\n<\/ul>\n<ul>\n<li><a href=\"http:\/\/tarragones.cat\/ensenyament\/menjadors-escolars-ajuts-1\" target=\"_blank\" rel=\"noopener noreferrer nofollow\"><strong><u>Consell Comarcal Tarragon\u00e8s-CCT <\/u><\/strong><\/a><strong>de manera presencial, <\/strong>cal demanar CITA PR\u00c8VIA partir del 8 de maig a: <a href=\"http:\/\/tarragones.cat\/cita-previa-1\" target=\"_blank\" rel=\"noopener noreferrer nofollow\">http:\/\/tarragones.cat\/cita-previa-1<\/a> i descarregar el model de sol.licitud del CCT (C\/ de les Coques, 3 Tarragona 977 24 45 00)<\/li>\n<\/ul>\n<p><a href=\"http:\/\/tarragones.cat\/ensenyament\/menjadors-escolars-ajuts-1\" target=\"_blank\" rel=\"noopener noreferrer nofollow\">LA NOVETAT: hi ha un <strong>model \u00daNIC de sol.licitud per a tothom<\/strong> (desapareix el model abreujat).<\/a><\/p>\n<p><a href=\"http:\/\/tarragones.cat\/ensenyament\/menjadors-escolars-ajuts-1\" target=\"_blank\" rel=\"noopener noreferrer nofollow\">Per a<\/a> m\u00e9s informaci\u00f3 sobre la convocat\u00f2ria d\u2019AIM: b<a href=\"http:\/\/tarragones.cat\/ensenyament\/menjadors-escolars-ajuts-1\" target=\"_blank\" rel=\"noopener noreferrer nofollow\">ases, terminis, models de sol\u00b7licitud i resoluci\u00f3 dels ajuts podeu consultar<\/a> la web: <a href=\"http:\/\/tarragones.cat\/ensenyament\/menjadors-escolars-ajuts-1\" target=\"_blank\" rel=\"noopener noreferrer nofollow\">http:\/\/tarragones.cat\/ensenyament\/menjadors-escolars-ajuts-1<\/a><\/p>\n<p><iframe loading=\"lazy\" src=\"https:\/\/drive.google.com\/file\/d\/1l8H1LEnnLhZpna4Ut5ZMD6jEZbRZnKbB\/preview\" width=\"640\" height=\"480\"><\/iframe><\/p>\n","protected":false},"excerpt":{"rendered":"<p>Benvolgudes fam\u00edlies,<br \/>\nUs informem de com es poden sol.l<a href=\"http:\/\/tarragones.cat\/ensenyament\/menjadors-escolars-ajuts-1\" target=\"_blank\" rel=\"noopener noreferrer nofollow\">icitar els AJUTS INDIVIDUALS DE MENJADOR (AIM) 2023-24.<\/a><br \/>\n<a href=\"http:\/\/tarragones.cat\/ensenyament\/menjadors-escolars-ajuts-1\" target=\"_blank\" rel=\"noopener noreferrer nofollow\">Per la<\/a> 1a C<a href=\"http:\/\/tarragones.cat\/ensenyament\/menjadors-escolars-ajuts-1\" target=\"_blank\" rel=\"noopener noreferrer nofollow\">onvocat\u00f2ria el Termini de presentaci\u00f3 de les sol\u00b7licituds \u00e9s del 15 de maig&hellip;  <a href=\"https:\/\/agora.xtec.cat\/esc-laplana\/portada\/sol-licitud-ajuts-de-menjador-curs-23-24\/\" title=\"Read SOL.LICITUD AJUTS DE MENJADOR CURS 23-24\">Llegeix m\u00e9s\u00bb<\/a><\/p>\n","protected":false},"author":1,"featured_media":840,"comment_status":"open","ping_status":"closed","sticky":false,"template":"","format":"standard","meta":{"_bbp_topic_count":0,"_bbp_reply_count":0,"_bbp_total_topic_count":0,"_bbp_total_reply_count":0,"_bbp_voice_count":0,"_bbp_anonymous_reply_count":0,"_bbp_topic_count_hidden":0,"_bbp_reply_count_hidden":0,"_bbp_forum_subforum_count":0,"footnotes":""},"categories":[4],"tags":[],"class_list":["post-1004","post","type-post","status-publish","format-standard","has-post-thumbnail","hentry","category-portada"],"post_mailing_queue_ids":[],"_links":{"self":[{"href":"https:\/\/agora.xtec.cat\/esc-laplana\/wp-json\/wp\/v2\/posts\/1004","targetHints":{"allow":["GET"]}}],"collection":[{"href":"https:\/\/agora.xtec.cat\/esc-laplana\/wp-json\/wp\/v2\/posts"}],"about":[{"href":"https:\/\/agora.xtec.cat\/esc-laplana\/wp-json\/wp\/v2\/types\/post"}],"author":[{"embeddable":true,"href":"https:\/\/agora.xtec.cat\/esc-laplana\/wp-json\/wp\/v2\/users\/1"}],"replies":[{"embeddable":true,"href":"https:\/\/agora.xtec.cat\/esc-laplana\/wp-json\/wp\/v2\/comments?post=1004"}],"version-history":[{"count":3,"href":"https:\/\/agora.xtec.cat\/esc-laplana\/wp-json\/wp\/v2\/posts\/1004\/revisions"}],"predecessor-version":[{"id":1009,"href":"https:\/\/agora.xtec.cat\/esc-laplana\/wp-json\/wp\/v2\/posts\/1004\/revisions\/1009"}],"wp:featuredmedia":[{"embeddable":true,"href":"https:\/\/agora.xtec.cat\/esc-laplana\/wp-json\/wp\/v2\/media\/840"}],"wp:attachment":[{"href":"https:\/\/agora.xtec.cat\/esc-laplana\/wp-json\/wp\/v2\/media?parent=1004"}],"wp:term":[{"taxonomy":"category","embeddable":true,"href":"https:\/\/agora.xtec.cat\/esc-laplana\/wp-json\/wp\/v2\/categories?post=1004"},{"taxonomy":"post_tag","embeddable":true,"href":"https:\/\/agora.xtec.cat\/esc-laplana\/wp-json\/wp\/v2\/tags?post=1004"}],"curies":[{"name":"wp","href":"https:\/\/api.w.org\/{rel}","templated":true}]}}