{"id":3097,"date":"2025-03-11T18:13:40","date_gmt":"2025-03-11T17:13:40","guid":{"rendered":"https:\/\/agora.xtec.cat\/esc-laginesta-segurdecalafell\/?p=3097"},"modified":"2025-04-03T09:56:58","modified_gmt":"2025-04-03T07:56:58","slug":"enllacos-preinscripcio","status":"publish","type":"post","link":"https:\/\/agora.xtec.cat\/esc-laginesta-segurdecalafell\/general\/enllacos-preinscripcio\/","title":{"rendered":"ENLLA\u00c7OS PREINSCRIPCI\u00d3"},"content":{"rendered":"<h2><span style=\"color: #99cc00;\"><strong>INFANTIL<\/strong><\/span><strong> &#8211; Fes la sol\u00b7licitud de preinscripci\u00f3<\/strong><\/h2>\n<p>La sol\u00b7licitud de preinscripci\u00f3 d&#8217;educaci\u00f3 infantil, l&#8217;has de presentar <span style=\"color: #99cc00;\"><strong>del 12 al 26 de mar\u00e7<\/strong><\/span>\u00a0i has d&#8217;adjuntar-hi la documentaci\u00f3 d&#8217;identificaci\u00f3 o de criteris que correspongui.<\/p>\n<p>En aquest enlla\u00e7 hi trobareu tota la informaci\u00f3 del proc\u00e9s de preinscripci\u00f3:<\/p>\n<p><a href=\"https:\/\/preinscripcio.gencat.cat\/ca\/estudis\/infantil-3-6\/inici\/\" target=\"_blank\" rel=\"noopener\"><strong>ENLLA\u00c7 PREINSCRIPCI\u00d3 INFANTIL &#8211; GENCAT.CAT<\/strong><\/a><\/p>\n<h2><\/h2>\n<h2><span style=\"color: #00ccff;\"><strong>PRIM\u00c0RIA<\/strong><\/span><strong> &#8211; Fes la sol\u00b7licitud de preinscripci\u00f3<\/strong><\/h2>\n<p>La sol\u00b7licitud de preinscripci\u00f3 d&#8217;educaci\u00f3 prim\u00e0ria, l&#8217;has de presentar del <span style=\"color: #00ccff;\"><strong>del 12 al 26 de mar\u00e7<\/strong><\/span>\u00a0i has d&#8217;adjuntar-hi la documentaci\u00f3 d&#8217;identificaci\u00f3 o de criteris que correspongui.<\/p>\n<p>En aquest enlla\u00e7 hi trobareu tota la informaci\u00f3 del proc\u00e9s de preinscripci\u00f3:<\/p>\n<p><a href=\"https:\/\/preinscripcio.gencat.cat\/ca\/estudis\/primaria\/inici\/\"><strong>ENLLA\u00c7 PREINSCRIPCI\u00d3 PRIM\u00c0RIA &#8211; GENCAT.CAT<\/strong><\/a><\/p>\n","protected":false},"excerpt":{"rendered":"<p>INFANTIL &#8211; Fes la sol\u00b7licitud de preinscripci\u00f3 La sol\u00b7licitud de preinscripci\u00f3 d&#8217;educaci\u00f3 infantil, l&#8217;has de presentar del 12 al 26 de mar\u00e7\u00a0i has d&#8217;adjuntar-hi la documentaci\u00f3 d&#8217;identificaci\u00f3 o de criteris que correspongui. En aquest enlla\u00e7 hi trobareu tota la informaci\u00f3 del proc\u00e9s de preinscripci\u00f3: ENLLA\u00c7 PREINSCRIPCI\u00d3 INFANTIL &#8211; GENCAT.CAT PRIM\u00c0RIA &#8211; Fes la sol\u00b7licitud de [&hellip;]<\/p>\n","protected":false},"author":1,"featured_media":0,"comment_status":"open","ping_status":"closed","sticky":false,"template":"","format":"standard","meta":{"_bbp_topic_count":0,"_bbp_reply_count":0,"_bbp_total_topic_count":0,"_bbp_total_reply_count":0,"_bbp_voice_count":0,"_bbp_anonymous_reply_count":0,"_bbp_topic_count_hidden":0,"_bbp_reply_count_hidden":0,"_bbp_forum_subforum_count":0,"site-sidebar-layout":"default","site-content-layout":"","ast-site-content-layout":"","site-content-style":"default","site-sidebar-style":"default","ast-global-header-display":"","ast-banner-title-visibility":"","ast-main-header-display":"","ast-hfb-above-header-display":"","ast-hfb-below-header-display":"","ast-hfb-mobile-header-display":"","site-post-title":"","ast-breadcrumbs-content":"","ast-featured-img":"","footer-sml-layout":"","theme-transparent-header-meta":"","adv-header-id-meta":"","stick-header-meta":"","header-above-stick-meta":"","header-main-stick-meta":"","header-below-stick-meta":"","astra-migrate-meta-layouts":"default","ast-page-background-enabled":"default","ast-page-background-meta":{"desktop":{"background-color":"var(--ast-global-color-5)","background-image":"","background-repeat":"repeat","background-position":"center center","background-size":"auto","background-attachment":"scroll","background-type":"","background-media":"","overlay-type":"","overlay-color":"","overlay-opacity":"","overlay-gradient":""},"tablet":{"background-color":"","background-image":"","background-repeat":"repeat","background-position":"center center","background-size":"auto","background-attachment":"scroll","background-type":"","background-media":"","overlay-type":"","overlay-color":"","overlay-opacity":"","overlay-gradient":""},"mobile":{"background-color":"","background-image":"","background-repeat":"repeat","background-position":"center center","background-size":"auto","background-attachment":"scroll","background-type":"","background-media":"","overlay-type":"","overlay-color":"","overlay-opacity":"","overlay-gradient":""}},"ast-content-background-meta":{"desktop":{"background-color":"var(--ast-global-color-4)","background-image":"","background-repeat":"repeat","background-position":"center center","background-size":"auto","background-attachment":"scroll","background-type":"","background-media":"","overlay-type":"","overlay-color":"","overlay-opacity":"","overlay-gradient":""},"tablet":{"background-color":"var(--ast-global-color-4)","background-image":"","background-repeat":"repeat","background-position":"center center","background-size":"auto","background-attachment":"scroll","background-type":"","background-media":"","overlay-type":"","overlay-color":"","overlay-opacity":"","overlay-gradient":""},"mobile":{"background-color":"var(--ast-global-color-4)","background-image":"","background-repeat":"repeat","background-position":"center center","background-size":"auto","background-attachment":"scroll","background-type":"","background-media":"","overlay-type":"","overlay-color":"","overlay-opacity":"","overlay-gradient":""}},"footnotes":""},"categories":[1,82],"tags":[],"class_list":["post-3097","post","type-post","status-publish","format-standard","hentry","category-general","category-portada"],"post_mailing_queue_ids":[],"_links":{"self":[{"href":"https:\/\/agora.xtec.cat\/esc-laginesta-segurdecalafell\/wp-json\/wp\/v2\/posts\/3097","targetHints":{"allow":["GET"]}}],"collection":[{"href":"https:\/\/agora.xtec.cat\/esc-laginesta-segurdecalafell\/wp-json\/wp\/v2\/posts"}],"about":[{"href":"https:\/\/agora.xtec.cat\/esc-laginesta-segurdecalafell\/wp-json\/wp\/v2\/types\/post"}],"author":[{"embeddable":true,"href":"https:\/\/agora.xtec.cat\/esc-laginesta-segurdecalafell\/wp-json\/wp\/v2\/users\/1"}],"replies":[{"embeddable":true,"href":"https:\/\/agora.xtec.cat\/esc-laginesta-segurdecalafell\/wp-json\/wp\/v2\/comments?post=3097"}],"version-history":[{"count":2,"href":"https:\/\/agora.xtec.cat\/esc-laginesta-segurdecalafell\/wp-json\/wp\/v2\/posts\/3097\/revisions"}],"predecessor-version":[{"id":3104,"href":"https:\/\/agora.xtec.cat\/esc-laginesta-segurdecalafell\/wp-json\/wp\/v2\/posts\/3097\/revisions\/3104"}],"wp:attachment":[{"href":"https:\/\/agora.xtec.cat\/esc-laginesta-segurdecalafell\/wp-json\/wp\/v2\/media?parent=3097"}],"wp:term":[{"taxonomy":"category","embeddable":true,"href":"https:\/\/agora.xtec.cat\/esc-laginesta-segurdecalafell\/wp-json\/wp\/v2\/categories?post=3097"},{"taxonomy":"post_tag","embeddable":true,"href":"https:\/\/agora.xtec.cat\/esc-laginesta-segurdecalafell\/wp-json\/wp\/v2\/tags?post=3097"}],"curies":[{"name":"wp","href":"https:\/\/api.w.org\/{rel}","templated":true}]}}