{"id":2869,"date":"2024-04-23T16:07:45","date_gmt":"2024-04-23T14:07:45","guid":{"rendered":"https:\/\/agora.xtec.cat\/esc-laginesta-segurdecalafell\/?p=2869"},"modified":"2024-05-13T16:00:06","modified_gmt":"2024-05-13T14:00:06","slug":"sant-jordi-23-24","status":"publish","type":"post","link":"https:\/\/agora.xtec.cat\/esc-laginesta-segurdecalafell\/general\/sant-jordi-23-24\/","title":{"rendered":"Sant Jordi 23-24"},"content":{"rendered":"<p><span style=\"font-weight: 400;\">El dimarts 23 d\u2019abril vam celebrar Sant Jordi a l\u2019escola. Pel mati els alumnes van realitzar diferents tallers relacionats amb la diada: construcci\u00f3 de castells amb material reciclat, conta contes, manualitats de roses i punts de llibre, representaci\u00f3 de la llegenda , can\u00e7ons i danses&#8230;<\/span><\/p>\n<p><span style=\"font-weight: 400;\">A la tarda vam gaudir d\u2019un espectacle per part de les fam\u00edlies de l\u2019AFA. Van fer la representaci\u00f3 de la llegenda amb una mirada alternativa, propera als temps d\u2019ara! El alumnes ho van gaudir molt!!<\/span><\/p>\n<p><span style=\"font-weight: 400;\">Tamb\u00e9 vam veure un v\u00eddeo on es recreava la llegenda en espais del nostre poble com la ciutadella ib\u00e8rica i el Castell.<\/span><\/p>\n<p><img loading=\"lazy\" decoding=\"async\" class=\"aligncenter size-large wp-image-2871\" src=\"https:\/\/agora.xtec.cat\/esc-laginesta-segurdecalafell\/wp-content\/uploads\/usu578\/2024\/04\/SANT-JORDI2024-1-636x1024.jpg\" alt=\"\" width=\"636\" height=\"1024\" srcset=\"https:\/\/agora.xtec.cat\/esc-laginesta-segurdecalafell\/wp-content\/uploads\/usu578\/2024\/04\/SANT-JORDI2024-1-636x1024.jpg 636w, https:\/\/agora.xtec.cat\/esc-laginesta-segurdecalafell\/wp-content\/uploads\/usu578\/2024\/04\/SANT-JORDI2024-1-186x300.jpg 186w, https:\/\/agora.xtec.cat\/esc-laginesta-segurdecalafell\/wp-content\/uploads\/usu578\/2024\/04\/SANT-JORDI2024-1-768x1237.jpg 768w, https:\/\/agora.xtec.cat\/esc-laginesta-segurdecalafell\/wp-content\/uploads\/usu578\/2024\/04\/SANT-JORDI2024-1-953x1536.jpg 953w, https:\/\/agora.xtec.cat\/esc-laginesta-segurdecalafell\/wp-content\/uploads\/usu578\/2024\/04\/SANT-JORDI2024-1.jpg 1080w\" sizes=\"auto, (max-width: 636px) 100vw, 636px\" \/><\/p>\n","protected":false},"excerpt":{"rendered":"<p>El dimarts 23 d\u2019abril vam celebrar Sant Jordi a l\u2019escola. Pel mati els alumnes van realitzar diferents tallers relacionats amb la diada: construcci\u00f3 de castells amb material reciclat, conta contes, manualitats de roses i punts de llibre, representaci\u00f3 de la llegenda , can\u00e7ons i danses&#8230; A la tarda vam gaudir d\u2019un espectacle per part de [&hellip;]<\/p>\n","protected":false},"author":1,"featured_media":0,"comment_status":"open","ping_status":"closed","sticky":false,"template":"","format":"standard","meta":{"_bbp_topic_count":0,"_bbp_reply_count":0,"_bbp_total_topic_count":0,"_bbp_total_reply_count":0,"_bbp_voice_count":0,"_bbp_anonymous_reply_count":0,"_bbp_topic_count_hidden":0,"_bbp_reply_count_hidden":0,"_bbp_forum_subforum_count":0,"site-sidebar-layout":"default","site-content-layout":"","ast-site-content-layout":"","site-content-style":"default","site-sidebar-style":"default","ast-global-header-display":"","ast-banner-title-visibility":"","ast-main-header-display":"","ast-hfb-above-header-display":"","ast-hfb-below-header-display":"","ast-hfb-mobile-header-display":"","site-post-title":"","ast-breadcrumbs-content":"","ast-featured-img":"","footer-sml-layout":"","theme-transparent-header-meta":"","adv-header-id-meta":"","stick-header-meta":"","header-above-stick-meta":"","header-main-stick-meta":"","header-below-stick-meta":"","astra-migrate-meta-layouts":"default","ast-page-background-enabled":"default","ast-page-background-meta":{"desktop":{"background-color":"var(--ast-global-color-5)","background-image":"","background-repeat":"repeat","background-position":"center center","background-size":"auto","background-attachment":"scroll","background-type":"","background-media":"","overlay-type":"","overlay-color":"","overlay-opacity":"","overlay-gradient":""},"tablet":{"background-color":"","background-image":"","background-repeat":"repeat","background-position":"center center","background-size":"auto","background-attachment":"scroll","background-type":"","background-media":"","overlay-type":"","overlay-color":"","overlay-opacity":"","overlay-gradient":""},"mobile":{"background-color":"","background-image":"","background-repeat":"repeat","background-position":"center center","background-size":"auto","background-attachment":"scroll","background-type":"","background-media":"","overlay-type":"","overlay-color":"","overlay-opacity":"","overlay-gradient":""}},"ast-content-background-meta":{"desktop":{"background-color":"var(--ast-global-color-4)","background-image":"","background-repeat":"repeat","background-position":"center center","background-size":"auto","background-attachment":"scroll","background-type":"","background-media":"","overlay-type":"","overlay-color":"","overlay-opacity":"","overlay-gradient":""},"tablet":{"background-color":"var(--ast-global-color-4)","background-image":"","background-repeat":"repeat","background-position":"center center","background-size":"auto","background-attachment":"scroll","background-type":"","background-media":"","overlay-type":"","overlay-color":"","overlay-opacity":"","overlay-gradient":""},"mobile":{"background-color":"var(--ast-global-color-4)","background-image":"","background-repeat":"repeat","background-position":"center center","background-size":"auto","background-attachment":"scroll","background-type":"","background-media":"","overlay-type":"","overlay-color":"","overlay-opacity":"","overlay-gradient":""}},"footnotes":""},"categories":[1,82],"tags":[],"class_list":["post-2869","post","type-post","status-publish","format-standard","hentry","category-general","category-portada"],"post_mailing_queue_ids":[],"_links":{"self":[{"href":"https:\/\/agora.xtec.cat\/esc-laginesta-segurdecalafell\/wp-json\/wp\/v2\/posts\/2869","targetHints":{"allow":["GET"]}}],"collection":[{"href":"https:\/\/agora.xtec.cat\/esc-laginesta-segurdecalafell\/wp-json\/wp\/v2\/posts"}],"about":[{"href":"https:\/\/agora.xtec.cat\/esc-laginesta-segurdecalafell\/wp-json\/wp\/v2\/types\/post"}],"author":[{"embeddable":true,"href":"https:\/\/agora.xtec.cat\/esc-laginesta-segurdecalafell\/wp-json\/wp\/v2\/users\/1"}],"replies":[{"embeddable":true,"href":"https:\/\/agora.xtec.cat\/esc-laginesta-segurdecalafell\/wp-json\/wp\/v2\/comments?post=2869"}],"version-history":[{"count":1,"href":"https:\/\/agora.xtec.cat\/esc-laginesta-segurdecalafell\/wp-json\/wp\/v2\/posts\/2869\/revisions"}],"predecessor-version":[{"id":2872,"href":"https:\/\/agora.xtec.cat\/esc-laginesta-segurdecalafell\/wp-json\/wp\/v2\/posts\/2869\/revisions\/2872"}],"wp:attachment":[{"href":"https:\/\/agora.xtec.cat\/esc-laginesta-segurdecalafell\/wp-json\/wp\/v2\/media?parent=2869"}],"wp:term":[{"taxonomy":"category","embeddable":true,"href":"https:\/\/agora.xtec.cat\/esc-laginesta-segurdecalafell\/wp-json\/wp\/v2\/categories?post=2869"},{"taxonomy":"post_tag","embeddable":true,"href":"https:\/\/agora.xtec.cat\/esc-laginesta-segurdecalafell\/wp-json\/wp\/v2\/tags?post=2869"}],"curies":[{"name":"wp","href":"https:\/\/api.w.org\/{rel}","templated":true}]}}