{"id":2782,"date":"2024-02-05T16:07:55","date_gmt":"2024-02-05T15:07:55","guid":{"rendered":"https:\/\/agora.xtec.cat\/esc-laginesta-segurdecalafell\/?p=2782"},"modified":"2024-02-05T16:09:50","modified_gmt":"2024-02-05T15:09:50","slug":"dia-de-la-pau-i-no-violencia","status":"publish","type":"post","link":"https:\/\/agora.xtec.cat\/esc-laginesta-segurdecalafell\/general\/dia-de-la-pau-i-no-violencia\/","title":{"rendered":"Dia de la Pau i No-viol\u00e8ncia"},"content":{"rendered":"<p>El Dia de la Pau i No-viol\u00e8ncia \u00e9s una oportunitat per recordar-nos a tots nosaltres la import\u00e0ncia de fomentar la pau tant dins com fora de les aules.<\/p>\n<p><span style=\"font-family: inherit; font-size: 1em;\">Al llarg del dia els infants han participat en diferents propostes convidant-los a reflexions que ens recordin la import\u00e0ncia de ser agents actius de la pau perqu\u00e8 com b\u00e9 deia Mahatma Gandhi \u201cSi volem aconseguir una pau veritable en aquest m\u00f3n hem de comen\u00e7ar amb els infants, i si creixen en la seva innoc\u00e8ncia natural, no haurem de lluitar, sin\u00f3 que anirem de l\u2019amor a l\u2019amor i de la pau a la pau, fins que per fi, tots els racons del m\u00f3n estiguin coberts de pau i amor\u201d.\u00a0<\/span><\/p>\n<p><a href=\"https:\/\/drive.google.com\/file\/d\/1uiY3salaWcYc0w5-uRG4LxT_spN9wB2D\/view?usp=sharing\" target=\"_blank\" rel=\"noopener\"><img loading=\"lazy\" decoding=\"async\" class=\"aligncenter wp-image-2783\" src=\"https:\/\/agora.xtec.cat\/esc-laginesta-segurdecalafell\/wp-content\/uploads\/usu578\/2024\/01\/1706720917281-1-1024x768.jpg\" alt=\"\" width=\"327\" height=\"245\" srcset=\"https:\/\/agora.xtec.cat\/esc-laginesta-segurdecalafell\/wp-content\/uploads\/usu578\/2024\/01\/1706720917281-1-1024x768.jpg 1024w, https:\/\/agora.xtec.cat\/esc-laginesta-segurdecalafell\/wp-content\/uploads\/usu578\/2024\/01\/1706720917281-1-300x225.jpg 300w, https:\/\/agora.xtec.cat\/esc-laginesta-segurdecalafell\/wp-content\/uploads\/usu578\/2024\/01\/1706720917281-1-768x576.jpg 768w, https:\/\/agora.xtec.cat\/esc-laginesta-segurdecalafell\/wp-content\/uploads\/usu578\/2024\/01\/1706720917281-1-1536x1152.jpg 1536w, https:\/\/agora.xtec.cat\/esc-laginesta-segurdecalafell\/wp-content\/uploads\/usu578\/2024\/01\/1706720917281-1-200x150.jpg 200w, https:\/\/agora.xtec.cat\/esc-laginesta-segurdecalafell\/wp-content\/uploads\/usu578\/2024\/01\/1706720917281-1.jpg 2000w\" sizes=\"auto, (max-width: 327px) 100vw, 327px\" \/><\/a><\/p>\n<p><em><strong>Podeu accedir a un v\u00eddeo que resumeix la cloenda que s&#8217;ha dut a terme clicant sobre la imatge!<\/strong><\/em><\/p>\n<p><a href=\"https:\/\/drive.google.com\/file\/d\/1iCp7U1i8AvRcR7l_xOPJpRVcAypBm2bE\/view?usp=sharing\" target=\"_blank\" rel=\"noopener\"><img loading=\"lazy\" decoding=\"async\" class=\"aligncenter size-large wp-image-2790\" src=\"https:\/\/agora.xtec.cat\/esc-laginesta-segurdecalafell\/wp-content\/uploads\/usu578\/2024\/02\/portada-video-1024x576.png\" alt=\"\" width=\"1024\" height=\"576\" srcset=\"https:\/\/agora.xtec.cat\/esc-laginesta-segurdecalafell\/wp-content\/uploads\/usu578\/2024\/02\/portada-video-1024x576.png 1024w, https:\/\/agora.xtec.cat\/esc-laginesta-segurdecalafell\/wp-content\/uploads\/usu578\/2024\/02\/portada-video-300x169.png 300w, https:\/\/agora.xtec.cat\/esc-laginesta-segurdecalafell\/wp-content\/uploads\/usu578\/2024\/02\/portada-video-768x432.png 768w, https:\/\/agora.xtec.cat\/esc-laginesta-segurdecalafell\/wp-content\/uploads\/usu578\/2024\/02\/portada-video.png 1195w\" sizes=\"auto, (max-width: 1024px) 100vw, 1024px\" \/><\/a><\/p>\n","protected":false},"excerpt":{"rendered":"<p>El Dia de la Pau i No-viol\u00e8ncia \u00e9s una oportunitat per recordar-nos a tots nosaltres la import\u00e0ncia de fomentar la pau tant dins com fora de les aules. Al llarg del dia els infants han participat en diferents propostes convidant-los a reflexions que ens recordin la import\u00e0ncia de ser agents actius de la pau perqu\u00e8 [&hellip;]<\/p>\n","protected":false},"author":1,"featured_media":0,"comment_status":"open","ping_status":"closed","sticky":false,"template":"","format":"standard","meta":{"_bbp_topic_count":0,"_bbp_reply_count":0,"_bbp_total_topic_count":0,"_bbp_total_reply_count":0,"_bbp_voice_count":0,"_bbp_anonymous_reply_count":0,"_bbp_topic_count_hidden":0,"_bbp_reply_count_hidden":0,"_bbp_forum_subforum_count":0,"site-sidebar-layout":"default","site-content-layout":"","ast-site-content-layout":"","site-content-style":"default","site-sidebar-style":"default","ast-global-header-display":"","ast-banner-title-visibility":"","ast-main-header-display":"","ast-hfb-above-header-display":"","ast-hfb-below-header-display":"","ast-hfb-mobile-header-display":"","site-post-title":"","ast-breadcrumbs-content":"","ast-featured-img":"","footer-sml-layout":"","theme-transparent-header-meta":"","adv-header-id-meta":"","stick-header-meta":"","header-above-stick-meta":"","header-main-stick-meta":"","header-below-stick-meta":"","astra-migrate-meta-layouts":"default","ast-page-background-enabled":"default","ast-page-background-meta":{"desktop":{"background-color":"var(--ast-global-color-5)","background-image":"","background-repeat":"repeat","background-position":"center center","background-size":"auto","background-attachment":"scroll","background-type":"","background-media":"","overlay-type":"","overlay-color":"","overlay-opacity":"","overlay-gradient":""},"tablet":{"background-color":"","background-image":"","background-repeat":"repeat","background-position":"center center","background-size":"auto","background-attachment":"scroll","background-type":"","background-media":"","overlay-type":"","overlay-color":"","overlay-opacity":"","overlay-gradient":""},"mobile":{"background-color":"","background-image":"","background-repeat":"repeat","background-position":"center center","background-size":"auto","background-attachment":"scroll","background-type":"","background-media":"","overlay-type":"","overlay-color":"","overlay-opacity":"","overlay-gradient":""}},"ast-content-background-meta":{"desktop":{"background-color":"var(--ast-global-color-4)","background-image":"","background-repeat":"repeat","background-position":"center center","background-size":"auto","background-attachment":"scroll","background-type":"","background-media":"","overlay-type":"","overlay-color":"","overlay-opacity":"","overlay-gradient":""},"tablet":{"background-color":"var(--ast-global-color-4)","background-image":"","background-repeat":"repeat","background-position":"center center","background-size":"auto","background-attachment":"scroll","background-type":"","background-media":"","overlay-type":"","overlay-color":"","overlay-opacity":"","overlay-gradient":""},"mobile":{"background-color":"var(--ast-global-color-4)","background-image":"","background-repeat":"repeat","background-position":"center center","background-size":"auto","background-attachment":"scroll","background-type":"","background-media":"","overlay-type":"","overlay-color":"","overlay-opacity":"","overlay-gradient":""}},"footnotes":""},"categories":[1,82],"tags":[],"class_list":["post-2782","post","type-post","status-publish","format-standard","hentry","category-general","category-portada"],"post_mailing_queue_ids":[],"_links":{"self":[{"href":"https:\/\/agora.xtec.cat\/esc-laginesta-segurdecalafell\/wp-json\/wp\/v2\/posts\/2782","targetHints":{"allow":["GET"]}}],"collection":[{"href":"https:\/\/agora.xtec.cat\/esc-laginesta-segurdecalafell\/wp-json\/wp\/v2\/posts"}],"about":[{"href":"https:\/\/agora.xtec.cat\/esc-laginesta-segurdecalafell\/wp-json\/wp\/v2\/types\/post"}],"author":[{"embeddable":true,"href":"https:\/\/agora.xtec.cat\/esc-laginesta-segurdecalafell\/wp-json\/wp\/v2\/users\/1"}],"replies":[{"embeddable":true,"href":"https:\/\/agora.xtec.cat\/esc-laginesta-segurdecalafell\/wp-json\/wp\/v2\/comments?post=2782"}],"version-history":[{"count":5,"href":"https:\/\/agora.xtec.cat\/esc-laginesta-segurdecalafell\/wp-json\/wp\/v2\/posts\/2782\/revisions"}],"predecessor-version":[{"id":2793,"href":"https:\/\/agora.xtec.cat\/esc-laginesta-segurdecalafell\/wp-json\/wp\/v2\/posts\/2782\/revisions\/2793"}],"wp:attachment":[{"href":"https:\/\/agora.xtec.cat\/esc-laginesta-segurdecalafell\/wp-json\/wp\/v2\/media?parent=2782"}],"wp:term":[{"taxonomy":"category","embeddable":true,"href":"https:\/\/agora.xtec.cat\/esc-laginesta-segurdecalafell\/wp-json\/wp\/v2\/categories?post=2782"},{"taxonomy":"post_tag","embeddable":true,"href":"https:\/\/agora.xtec.cat\/esc-laginesta-segurdecalafell\/wp-json\/wp\/v2\/tags?post=2782"}],"curies":[{"name":"wp","href":"https:\/\/api.w.org\/{rel}","templated":true}]}}