{"id":2749,"date":"2023-11-16T15:54:04","date_gmt":"2023-11-16T14:54:04","guid":{"rendered":"https:\/\/agora.xtec.cat\/esc-laginesta-segurdecalafell\/?p=2749"},"modified":"2023-11-20T15:57:46","modified_gmt":"2023-11-20T14:57:46","slug":"ambients-a-infantil","status":"publish","type":"post","link":"https:\/\/agora.xtec.cat\/esc-laginesta-segurdecalafell\/general\/ambients-a-infantil\/","title":{"rendered":"AMBIENTS A INFANTIL"},"content":{"rendered":"<p><span style=\"font-weight: 400;\">Els ambients s\u00f3n diferents espais d\u2019aprenentatge, de relaci\u00f3 i de comunicaci\u00f3, on a partir de diferents propostes els alumnes poden actuar, observar, experimentar, construir, inventar i compartir entre ells.\u00a0<\/span><\/p>\n<p><span style=\"font-weight: 400;\">A m\u00e9s, qualsevol capacitat es desenvolupa millor amb el joc i interacci\u00f3 entre iguals i internivell. Per aquest motiu les nostres aules d\u2019Educaci\u00f3 Infantil estan organitzades amb diferents ambients treballats dues tardes a la setmana:<\/span><\/p>\n<p><b>Vida pr\u00e0ctica<\/b><span style=\"font-weight: 400;\">: on poden imitar els rols del seu dia a dia amb activitats quotidianes.<\/span><\/p>\n<p><b>Construcci\u00f3<\/b><span style=\"font-weight: 400;\">: on poden deixar volar la seva imaginaci\u00f3 per crear, a partir de diferents materials.<\/span><\/p>\n<p><b>Joc i moviment<\/b><span style=\"font-weight: 400;\">: on descobreixen les seves pr\u00f2pies possibilitats motrius i afavoreixen les seves relacions socials.<\/span><\/p>\n<p><b>Art<\/b><span style=\"font-weight: 400;\">: on treuen l\u2019artista que tot infant porta dins a partir de la pintura, del modelatge, del troquelatge\u2026<\/span><\/p>\n<p><b>Minimons<\/b><span style=\"font-weight: 400;\">: en aquest ambient els infants es trobaran peces soltes i material no estructurat amb les que podran construir els seus propis escenaris que donaran via lliure al joc i a l\u2019expressi\u00f3.<\/span><\/p>\n<p><b>Teatre<\/b><span style=\"font-weight: 400;\">:\u00a0 l\u2019espai adequat per desenvolupar la imaginaci\u00f3 i la creativitat dels nens\/es. En aquest espai s\u2019afavoreix l\u2019expressi\u00f3 oral i el llenguatge simb\u00f2lic, verbal i corporal. Tenen l\u2019oportunitat de disfressar-se i representar diferents personatges o amb l\u2019\u00fas de titelles de dit fer petites representacions d\u2019hist\u00f2ries o contes.<\/span><\/p>\n<p><b>Experimentaci\u00f3<\/b><span style=\"font-weight: 400;\">: descobreixen el m\u00f3n a partir de diferents materials i reptes.<\/span><\/p>\n<p><b>Calma<\/b><span style=\"font-weight: 400;\">: un lloc tranquil on expresar-se i ralaxar-se.\u00a0<\/span><\/p>\n<p><b>Joc simb\u00f2lic<\/b><span style=\"font-weight: 400;\">: recrear situacions i proposar-ne de noves, alhora,\u00a0 es d\u00f3na una interacci\u00f3 amb els altres infants i una relaci\u00f3 amb els objectes i espais que s\u00f3n utilitzats en funci\u00f3 de la simbologia que aporten els nens i nenes en el joc i en la representaci\u00f3 del rols.<\/span><\/p>\n<p>&nbsp;<\/p>\n<p><img loading=\"lazy\" decoding=\"async\" class=\"aligncenter size-full wp-image-2750\" src=\"https:\/\/agora.xtec.cat\/esc-laginesta-segurdecalafell\/wp-content\/uploads\/usu578\/2023\/11\/Ambients-a-Infantil.png\" alt=\"\" width=\"1024\" height=\"819\" srcset=\"https:\/\/agora.xtec.cat\/esc-laginesta-segurdecalafell\/wp-content\/uploads\/usu578\/2023\/11\/Ambients-a-Infantil.png 1024w, https:\/\/agora.xtec.cat\/esc-laginesta-segurdecalafell\/wp-content\/uploads\/usu578\/2023\/11\/Ambients-a-Infantil-300x240.png 300w, https:\/\/agora.xtec.cat\/esc-laginesta-segurdecalafell\/wp-content\/uploads\/usu578\/2023\/11\/Ambients-a-Infantil-768x614.png 768w\" sizes=\"auto, (max-width: 1024px) 100vw, 1024px\" \/><\/p>\n","protected":false},"excerpt":{"rendered":"<p>Els ambients s\u00f3n diferents espais d\u2019aprenentatge, de relaci\u00f3 i de comunicaci\u00f3, on a partir de diferents propostes els alumnes poden actuar, observar, experimentar, construir, inventar i compartir entre ells.\u00a0 A m\u00e9s, qualsevol capacitat es desenvolupa millor amb el joc i interacci\u00f3 entre iguals i internivell. Per aquest motiu les nostres aules d\u2019Educaci\u00f3 Infantil estan organitzades [&hellip;]<\/p>\n","protected":false},"author":1,"featured_media":0,"comment_status":"open","ping_status":"closed","sticky":false,"template":"","format":"standard","meta":{"_bbp_topic_count":0,"_bbp_reply_count":0,"_bbp_total_topic_count":0,"_bbp_total_reply_count":0,"_bbp_voice_count":0,"_bbp_anonymous_reply_count":0,"_bbp_topic_count_hidden":0,"_bbp_reply_count_hidden":0,"_bbp_forum_subforum_count":0,"site-sidebar-layout":"default","site-content-layout":"","ast-site-content-layout":"","site-content-style":"default","site-sidebar-style":"default","ast-global-header-display":"","ast-banner-title-visibility":"","ast-main-header-display":"","ast-hfb-above-header-display":"","ast-hfb-below-header-display":"","ast-hfb-mobile-header-display":"","site-post-title":"","ast-breadcrumbs-content":"","ast-featured-img":"","footer-sml-layout":"","theme-transparent-header-meta":"","adv-header-id-meta":"","stick-header-meta":"","header-above-stick-meta":"","header-main-stick-meta":"","header-below-stick-meta":"","astra-migrate-meta-layouts":"default","ast-page-background-enabled":"default","ast-page-background-meta":{"desktop":{"background-color":"var(--ast-global-color-5)","background-image":"","background-repeat":"repeat","background-position":"center center","background-size":"auto","background-attachment":"scroll","background-type":"","background-media":"","overlay-type":"","overlay-color":"","overlay-opacity":"","overlay-gradient":""},"tablet":{"background-color":"","background-image":"","background-repeat":"repeat","background-position":"center center","background-size":"auto","background-attachment":"scroll","background-type":"","background-media":"","overlay-type":"","overlay-color":"","overlay-opacity":"","overlay-gradient":""},"mobile":{"background-color":"","background-image":"","background-repeat":"repeat","background-position":"center center","background-size":"auto","background-attachment":"scroll","background-type":"","background-media":"","overlay-type":"","overlay-color":"","overlay-opacity":"","overlay-gradient":""}},"ast-content-background-meta":{"desktop":{"background-color":"var(--ast-global-color-4)","background-image":"","background-repeat":"repeat","background-position":"center center","background-size":"auto","background-attachment":"scroll","background-type":"","background-media":"","overlay-type":"","overlay-color":"","overlay-opacity":"","overlay-gradient":""},"tablet":{"background-color":"var(--ast-global-color-4)","background-image":"","background-repeat":"repeat","background-position":"center center","background-size":"auto","background-attachment":"scroll","background-type":"","background-media":"","overlay-type":"","overlay-color":"","overlay-opacity":"","overlay-gradient":""},"mobile":{"background-color":"var(--ast-global-color-4)","background-image":"","background-repeat":"repeat","background-position":"center center","background-size":"auto","background-attachment":"scroll","background-type":"","background-media":"","overlay-type":"","overlay-color":"","overlay-opacity":"","overlay-gradient":""}},"footnotes":""},"categories":[1,82],"tags":[],"class_list":["post-2749","post","type-post","status-publish","format-standard","hentry","category-general","category-portada"],"post_mailing_queue_ids":[],"_links":{"self":[{"href":"https:\/\/agora.xtec.cat\/esc-laginesta-segurdecalafell\/wp-json\/wp\/v2\/posts\/2749","targetHints":{"allow":["GET"]}}],"collection":[{"href":"https:\/\/agora.xtec.cat\/esc-laginesta-segurdecalafell\/wp-json\/wp\/v2\/posts"}],"about":[{"href":"https:\/\/agora.xtec.cat\/esc-laginesta-segurdecalafell\/wp-json\/wp\/v2\/types\/post"}],"author":[{"embeddable":true,"href":"https:\/\/agora.xtec.cat\/esc-laginesta-segurdecalafell\/wp-json\/wp\/v2\/users\/1"}],"replies":[{"embeddable":true,"href":"https:\/\/agora.xtec.cat\/esc-laginesta-segurdecalafell\/wp-json\/wp\/v2\/comments?post=2749"}],"version-history":[{"count":1,"href":"https:\/\/agora.xtec.cat\/esc-laginesta-segurdecalafell\/wp-json\/wp\/v2\/posts\/2749\/revisions"}],"predecessor-version":[{"id":2751,"href":"https:\/\/agora.xtec.cat\/esc-laginesta-segurdecalafell\/wp-json\/wp\/v2\/posts\/2749\/revisions\/2751"}],"wp:attachment":[{"href":"https:\/\/agora.xtec.cat\/esc-laginesta-segurdecalafell\/wp-json\/wp\/v2\/media?parent=2749"}],"wp:term":[{"taxonomy":"category","embeddable":true,"href":"https:\/\/agora.xtec.cat\/esc-laginesta-segurdecalafell\/wp-json\/wp\/v2\/categories?post=2749"},{"taxonomy":"post_tag","embeddable":true,"href":"https:\/\/agora.xtec.cat\/esc-laginesta-segurdecalafell\/wp-json\/wp\/v2\/tags?post=2749"}],"curies":[{"name":"wp","href":"https:\/\/api.w.org\/{rel}","templated":true}]}}