{"id":1135,"date":"2020-04-10T20:46:45","date_gmt":"2020-04-10T18:46:45","guid":{"rendered":"http:\/\/agora.xtec.cat\/esc-laginesta-segurdecalafell\/?p=1135"},"modified":"2020-04-11T00:30:07","modified_gmt":"2020-04-10T22:30:07","slug":"cartes-amb-cor","status":"publish","type":"post","link":"https:\/\/agora.xtec.cat\/esc-laginesta-segurdecalafell\/general\/cartes-amb-cor\/","title":{"rendered":"CARTES AMB COR"},"content":{"rendered":"<p><a href=\"http:\/\/agora.xtec.cat\/esc-laginesta-segurdecalafell\/general\/cartes-amb-cor\/\"><img loading=\"lazy\" decoding=\"async\" class=\"aligncenter wp-image-1136\" src=\"https:\/\/agora.xtec.cat\/esc-laginesta-segurdecalafell\/wp-content\/uploads\/usu578\/2020\/04\/cartes-amb-cor.jpg\" alt=\"\" width=\"729\" height=\"411\" srcset=\"https:\/\/agora.xtec.cat\/esc-laginesta-segurdecalafell\/wp-content\/uploads\/usu578\/2020\/04\/cartes-amb-cor.jpg 968w, https:\/\/agora.xtec.cat\/esc-laginesta-segurdecalafell\/wp-content\/uploads\/usu578\/2020\/04\/cartes-amb-cor-300x169.jpg 300w, https:\/\/agora.xtec.cat\/esc-laginesta-segurdecalafell\/wp-content\/uploads\/usu578\/2020\/04\/cartes-amb-cor-768x433.jpg 768w\" sizes=\"auto, (max-width: 729px) 100vw, 729px\" \/><\/a><\/p>\n<p style=\"box-sizing: border-box; margin: 0px 0px 1.25em; padding: 0px; direction: ltr; font-family: 'Open Sans', Arial, Helvetica, sans-serif; font-weight: 400; font-size: 16px; line-height: 1.6; text-rendering: optimizelegibility; color: #444444; font-style: normal; font-variant-ligatures: normal; font-variant-caps: normal; letter-spacing: normal; orphans: 2; text-align: start; text-indent: 0px; text-transform: none; white-space: normal; widows: 2; word-spacing: 0px; -webkit-text-stroke-width: 0px; background-color: #ffffff; text-decoration-style: initial; text-decoration-color: initial;\">Aquesta \u00e9s una iniciativa que neix en unes circumst\u00e0ncies molt especials i en uns moments molt dif\u00edcils per a tothom.\u00a0 Volem que les nenes i nens de totes les Escoles i que les noies i els nois dels instituts de Catalunya, des d\u2019Infantil fins a Cicles formatius, passant per la Prim\u00e0ria, l\u2019ESO i el Batxillerat envieu dibuixos, poemes, v\u00eddeos, cartes als Hospitals de Catalunya per a les persones que ara hi ha ingressades en els nostres hospitals i per a tot el nostre incre\u00efble personal sanitari.<\/p>\n<p style=\"box-sizing: border-box; margin: 0px 0px 1.25em; padding: 0px; direction: ltr; font-family: 'Open Sans', Arial, Helvetica, sans-serif; font-weight: 400; font-size: 16px; line-height: 1.6; text-rendering: optimizelegibility; color: #444444; font-style: normal; font-variant-ligatures: normal; font-variant-caps: normal; letter-spacing: normal; orphans: 2; text-align: start; text-indent: 0px; text-transform: none; white-space: normal; widows: 2; word-spacing: 0px; -webkit-text-stroke-width: 0px; background-color: #ffffff; text-decoration-style: initial; text-decoration-color: initial;\">Ajudem i compartim amb les persones ingressades perqu\u00e8 se\u2019n surtin al m\u00e9s aviat possible, per recolzar-los des del nostre confinament.<\/p>\n<p style=\"box-sizing: border-box; margin: 0px 0px 1.25em; padding: 0px; direction: ltr; font-family: 'Open Sans', Arial, Helvetica, sans-serif; font-weight: 400; font-size: 16px; line-height: 1.6; text-rendering: optimizelegibility; color: #444444; font-style: normal; font-variant-ligatures: normal; font-variant-caps: normal; letter-spacing: normal; orphans: 2; text-align: start; text-indent: 0px; text-transform: none; white-space: normal; widows: 2; word-spacing: 0px; -webkit-text-stroke-width: 0px; background-color: #ffffff; text-decoration-style: initial; text-decoration-color: initial;\">Ajudem i compartim amb tot el personal sanitari (personal neteja, infermeres, auxiliars d\u2019infermeria, t\u00e8cnics de laboratori, t\u00e8cnics d\u2019imatge, zeladors, metges, administratives i voluntaris ) que amb els seus esfor\u00e7os estan tirant endavant una situaci\u00f3 fins ara mai viscuda.Ens agradaria que les direccions dels centres educatius, els i les docents (mestres, professorat) i tothom que formi part de la comunitat educativa,\u00a0 escrigui una carta i demani al seu alumnat que hi faci una petita \/ gran aportaci\u00f3 en situacions emocionalment dif\u00edcils. Els hospitals demanen: dibuixos, cartes, poemes, v\u00eddeos,\u2026 per donar i fer m\u00e9s suportable aquesta situaci\u00f3 de tensi\u00f3 i angoixa que estan vivint.<\/p>\n<p style=\"box-sizing: border-box; margin: 0px 0px 1.25em; padding: 0px; direction: ltr; font-family: 'Open Sans', Arial, Helvetica, sans-serif; font-weight: 400; font-size: 16px; line-height: 1.6; text-rendering: optimizelegibility; color: #444444; font-style: normal; font-variant-ligatures: normal; font-variant-caps: normal; letter-spacing: normal; orphans: 2; text-align: start; text-indent: 0px; text-transform: none; white-space: normal; widows: 2; word-spacing: 0px; -webkit-text-stroke-width: 0px; background-color: #ffffff; text-decoration-style: initial; text-decoration-color: initial;\">Els dibuixos, els escrits, les imatges\u2026 ens ajuden a expressar emocions i poden ajudar d\u2019altres persones a expressar-les i a fer que tot aquest malson pugui ser portat d\u2019una manera m\u00e9s c\u00e0lida i acompanyada<\/p>\n<p style=\"box-sizing: border-box; margin: 0px 0px 1.25em; padding: 0px; direction: ltr; font-family: 'Open Sans', Arial, Helvetica, sans-serif; font-weight: 400; font-size: 16px; line-height: 1.6; text-rendering: optimizelegibility; color: #444444; font-style: normal; font-variant-ligatures: normal; font-variant-caps: normal; letter-spacing: normal; orphans: 2; text-align: start; text-indent: 0px; text-transform: none; white-space: normal; widows: 2; word-spacing: 0px; -webkit-text-stroke-width: 0px; background-color: #ffffff; text-decoration-style: initial; text-decoration-color: initial;\">Per fer aix\u00f2, necessitem una vegada m\u00e9s, com en tantes d\u2019altres ocasions han demostrat, l\u2019ajuda i solidaritat de tots i cadascun dels centres educatius d\u2019aquest pa\u00eds.<\/p>\n<p>Fem-ho possible!<\/p>\n<p style=\"box-sizing: border-box; margin: 0px 0px 1.25em; padding: 0px; direction: ltr; font-family: 'Open Sans', Arial, Helvetica, sans-serif; font-weight: 400; font-size: 16px; line-height: 1.6; text-rendering: optimizelegibility; color: #444444; font-style: normal; font-variant-ligatures: normal; font-variant-caps: normal; letter-spacing: normal; orphans: 2; text-align: start; text-indent: 0px; text-transform: none; white-space: normal; widows: 2; word-spacing: 0px; -webkit-text-stroke-width: 0px; background-color: #ffffff; text-decoration-style: initial; text-decoration-color: initial;\">Hospitals de Catalunya.\u00a0Els e-mails s\u00f3n els seg\u00fcents<\/p>\n<ul style=\"box-sizing: border-box; margin: 0px 0px 1.25em 1.125em; padding: 0px; direction: ltr; font-size: 16px; line-height: 1.6; list-style-position: outside; font-family: 'Open Sans', Arial, Helvetica, sans-serif; color: #444444; font-style: normal; font-variant-ligatures: normal; font-variant-caps: normal; font-weight: 400; letter-spacing: normal; orphans: 2; text-align: start; text-indent: 0px; text-transform: none; white-space: normal; widows: 2; word-spacing: 0px; -webkit-text-stroke-width: 0px; background-color: #ffffff; text-decoration-style: initial; text-decoration-color: initial;\">\n<li><strong>Hospital Cl\u00ednic\u00a0<a href=\"mailto:noesteusols@clinic.cat\">noesteusols@clinic.cat<\/a><\/strong><\/li>\n<li><strong>Hospital del Mar\u00a0<a href=\"mailto:cartesquecuren@hospitaldelmar.cat\">cartesquecuren@hospitaldelmar.cat<\/a><\/strong><\/li>\n<li><strong>Hospital Pere i Mata (Reus):\u00a0<a href=\"mailto:cartesperemata@gmail.com\">cartesperemata@gmail.com<\/a><\/strong><\/li>\n<li><strong>Hospital Sagrat Cor\u00a0<a href=\"mailto:esperanzahusc@gmail.com\">esperanzahusc@gmail.com<\/a><\/strong><\/li>\n<li><strong>Hospital Sant Pau\u00a0<a href=\"mailto:missatgesquecuren@santpau.cat\">missatgesquecuren@santpau.cat<\/a><\/strong><\/li>\n<li><strong>Sanitari Alt Pened\u00e9s-Garraf:\u00a0<a href=\"mailto:cartesperacompanyar@csapg.cat\">cartesperacompanyar@csapg.cat<\/a><\/strong><\/li>\n<li><strong>Hospitals i CAPs de l\u2019ICS :\u00a0<\/strong><a href=\"mailto:gracies.ics@gencat.cat\"><strong>gracies.ics<\/strong><strong>@gencat.cat<\/strong><\/a>\n<ul>\n<li>Vall d\u2019Hebron, Bellvitge i Germans Trias, Arnau de Vilanova de Lleida, Joan XXIII de\u00a0Tarragona, Josep Trueta de Girona i Verge de la Cinta de Tortosa hospital comarcal (Viladecans i alguns CAPS).<\/li>\n<\/ul>\n<\/li>\n<\/ul>\n<p style=\"box-sizing: border-box; margin: 0px 0px 1.25em; padding: 0px; direction: ltr; font-family: 'Open Sans', Arial, Helvetica, sans-serif; font-weight: 400; font-size: 16px; line-height: 1.6; text-rendering: optimizelegibility; color: #444444; font-style: normal; font-variant-ligatures: normal; font-variant-caps: normal; letter-spacing: normal; orphans: 2; text-align: start; text-indent: 0px; text-transform: none; white-space: normal; widows: 2; word-spacing: 0px; -webkit-text-stroke-width: 0px; background-color: #ffffff; text-decoration-style: initial; text-decoration-color: initial;\">Hospital de Reus\u00a0<a href=\"mailto:escripturapinturacura@hospitalsantjoan.cat\">escripturapinturacura@hospitalsantjoan.cat<\/a><\/p>\n<p style=\"box-sizing: border-box; margin: 0px 0px 1.25em; padding: 0px; direction: ltr; font-family: 'Open Sans', Arial, Helvetica, sans-serif; font-weight: 400; font-size: 16px; line-height: 1.6; text-rendering: optimizelegibility; color: #444444; font-style: normal; font-variant-ligatures: normal; font-variant-caps: normal; letter-spacing: normal; orphans: 2; text-align: start; text-indent: 0px; text-transform: none; white-space: normal; widows: 2; word-spacing: 0px; -webkit-text-stroke-width: 0px; background-color: #ffffff; text-decoration-style: initial; text-decoration-color: initial;\">Hospital Parc Taul\u00ed\u00a0<a href=\"mailto:comunicacio@tauli.cat\">comunicacio@tauli.cat<\/a><\/p>\n<p style=\"box-sizing: border-box; margin: 0px 0px 1.25em; padding: 0px; direction: ltr; font-family: 'Open Sans', Arial, Helvetica, sans-serif; font-weight: 400; font-size: 16px; line-height: 1.6; text-rendering: optimizelegibility; color: #444444; font-style: normal; font-variant-ligatures: normal; font-variant-caps: normal; letter-spacing: normal; orphans: 2; text-align: start; text-indent: 0px; text-transform: none; white-space: normal; widows: 2; word-spacing: 0px; -webkit-text-stroke-width: 0px; background-color: #ffffff; text-decoration-style: initial; text-decoration-color: initial;\">Per a qualsevol aspecte\u00a0 que vulgueu consultar us podeu posar en contacte ambS\u00edlvia Gelabert e-mail: <a href=\"mailto:silencimatge@gmail.com\">silencimatge@gmail.com<\/a> S\u00edlvia Gelabert Professora d\u2019un CFGS, i t\u00e8cnic en diagn\u00f2stic per la imatge.<\/p>\n<p style=\"box-sizing: border-box; margin: 0px 0px 1.25em; padding: 0px; direction: ltr; font-family: 'Open Sans', Arial, Helvetica, sans-serif; font-weight: 400; font-size: 16px; line-height: 1.6; text-rendering: optimizelegibility; color: #444444; font-style: normal; font-variant-ligatures: normal; font-variant-caps: normal; letter-spacing: normal; orphans: 2; text-align: start; text-indent: 0px; text-transform: none; white-space: normal; widows: 2; word-spacing: 0px; -webkit-text-stroke-width: 0px; background-color: #ffffff; text-decoration-style: initial; text-decoration-color: initial;\">Adre\u00e7a Twiter <span class=\"atwho-query\">@imatgedesilenci8<\/span><\/p>\n","protected":false},"excerpt":{"rendered":"<p>Aquesta \u00e9s una iniciativa que neix en unes circumst\u00e0ncies molt especials i en uns moments molt dif\u00edcils per a tothom.\u00a0 Volem que les nenes i nens de totes les Escoles i que les noies i els nois dels instituts de Catalunya, des d\u2019Infantil fins a Cicles formatius, passant per la Prim\u00e0ria, l\u2019ESO i el Batxillerat [&hellip;]<\/p>\n","protected":false},"author":1,"featured_media":1136,"comment_status":"closed","ping_status":"closed","sticky":false,"template":"","format":"standard","meta":{"_bbp_topic_count":0,"_bbp_reply_count":0,"_bbp_total_topic_count":0,"_bbp_total_reply_count":0,"_bbp_voice_count":0,"_bbp_anonymous_reply_count":0,"_bbp_topic_count_hidden":0,"_bbp_reply_count_hidden":0,"_bbp_forum_subforum_count":0,"site-sidebar-layout":"default","site-content-layout":"","ast-site-content-layout":"","site-content-style":"default","site-sidebar-style":"default","ast-global-header-display":"","ast-banner-title-visibility":"","ast-main-header-display":"","ast-hfb-above-header-display":"","ast-hfb-below-header-display":"","ast-hfb-mobile-header-display":"","site-post-title":"","ast-breadcrumbs-content":"","ast-featured-img":"","footer-sml-layout":"","theme-transparent-header-meta":"","adv-header-id-meta":"","stick-header-meta":"","header-above-stick-meta":"","header-main-stick-meta":"","header-below-stick-meta":"","astra-migrate-meta-layouts":"default","ast-page-background-enabled":"default","ast-page-background-meta":{"desktop":{"background-color":"var(--ast-global-color-5)","background-image":"","background-repeat":"repeat","background-position":"center center","background-size":"auto","background-attachment":"scroll","background-type":"","background-media":"","overlay-type":"","overlay-color":"","overlay-opacity":"","overlay-gradient":""},"tablet":{"background-color":"","background-image":"","background-repeat":"repeat","background-position":"center center","background-size":"auto","background-attachment":"scroll","background-type":"","background-media":"","overlay-type":"","overlay-color":"","overlay-opacity":"","overlay-gradient":""},"mobile":{"background-color":"","background-image":"","background-repeat":"repeat","background-position":"center center","background-size":"auto","background-attachment":"scroll","background-type":"","background-media":"","overlay-type":"","overlay-color":"","overlay-opacity":"","overlay-gradient":""}},"ast-content-background-meta":{"desktop":{"background-color":"var(--ast-global-color-4)","background-image":"","background-repeat":"repeat","background-position":"center center","background-size":"auto","background-attachment":"scroll","background-type":"","background-media":"","overlay-type":"","overlay-color":"","overlay-opacity":"","overlay-gradient":""},"tablet":{"background-color":"var(--ast-global-color-4)","background-image":"","background-repeat":"repeat","background-position":"center center","background-size":"auto","background-attachment":"scroll","background-type":"","background-media":"","overlay-type":"","overlay-color":"","overlay-opacity":"","overlay-gradient":""},"mobile":{"background-color":"var(--ast-global-color-4)","background-image":"","background-repeat":"repeat","background-position":"center center","background-size":"auto","background-attachment":"scroll","background-type":"","background-media":"","overlay-type":"","overlay-color":"","overlay-opacity":"","overlay-gradient":""}},"footnotes":""},"categories":[1,81,82],"tags":[],"class_list":["post-1135","post","type-post","status-publish","format-standard","has-post-thumbnail","hentry","category-general","category-menu","category-portada"],"post_mailing_queue_ids":[],"_links":{"self":[{"href":"https:\/\/agora.xtec.cat\/esc-laginesta-segurdecalafell\/wp-json\/wp\/v2\/posts\/1135","targetHints":{"allow":["GET"]}}],"collection":[{"href":"https:\/\/agora.xtec.cat\/esc-laginesta-segurdecalafell\/wp-json\/wp\/v2\/posts"}],"about":[{"href":"https:\/\/agora.xtec.cat\/esc-laginesta-segurdecalafell\/wp-json\/wp\/v2\/types\/post"}],"author":[{"embeddable":true,"href":"https:\/\/agora.xtec.cat\/esc-laginesta-segurdecalafell\/wp-json\/wp\/v2\/users\/1"}],"replies":[{"embeddable":true,"href":"https:\/\/agora.xtec.cat\/esc-laginesta-segurdecalafell\/wp-json\/wp\/v2\/comments?post=1135"}],"version-history":[{"count":3,"href":"https:\/\/agora.xtec.cat\/esc-laginesta-segurdecalafell\/wp-json\/wp\/v2\/posts\/1135\/revisions"}],"predecessor-version":[{"id":1143,"href":"https:\/\/agora.xtec.cat\/esc-laginesta-segurdecalafell\/wp-json\/wp\/v2\/posts\/1135\/revisions\/1143"}],"wp:featuredmedia":[{"embeddable":true,"href":"https:\/\/agora.xtec.cat\/esc-laginesta-segurdecalafell\/wp-json\/wp\/v2\/media\/1136"}],"wp:attachment":[{"href":"https:\/\/agora.xtec.cat\/esc-laginesta-segurdecalafell\/wp-json\/wp\/v2\/media?parent=1135"}],"wp:term":[{"taxonomy":"category","embeddable":true,"href":"https:\/\/agora.xtec.cat\/esc-laginesta-segurdecalafell\/wp-json\/wp\/v2\/categories?post=1135"},{"taxonomy":"post_tag","embeddable":true,"href":"https:\/\/agora.xtec.cat\/esc-laginesta-segurdecalafell\/wp-json\/wp\/v2\/tags?post=1135"}],"curies":[{"name":"wp","href":"https:\/\/api.w.org\/{rel}","templated":true}]}}