{"id":922,"date":"2017-05-08T15:51:13","date_gmt":"2017-05-08T13:51:13","guid":{"rendered":"http:\/\/agora.xtec.cat\/esc-la-cabana\/?p=922"},"modified":"2017-05-08T16:10:36","modified_gmt":"2017-05-08T14:10:36","slug":"festa-dels-tastacontes","status":"publish","type":"post","link":"https:\/\/agora.xtec.cat\/esc-la-cabana\/general\/festa-dels-tastacontes\/","title":{"rendered":"Festa dels &#8220;Tastacontes&#8221;"},"content":{"rendered":"<p>Com cada any l&#8217;alumnat de Cicle Mitj\u00e0 participa en la <strong>Festa del TASTACONTES<\/strong> de Vilafranca del Pened\u00e8s que el Zig Zag organitza. Un centenar de contes escrits pels nens i nenes de gaireb\u00e9 totes les escoles del Pened\u00e8s s\u00f3n dibuixats en directe per una trentena il\u00b7lustradors i il\u00b7lustradores de tot Catalunya.<\/p>\n<p>Durant uns dies els alumnes de cicle mitj\u00e0 escriuen, en parelles o individualment, contes. De tots els treballs participants se n&#8217;ha escollit un que ser\u00e0 el que il\u00b7lustraran.<\/p>\n<p>La Festa del TASTACOTES consisteix en qu\u00e8 durant la tarda del dissabte dia 13 de maig (de 17:30h a\u00a0 20:00h), diversos il\u00b7lustradors estaran instal\u00b7lats al carrer de La Font. Els autors\u00a0 dels contes poden triar quin dibuixant volen que els il\u00b7lustri el seu conte.<\/p>\n<p>Tots els contes participants estaran exposats a la Sala dels Trinitaris uns dies i despr\u00e9s es quedaran exposats als passadissos de l\u2019escola.<\/p>\n<p>Tot i que l\u2019encarregat ser\u00e0 un o una alumna de cada classe, la festa est\u00e0 oberta a tot el p\u00fablic, aix\u00ed que \u00a0esteu totes les fam\u00edlies convidades.<\/p>\n<p><em><strong>Les creadores del conte seleccionat han estat:<\/strong><\/em><\/p>\n<p><strong><a href=\"http:\/\/agora.xtec.cat\/esc-la-cabana\/wp-content\/uploads\/usu849\/2017\/05\/GUANYADORES-TASTACONTES_OPT.jpg\"><img loading=\"lazy\" decoding=\"async\" class=\"size-full wp-image-925 aligncenter\" src=\"http:\/\/agora.xtec.cat\/esc-la-cabana\/wp-content\/uploads\/usu849\/2017\/05\/GUANYADORES-TASTACONTES_OPT.jpg\" alt=\"GUANYADORES TASTACONTES_OPT\" width=\"400\" height=\"300\" srcset=\"https:\/\/agora.xtec.cat\/esc-la-cabana\/wp-content\/uploads\/usu849\/2017\/05\/GUANYADORES-TASTACONTES_OPT.jpg 400w, https:\/\/agora.xtec.cat\/esc-la-cabana\/wp-content\/uploads\/usu849\/2017\/05\/GUANYADORES-TASTACONTES_OPT-300x225.jpg 300w, https:\/\/agora.xtec.cat\/esc-la-cabana\/wp-content\/uploads\/usu849\/2017\/05\/GUANYADORES-TASTACONTES_OPT-200x150.jpg 200w\" sizes=\"auto, (max-width: 400px) 100vw, 400px\" \/><\/a><\/strong><\/p>\n<p><strong>ALBA VINEGRA I EMMA CANALS<\/strong><\/p>\n<p style=\"text-align: left;\">Aquest any, excepcionalment, l&#8217;escola ha seleccionat un segon creador: <strong>ENEKO GIN\u00c9.<\/strong><\/p>\n<p style=\"text-align: center;\"><a href=\"http:\/\/agora.xtec.cat\/esc-la-cabana\/wp-content\/uploads\/usu849\/2017\/05\/ENEKO_OPT.jpg\"><img loading=\"lazy\" decoding=\"async\" class=\"wp-image-927 alignleft\" src=\"http:\/\/agora.xtec.cat\/esc-la-cabana\/wp-content\/uploads\/usu849\/2017\/05\/ENEKO_OPT.jpg\" alt=\"ENEKO_OPT\" width=\"298\" height=\"398\" srcset=\"https:\/\/agora.xtec.cat\/esc-la-cabana\/wp-content\/uploads\/usu849\/2017\/05\/ENEKO_OPT.jpg 300w, https:\/\/agora.xtec.cat\/esc-la-cabana\/wp-content\/uploads\/usu849\/2017\/05\/ENEKO_OPT-225x300.jpg 225w\" sizes=\"auto, (max-width: 298px) 100vw, 298px\" \/><\/a><\/p>\n<p style=\"text-align: left;\">L&#8217;Eneko va escriure el conte &#8220;La caputxeta vermella i la m\u00e0quina male\u00efda&#8221;. Aquesta creaci\u00f3, feta des de la biblioteca, va ser adaptada al teatre i representada per l&#8217;alumnat de Cicle Superior.<\/p>\n<p style=\"text-align: left;\">Podeu veure-la en un dels articles del nostre lloc web.<\/p>\n<p>&nbsp;<\/p>\n<p>&nbsp;<\/p>\n","protected":false},"excerpt":{"rendered":"<p>Contes seleccionats per a la festa dels &#8220;Tastacontes&#8221;<\/p>\n","protected":false},"author":1,"featured_media":923,"comment_status":"open","ping_status":"open","sticky":false,"template":"","format":"standard","meta":{"_bbp_topic_count":0,"_bbp_reply_count":0,"_bbp_total_topic_count":0,"_bbp_total_reply_count":0,"_bbp_voice_count":0,"_bbp_anonymous_reply_count":0,"_bbp_topic_count_hidden":0,"_bbp_reply_count_hidden":0,"_bbp_forum_subforum_count":0,"site-sidebar-layout":"default","site-content-layout":"","ast-site-content-layout":"","site-content-style":"default","site-sidebar-style":"default","ast-global-header-display":"","ast-banner-title-visibility":"","ast-main-header-display":"","ast-hfb-above-header-display":"","ast-hfb-below-header-display":"","ast-hfb-mobile-header-display":"","site-post-title":"","ast-breadcrumbs-content":"","ast-featured-img":"","footer-sml-layout":"","theme-transparent-header-meta":"","adv-header-id-meta":"","stick-header-meta":"","header-above-stick-meta":"","header-main-stick-meta":"","header-below-stick-meta":"","astra-migrate-meta-layouts":"default","ast-page-background-enabled":"default","ast-page-background-meta":{"desktop":{"background-color":"var(--ast-global-color-4)","background-image":"","background-repeat":"repeat","background-position":"center center","background-size":"auto","background-attachment":"scroll","background-type":"","background-media":"","overlay-type":"","overlay-color":"","overlay-opacity":"","overlay-gradient":""},"tablet":{"background-color":"","background-image":"","background-repeat":"repeat","background-position":"center center","background-size":"auto","background-attachment":"scroll","background-type":"","background-media":"","overlay-type":"","overlay-color":"","overlay-opacity":"","overlay-gradient":""},"mobile":{"background-color":"","background-image":"","background-repeat":"repeat","background-position":"center center","background-size":"auto","background-attachment":"scroll","background-type":"","background-media":"","overlay-type":"","overlay-color":"","overlay-opacity":"","overlay-gradient":""}},"ast-content-background-meta":{"desktop":{"background-color":"var(--ast-global-color-5)","background-image":"","background-repeat":"repeat","background-position":"center center","background-size":"auto","background-attachment":"scroll","background-type":"","background-media":"","overlay-type":"","overlay-color":"","overlay-opacity":"","overlay-gradient":""},"tablet":{"background-color":"var(--ast-global-color-5)","background-image":"","background-repeat":"repeat","background-position":"center center","background-size":"auto","background-attachment":"scroll","background-type":"","background-media":"","overlay-type":"","overlay-color":"","overlay-opacity":"","overlay-gradient":""},"mobile":{"background-color":"var(--ast-global-color-5)","background-image":"","background-repeat":"repeat","background-position":"center center","background-size":"auto","background-attachment":"scroll","background-type":"","background-media":"","overlay-type":"","overlay-color":"","overlay-opacity":"","overlay-gradient":""}},"footnotes":""},"categories":[12,14,1,4],"tags":[106,74,119,118],"class_list":["post-922","post","type-post","status-publish","format-standard","has-post-thumbnail","hentry","category-c-m","category-c-s","category-general","category-portada","tag-cicle-mitja","tag-cicle-superior","tag-festa","tag-tastacontes"],"post_mailing_queue_ids":[],"_links":{"self":[{"href":"https:\/\/agora.xtec.cat\/esc-la-cabana\/wp-json\/wp\/v2\/posts\/922","targetHints":{"allow":["GET"]}}],"collection":[{"href":"https:\/\/agora.xtec.cat\/esc-la-cabana\/wp-json\/wp\/v2\/posts"}],"about":[{"href":"https:\/\/agora.xtec.cat\/esc-la-cabana\/wp-json\/wp\/v2\/types\/post"}],"author":[{"embeddable":true,"href":"https:\/\/agora.xtec.cat\/esc-la-cabana\/wp-json\/wp\/v2\/users\/1"}],"replies":[{"embeddable":true,"href":"https:\/\/agora.xtec.cat\/esc-la-cabana\/wp-json\/wp\/v2\/comments?post=922"}],"version-history":[{"count":3,"href":"https:\/\/agora.xtec.cat\/esc-la-cabana\/wp-json\/wp\/v2\/posts\/922\/revisions"}],"predecessor-version":[{"id":929,"href":"https:\/\/agora.xtec.cat\/esc-la-cabana\/wp-json\/wp\/v2\/posts\/922\/revisions\/929"}],"wp:featuredmedia":[{"embeddable":true,"href":"https:\/\/agora.xtec.cat\/esc-la-cabana\/wp-json\/wp\/v2\/media\/923"}],"wp:attachment":[{"href":"https:\/\/agora.xtec.cat\/esc-la-cabana\/wp-json\/wp\/v2\/media?parent=922"}],"wp:term":[{"taxonomy":"category","embeddable":true,"href":"https:\/\/agora.xtec.cat\/esc-la-cabana\/wp-json\/wp\/v2\/categories?post=922"},{"taxonomy":"post_tag","embeddable":true,"href":"https:\/\/agora.xtec.cat\/esc-la-cabana\/wp-json\/wp\/v2\/tags?post=922"}],"curies":[{"name":"wp","href":"https:\/\/api.w.org\/{rel}","templated":true}]}}