{"id":852,"date":"2017-03-31T16:21:59","date_gmt":"2017-03-31T14:21:59","guid":{"rendered":"http:\/\/agora.xtec.cat\/esc-la-cabana\/?p=852"},"modified":"2017-05-16T12:19:51","modified_gmt":"2017-05-16T10:19:51","slug":"projecte-interdisciplinari-descola-alimentacio","status":"publish","type":"post","link":"https:\/\/agora.xtec.cat\/esc-la-cabana\/general\/projecte-interdisciplinari-descola-alimentacio\/","title":{"rendered":"Projecte interdisciplinari d&#8217;escola: l&#8217;alimentaci\u00f3"},"content":{"rendered":"<p>Durant la setmana del 27 al 31 de mar\u00e7 tota l&#8217;escola hem realitzat el projecte sobre l&#8217;alimentaci\u00f3.<\/p>\n<p>Pr\u00e8viament a treballar el projecte es van realitzar diferents tallers al centre sobre aquesta tem\u00e0tica.<\/p>\n<p>L&#8217;alumnat d&#8217;educaci\u00f3 infantil ha aprofitat per con\u00e8ixer menjars i cuines d&#8217;altres cultures mitjan\u00e7ant la col\u00b7laboraci\u00f3 de diferents fam\u00edlies dels nens i nenes de l&#8217;escola.<\/p>\n<p>Les fam\u00edlies que han fet que tot aix\u00f2 sigui possible han estat:<\/p>\n<ul>\n<li>P3 fam\u00edlia Castellv\u00ed Nagata, que ens han ensenyat com es fa es sushi.<\/li>\n<li>P3 familia Konta Garriga, que ens han deixat tastar el suc de baobab acompanyat de la m\u00fasica t\u00edpica del Senegal.<\/li>\n<li>P4 fam\u00edlia Garc\u00eda Janzen, que ens han fet un pretzel, t\u00edpic d&#8217;Alemanya.<\/li>\n<li>P4 fam\u00edlia El Boughdadi Alkelae, que ens han deixat tastar un cous-cous bon\u00edssim.<\/li>\n<\/ul>\n<p>L&#8217;alumnat de Cicle Inicial han fet la pir\u00e0mide dels aliments. Us animem a entrar al vest\u00edbul de l&#8217;escola perqu\u00e8 veieu el treball que han fet.<\/p>\n<p>L&#8217;alumnat de Cicle Mitj\u00e0 ha dedicat aquesta setmana a treballar espec\u00edficament els esmorzars saludables. Tamb\u00e9 trobareu al vest\u00edbul del centre els esmorzars que han dissenyat aix\u00ed com les presentacions de tot all\u00f2 que han apr\u00e8s.<\/p>\n<p>Properament podreu visualitzar el v\u00eddeo de les presentacions que han fet davant els companys i companyes de la classe.<\/p>\n<p>Pel que fa a l&#8217;alumnat de Cicle Superior han treballat grupalment seguint el format d&#8217;una webquest dissenyada expressament per aquest projecte. A la p\u00e0gina de <a href=\"http:\/\/agora.xtec.cat\/esc-la-cabana\/categoria\/primaria\/c-s\/\" target=\"_blank\">Cicle Superior<\/a> podeu veure tot aquest material i els treballs finals d&#8217;aquest projecte.<\/p>\n<p>Recordeu que a l&#8217;apartat <a href=\"http:\/\/agora.xtec.cat\/esc-la-cabana\/fotos\/album-de-fotos\/\" target=\"_blank\">FOTOS<\/a> podreu trobar totes les imatges de les activitats que s&#8217;han dut a terme al llarg d&#8217;aquesta setmana i descarregar-les.<\/p>\n","protected":false},"excerpt":{"rendered":"<p>Durant la setmana del 27 al 31 de mar\u00e7 tota l&#8217;escola hem realitzat el projecte sobre l&#8217;alimentaci\u00f3.<\/p>\n","protected":false},"author":1,"featured_media":854,"comment_status":"open","ping_status":"open","sticky":false,"template":"","format":"standard","meta":{"_bbp_topic_count":0,"_bbp_reply_count":0,"_bbp_total_topic_count":0,"_bbp_total_reply_count":0,"_bbp_voice_count":0,"_bbp_anonymous_reply_count":0,"_bbp_topic_count_hidden":0,"_bbp_reply_count_hidden":0,"_bbp_forum_subforum_count":0,"site-sidebar-layout":"default","site-content-layout":"","ast-site-content-layout":"","site-content-style":"default","site-sidebar-style":"default","ast-global-header-display":"","ast-banner-title-visibility":"","ast-main-header-display":"","ast-hfb-above-header-display":"","ast-hfb-below-header-display":"","ast-hfb-mobile-header-display":"","site-post-title":"","ast-breadcrumbs-content":"","ast-featured-img":"","footer-sml-layout":"","theme-transparent-header-meta":"","adv-header-id-meta":"","stick-header-meta":"","header-above-stick-meta":"","header-main-stick-meta":"","header-below-stick-meta":"","astra-migrate-meta-layouts":"default","ast-page-background-enabled":"default","ast-page-background-meta":{"desktop":{"background-color":"var(--ast-global-color-4)","background-image":"","background-repeat":"repeat","background-position":"center center","background-size":"auto","background-attachment":"scroll","background-type":"","background-media":"","overlay-type":"","overlay-color":"","overlay-opacity":"","overlay-gradient":""},"tablet":{"background-color":"","background-image":"","background-repeat":"repeat","background-position":"center center","background-size":"auto","background-attachment":"scroll","background-type":"","background-media":"","overlay-type":"","overlay-color":"","overlay-opacity":"","overlay-gradient":""},"mobile":{"background-color":"","background-image":"","background-repeat":"repeat","background-position":"center center","background-size":"auto","background-attachment":"scroll","background-type":"","background-media":"","overlay-type":"","overlay-color":"","overlay-opacity":"","overlay-gradient":""}},"ast-content-background-meta":{"desktop":{"background-color":"var(--ast-global-color-5)","background-image":"","background-repeat":"repeat","background-position":"center center","background-size":"auto","background-attachment":"scroll","background-type":"","background-media":"","overlay-type":"","overlay-color":"","overlay-opacity":"","overlay-gradient":""},"tablet":{"background-color":"var(--ast-global-color-5)","background-image":"","background-repeat":"repeat","background-position":"center center","background-size":"auto","background-attachment":"scroll","background-type":"","background-media":"","overlay-type":"","overlay-color":"","overlay-opacity":"","overlay-gradient":""},"mobile":{"background-color":"var(--ast-global-color-5)","background-image":"","background-repeat":"repeat","background-position":"center center","background-size":"auto","background-attachment":"scroll","background-type":"","background-media":"","overlay-type":"","overlay-color":"","overlay-opacity":"","overlay-gradient":""}},"footnotes":""},"categories":[10,12,14,33,1,4],"tags":[79,70,103,102,101],"class_list":["post-852","post","type-post","status-publish","format-standard","has-post-thumbnail","hentry","category-c-i","category-c-m","category-c-s","category-e-i","category-general","category-portada","tag-alimentacio","tag-educacio-infantil","tag-interdisciplinari","tag-primaria","tag-projecte"],"post_mailing_queue_ids":[],"_links":{"self":[{"href":"https:\/\/agora.xtec.cat\/esc-la-cabana\/wp-json\/wp\/v2\/posts\/852","targetHints":{"allow":["GET"]}}],"collection":[{"href":"https:\/\/agora.xtec.cat\/esc-la-cabana\/wp-json\/wp\/v2\/posts"}],"about":[{"href":"https:\/\/agora.xtec.cat\/esc-la-cabana\/wp-json\/wp\/v2\/types\/post"}],"author":[{"embeddable":true,"href":"https:\/\/agora.xtec.cat\/esc-la-cabana\/wp-json\/wp\/v2\/users\/1"}],"replies":[{"embeddable":true,"href":"https:\/\/agora.xtec.cat\/esc-la-cabana\/wp-json\/wp\/v2\/comments?post=852"}],"version-history":[{"count":3,"href":"https:\/\/agora.xtec.cat\/esc-la-cabana\/wp-json\/wp\/v2\/posts\/852\/revisions"}],"predecessor-version":[{"id":953,"href":"https:\/\/agora.xtec.cat\/esc-la-cabana\/wp-json\/wp\/v2\/posts\/852\/revisions\/953"}],"wp:featuredmedia":[{"embeddable":true,"href":"https:\/\/agora.xtec.cat\/esc-la-cabana\/wp-json\/wp\/v2\/media\/854"}],"wp:attachment":[{"href":"https:\/\/agora.xtec.cat\/esc-la-cabana\/wp-json\/wp\/v2\/media?parent=852"}],"wp:term":[{"taxonomy":"category","embeddable":true,"href":"https:\/\/agora.xtec.cat\/esc-la-cabana\/wp-json\/wp\/v2\/categories?post=852"},{"taxonomy":"post_tag","embeddable":true,"href":"https:\/\/agora.xtec.cat\/esc-la-cabana\/wp-json\/wp\/v2\/tags?post=852"}],"curies":[{"name":"wp","href":"https:\/\/api.w.org\/{rel}","templated":true}]}}