{"id":634,"date":"2016-11-14T16:00:32","date_gmt":"2016-11-14T15:00:32","guid":{"rendered":"http:\/\/agora.xtec.cat\/esc-la-cabana\/?p=634"},"modified":"2016-11-14T16:23:50","modified_gmt":"2016-11-14T15:23:50","slug":"castanyada-2016-a-la-cabana","status":"publish","type":"post","link":"https:\/\/agora.xtec.cat\/esc-la-cabana\/general\/castanyada-2016-a-la-cabana\/","title":{"rendered":"Castanyada 2016 a La Cabana"},"content":{"rendered":"<p>Al llarg de la setmana del 24 al 28 d&#8217;octubre vam decorar el vest\u00edbul de l&#8217;escola amb productes de la tardor guarnits per totes les fam\u00edlies. Teniu molta imaginaci\u00f3! N&#8217;hi havia de molt graciosos, d&#8217;altres que feien por, d&#8217;altres amb paisatges de tardor, d&#8217;altres&#8230;.<\/p>\n<p><a href=\"https:\/\/goo.gl\/photos\/ngpiGoznKFkqtEX87\">Aqu\u00ed teniu un \u00e0lbum amb les imatges per descarregar.<\/a><\/p>\n<p>Per completar la festa, el passat dia 28 d&#8217;octubre vam celebrar la festa de la Castanyada a l&#8217;escola.<\/p>\n<p>Pel mat\u00ed vam fer tallers de cuina de tardor:<\/p>\n<ul>\n<li>Brotxetes de fruites de tardor<\/li>\n<li>Canap\u00e8s variats<\/li>\n<li>Panellets<\/li>\n<\/ul>\n<p><a href=\"http:\/\/agora.xtec.cat\/esc-la-cabana\/wp-content\/uploads\/usu849\/2016\/11\/Cuina-tardor.jpg\"><img loading=\"lazy\" decoding=\"async\" class=\" wp-image-635 aligncenter\" src=\"http:\/\/agora.xtec.cat\/esc-la-cabana\/wp-content\/uploads\/usu849\/2016\/11\/Cuina-tardor-1024x768.jpg\" alt=\"cuina-tardor\" width=\"478\" height=\"358\" srcset=\"https:\/\/agora.xtec.cat\/esc-la-cabana\/wp-content\/uploads\/usu849\/2016\/11\/Cuina-tardor-1024x768.jpg 1024w, https:\/\/agora.xtec.cat\/esc-la-cabana\/wp-content\/uploads\/usu849\/2016\/11\/Cuina-tardor-300x225.jpg 300w, https:\/\/agora.xtec.cat\/esc-la-cabana\/wp-content\/uploads\/usu849\/2016\/11\/Cuina-tardor-768x576.jpg 768w, https:\/\/agora.xtec.cat\/esc-la-cabana\/wp-content\/uploads\/usu849\/2016\/11\/Cuina-tardor-200x150.jpg 200w, https:\/\/agora.xtec.cat\/esc-la-cabana\/wp-content\/uploads\/usu849\/2016\/11\/Cuina-tardor.jpg 1280w\" sizes=\"auto, (max-width: 478px) 100vw, 478px\" \/><\/a><\/p>\n<p><a href=\"http:\/\/agora.xtec.cat\/esc-la-cabana\/wp-content\/uploads\/usu849\/2016\/11\/cuina-tardor-2.jpg\"><img loading=\"lazy\" decoding=\"async\" class=\"wp-image-636 aligncenter\" src=\"http:\/\/agora.xtec.cat\/esc-la-cabana\/wp-content\/uploads\/usu849\/2016\/11\/cuina-tardor-2-1024x768.jpg\" alt=\"cuina-tardor-2\" width=\"470\" height=\"352\" srcset=\"https:\/\/agora.xtec.cat\/esc-la-cabana\/wp-content\/uploads\/usu849\/2016\/11\/cuina-tardor-2-1024x768.jpg 1024w, https:\/\/agora.xtec.cat\/esc-la-cabana\/wp-content\/uploads\/usu849\/2016\/11\/cuina-tardor-2-300x225.jpg 300w, https:\/\/agora.xtec.cat\/esc-la-cabana\/wp-content\/uploads\/usu849\/2016\/11\/cuina-tardor-2-768x576.jpg 768w, https:\/\/agora.xtec.cat\/esc-la-cabana\/wp-content\/uploads\/usu849\/2016\/11\/cuina-tardor-2-200x150.jpg 200w, https:\/\/agora.xtec.cat\/esc-la-cabana\/wp-content\/uploads\/usu849\/2016\/11\/cuina-tardor-2.jpg 1280w\" sizes=\"auto, (max-width: 470px) 100vw, 470px\" \/><\/a><\/p>\n<p><a href=\"http:\/\/agora.xtec.cat\/esc-la-cabana\/wp-content\/uploads\/usu849\/2016\/11\/cuina-tardor-3.jpg\"><img loading=\"lazy\" decoding=\"async\" class=\"wp-image-637 aligncenter\" src=\"http:\/\/agora.xtec.cat\/esc-la-cabana\/wp-content\/uploads\/usu849\/2016\/11\/cuina-tardor-3-1024x768.jpg\" alt=\"cuina-tardor-3\" width=\"457\" height=\"343\" srcset=\"https:\/\/agora.xtec.cat\/esc-la-cabana\/wp-content\/uploads\/usu849\/2016\/11\/cuina-tardor-3-1024x768.jpg 1024w, https:\/\/agora.xtec.cat\/esc-la-cabana\/wp-content\/uploads\/usu849\/2016\/11\/cuina-tardor-3-300x225.jpg 300w, https:\/\/agora.xtec.cat\/esc-la-cabana\/wp-content\/uploads\/usu849\/2016\/11\/cuina-tardor-3-768x576.jpg 768w, https:\/\/agora.xtec.cat\/esc-la-cabana\/wp-content\/uploads\/usu849\/2016\/11\/cuina-tardor-3-200x150.jpg 200w, https:\/\/agora.xtec.cat\/esc-la-cabana\/wp-content\/uploads\/usu849\/2016\/11\/cuina-tardor-3.jpg 1280w\" sizes=\"auto, (max-width: 457px) 100vw, 457px\" \/><\/a><\/p>\n<p>A l&#8217;hora del pati ens vam menjar les brotxetes i els canap\u00e8s.<\/p>\n<p>A la tarda, durant la sortida que vam fer per l&#8217;entorn proper, vam tastar els panellets.<\/p>\n<p><a href=\"https:\/\/goo.gl\/photos\/ngpiGoznKFkqtEX87\">Aqu\u00ed us deixem unes quantes fotos perqu\u00e8 us feu a la idea.<\/a><\/p>\n<p>Mmmmmmm&#8230;..!!!!!!!<\/p>\n","protected":false},"excerpt":{"rendered":"<p>Festa de La Castanyada a l&#8217;escola.<\/p>\n","protected":false},"author":3,"featured_media":611,"comment_status":"open","ping_status":"open","sticky":false,"template":"","format":"standard","meta":{"_bbp_topic_count":0,"_bbp_reply_count":0,"_bbp_total_topic_count":0,"_bbp_total_reply_count":0,"_bbp_voice_count":0,"_bbp_anonymous_reply_count":0,"_bbp_topic_count_hidden":0,"_bbp_reply_count_hidden":0,"_bbp_forum_subforum_count":0,"site-sidebar-layout":"default","site-content-layout":"","ast-site-content-layout":"","site-content-style":"default","site-sidebar-style":"default","ast-global-header-display":"","ast-banner-title-visibility":"","ast-main-header-display":"","ast-hfb-above-header-display":"","ast-hfb-below-header-display":"","ast-hfb-mobile-header-display":"","site-post-title":"","ast-breadcrumbs-content":"","ast-featured-img":"","footer-sml-layout":"","theme-transparent-header-meta":"","adv-header-id-meta":"","stick-header-meta":"","header-above-stick-meta":"","header-main-stick-meta":"","header-below-stick-meta":"","astra-migrate-meta-layouts":"default","ast-page-background-enabled":"default","ast-page-background-meta":{"desktop":{"background-color":"var(--ast-global-color-4)","background-image":"","background-repeat":"repeat","background-position":"center center","background-size":"auto","background-attachment":"scroll","background-type":"","background-media":"","overlay-type":"","overlay-color":"","overlay-opacity":"","overlay-gradient":""},"tablet":{"background-color":"","background-image":"","background-repeat":"repeat","background-position":"center center","background-size":"auto","background-attachment":"scroll","background-type":"","background-media":"","overlay-type":"","overlay-color":"","overlay-opacity":"","overlay-gradient":""},"mobile":{"background-color":"","background-image":"","background-repeat":"repeat","background-position":"center center","background-size":"auto","background-attachment":"scroll","background-type":"","background-media":"","overlay-type":"","overlay-color":"","overlay-opacity":"","overlay-gradient":""}},"ast-content-background-meta":{"desktop":{"background-color":"var(--ast-global-color-5)","background-image":"","background-repeat":"repeat","background-position":"center center","background-size":"auto","background-attachment":"scroll","background-type":"","background-media":"","overlay-type":"","overlay-color":"","overlay-opacity":"","overlay-gradient":""},"tablet":{"background-color":"var(--ast-global-color-5)","background-image":"","background-repeat":"repeat","background-position":"center center","background-size":"auto","background-attachment":"scroll","background-type":"","background-media":"","overlay-type":"","overlay-color":"","overlay-opacity":"","overlay-gradient":""},"mobile":{"background-color":"var(--ast-global-color-5)","background-image":"","background-repeat":"repeat","background-position":"center center","background-size":"auto","background-attachment":"scroll","background-type":"","background-media":"","overlay-type":"","overlay-color":"","overlay-opacity":"","overlay-gradient":""}},"footnotes":""},"categories":[1,4],"tags":[81,82,75,80],"class_list":["post-634","post","type-post","status-publish","format-standard","has-post-thumbnail","hentry","category-general","category-portada","tag-castanyada","tag-festes","tag-tallers","tag-tardor"],"post_mailing_queue_ids":[],"_links":{"self":[{"href":"https:\/\/agora.xtec.cat\/esc-la-cabana\/wp-json\/wp\/v2\/posts\/634","targetHints":{"allow":["GET"]}}],"collection":[{"href":"https:\/\/agora.xtec.cat\/esc-la-cabana\/wp-json\/wp\/v2\/posts"}],"about":[{"href":"https:\/\/agora.xtec.cat\/esc-la-cabana\/wp-json\/wp\/v2\/types\/post"}],"author":[{"embeddable":true,"href":"https:\/\/agora.xtec.cat\/esc-la-cabana\/wp-json\/wp\/v2\/users\/3"}],"replies":[{"embeddable":true,"href":"https:\/\/agora.xtec.cat\/esc-la-cabana\/wp-json\/wp\/v2\/comments?post=634"}],"version-history":[{"count":4,"href":"https:\/\/agora.xtec.cat\/esc-la-cabana\/wp-json\/wp\/v2\/posts\/634\/revisions"}],"predecessor-version":[{"id":661,"href":"https:\/\/agora.xtec.cat\/esc-la-cabana\/wp-json\/wp\/v2\/posts\/634\/revisions\/661"}],"wp:featuredmedia":[{"embeddable":true,"href":"https:\/\/agora.xtec.cat\/esc-la-cabana\/wp-json\/wp\/v2\/media\/611"}],"wp:attachment":[{"href":"https:\/\/agora.xtec.cat\/esc-la-cabana\/wp-json\/wp\/v2\/media?parent=634"}],"wp:term":[{"taxonomy":"category","embeddable":true,"href":"https:\/\/agora.xtec.cat\/esc-la-cabana\/wp-json\/wp\/v2\/categories?post=634"},{"taxonomy":"post_tag","embeddable":true,"href":"https:\/\/agora.xtec.cat\/esc-la-cabana\/wp-json\/wp\/v2\/tags?post=634"}],"curies":[{"name":"wp","href":"https:\/\/api.w.org\/{rel}","templated":true}]}}