{"id":520,"date":"2016-09-07T12:46:40","date_gmt":"2016-09-07T11:46:40","guid":{"rendered":"http:\/\/agora.xtec.cat\/esc-la-cabana\/?p=520"},"modified":"2017-09-25T16:01:25","modified_gmt":"2017-09-25T14:01:25","slug":"reunio-dinici-de-curs-2016-2017","status":"publish","type":"post","link":"https:\/\/agora.xtec.cat\/esc-la-cabana\/general\/reunio-dinici-de-curs-2016-2017\/","title":{"rendered":"Reunions d&#8217;inici de curs 2017-2018"},"content":{"rendered":"<div>\n<div>\n<div>\n<p>Benvolgudes fam\u00edlies,<\/p>\n<\/div>\n<p>Us convoquem a les reunions d&#8217;inici de curs que, com cada any, fem<\/p>\n<\/div>\n<div><\/div>\n<div>en comen\u00e7ar les classes.<\/div>\n<div><\/div>\n<p>En aquestes reunions us explicarem les din\u00e0miques de funcionament<\/p>\n<\/div>\n<div><\/div>\n<div>del curs i d&#8217;altres aspectes importants per al bon funcionament del<\/div>\n<div><\/div>\n<div>\n<p>grup, a m\u00e9s a m\u00e9s del con\u00e8ixer les mestres dels vostres fills i filles.<\/p>\n<\/div>\n<div>\n<p>\u00c9s per aix\u00f2 que \u00e9s important la vostra assist\u00e8ncia.<\/p>\n<\/div>\n<div><\/div>\n<ul>\n<li>La <strong>reuni\u00f3 d&#8217;inici de curs de Cicle Inicial<\/strong> es far\u00e0 el proper <strong>dilluns 18 de setembre a les 16:45<\/strong> a l&#8217;aula de Cicle Inicial.<\/li>\n<li>La <strong>reuni\u00f3 d&#8217;inici de curs de Cicle Mitj\u00e0<\/strong> es far\u00e0 el proper <strong>dimarts 19 de setembre a les 16:45<\/strong> a l&#8217;aula de Cicle Mitj\u00e0.<\/li>\n<li>La <strong>reuni\u00f3 d&#8217;inici de curs de Cicle Superior<\/strong> es far\u00e0 el proper <strong>dimecres 20 de setembre a les 16:45<\/strong> a l&#8217;aula de Cicle Superior.<\/li>\n<\/ul>\n<p>Us hem enviat al vostre correu personal unes quantes autoritzacions (publicacions d&#8217;imatges, sortides a l&#8217;entorn proper, SEP i anar sol cap`a casa&#8230;). Agilitzaria la reuni\u00f3 el fet que les porteu degudament emplenades (es tracta de pdf auto emplenable) i signades.<\/p>\n<p>Us agra\u00efm la vostra assist\u00e8ncia i col\u00b7laboraci\u00f3.<\/p>\n","protected":false},"excerpt":{"rendered":"<p>Reuni\u00f3 inici de curs 2017-2018.<\/p>\n","protected":false},"author":3,"featured_media":544,"comment_status":"open","ping_status":"closed","sticky":false,"template":"","format":"standard","meta":{"_bbp_topic_count":0,"_bbp_reply_count":0,"_bbp_total_topic_count":0,"_bbp_total_reply_count":0,"_bbp_voice_count":0,"_bbp_anonymous_reply_count":0,"_bbp_topic_count_hidden":0,"_bbp_reply_count_hidden":0,"_bbp_forum_subforum_count":0,"site-sidebar-layout":"default","site-content-layout":"","ast-site-content-layout":"","site-content-style":"default","site-sidebar-style":"default","ast-global-header-display":"","ast-banner-title-visibility":"","ast-main-header-display":"","ast-hfb-above-header-display":"","ast-hfb-below-header-display":"","ast-hfb-mobile-header-display":"","site-post-title":"","ast-breadcrumbs-content":"","ast-featured-img":"","footer-sml-layout":"","theme-transparent-header-meta":"","adv-header-id-meta":"","stick-header-meta":"","header-above-stick-meta":"","header-main-stick-meta":"","header-below-stick-meta":"","astra-migrate-meta-layouts":"default","ast-page-background-enabled":"default","ast-page-background-meta":{"desktop":{"background-color":"var(--ast-global-color-4)","background-image":"","background-repeat":"repeat","background-position":"center center","background-size":"auto","background-attachment":"scroll","background-type":"","background-media":"","overlay-type":"","overlay-color":"","overlay-opacity":"","overlay-gradient":""},"tablet":{"background-color":"","background-image":"","background-repeat":"repeat","background-position":"center center","background-size":"auto","background-attachment":"scroll","background-type":"","background-media":"","overlay-type":"","overlay-color":"","overlay-opacity":"","overlay-gradient":""},"mobile":{"background-color":"","background-image":"","background-repeat":"repeat","background-position":"center center","background-size":"auto","background-attachment":"scroll","background-type":"","background-media":"","overlay-type":"","overlay-color":"","overlay-opacity":"","overlay-gradient":""}},"ast-content-background-meta":{"desktop":{"background-color":"var(--ast-global-color-5)","background-image":"","background-repeat":"repeat","background-position":"center center","background-size":"auto","background-attachment":"scroll","background-type":"","background-media":"","overlay-type":"","overlay-color":"","overlay-opacity":"","overlay-gradient":""},"tablet":{"background-color":"var(--ast-global-color-5)","background-image":"","background-repeat":"repeat","background-position":"center center","background-size":"auto","background-attachment":"scroll","background-type":"","background-media":"","overlay-type":"","overlay-color":"","overlay-opacity":"","overlay-gradient":""},"mobile":{"background-color":"var(--ast-global-color-5)","background-image":"","background-repeat":"repeat","background-position":"center center","background-size":"auto","background-attachment":"scroll","background-type":"","background-media":"","overlay-type":"","overlay-color":"","overlay-opacity":"","overlay-gradient":""}},"footnotes":""},"categories":[10,12,14,1,4,5],"tags":[70,69,68],"class_list":["post-520","post","type-post","status-publish","format-standard","has-post-thumbnail","hentry","category-c-i","category-c-m","category-c-s","category-general","category-portada","category-primaria","tag-educacio-infantil","tag-inici-de-curs","tag-reunio"],"post_mailing_queue_ids":[],"_links":{"self":[{"href":"https:\/\/agora.xtec.cat\/esc-la-cabana\/wp-json\/wp\/v2\/posts\/520","targetHints":{"allow":["GET"]}}],"collection":[{"href":"https:\/\/agora.xtec.cat\/esc-la-cabana\/wp-json\/wp\/v2\/posts"}],"about":[{"href":"https:\/\/agora.xtec.cat\/esc-la-cabana\/wp-json\/wp\/v2\/types\/post"}],"author":[{"embeddable":true,"href":"https:\/\/agora.xtec.cat\/esc-la-cabana\/wp-json\/wp\/v2\/users\/3"}],"replies":[{"embeddable":true,"href":"https:\/\/agora.xtec.cat\/esc-la-cabana\/wp-json\/wp\/v2\/comments?post=520"}],"version-history":[{"count":3,"href":"https:\/\/agora.xtec.cat\/esc-la-cabana\/wp-json\/wp\/v2\/posts\/520\/revisions"}],"predecessor-version":[{"id":1060,"href":"https:\/\/agora.xtec.cat\/esc-la-cabana\/wp-json\/wp\/v2\/posts\/520\/revisions\/1060"}],"wp:featuredmedia":[{"embeddable":true,"href":"https:\/\/agora.xtec.cat\/esc-la-cabana\/wp-json\/wp\/v2\/media\/544"}],"wp:attachment":[{"href":"https:\/\/agora.xtec.cat\/esc-la-cabana\/wp-json\/wp\/v2\/media?parent=520"}],"wp:term":[{"taxonomy":"category","embeddable":true,"href":"https:\/\/agora.xtec.cat\/esc-la-cabana\/wp-json\/wp\/v2\/categories?post=520"},{"taxonomy":"post_tag","embeddable":true,"href":"https:\/\/agora.xtec.cat\/esc-la-cabana\/wp-json\/wp\/v2\/tags?post=520"}],"curies":[{"name":"wp","href":"https:\/\/api.w.org\/{rel}","templated":true}]}}