{"id":21689,"date":"2026-04-24T12:56:32","date_gmt":"2026-04-24T10:56:32","guid":{"rendered":"https:\/\/agora.xtec.cat\/esc-la-cabana\/?p=21689"},"modified":"2026-04-24T12:58:26","modified_gmt":"2026-04-24T10:58:26","slug":"participem-a-la-xxxia-edicio-del-concurs-el-gust-per-la-lectura","status":"publish","type":"post","link":"https:\/\/agora.xtec.cat\/esc-la-cabana\/general\/participem-a-la-xxxia-edicio-del-concurs-el-gust-per-la-lectura\/","title":{"rendered":"PARTICIPEM A LA XXXIa EDICI\u00d3 DEL CONCURS \u201cEL GUST PER LA LECTURA\u201d"},"content":{"rendered":"\n<p>Des del Servei de Suports i Recursos Ling\u00fc\u00edstics es convoca cada any el concurs &#8220;<strong>El gust per la lectura&#8221;<\/strong><\/p>\n\n\n\n<p>El <strong>nostre centre<\/strong> participar\u00e0 amb <strong>l&#8217;alumnat de segon cicle <\/strong>dins la <strong>Categoria B<\/strong>. Modalitat B1.<\/p>\n\n\n\n<p>La nostra proposta es basa en el llibre de  James Flora. Els contes de fantasmes de l\u2019avi. Blackie Books, 2020<\/p>\n\n\n\n<p>El treball s&#8217;ha realitzat a partir de la lectura guiada i compartida que es proposa en el dossier did\u00e0ctic publicat en el programa. Com sempre ha de ser una activitat de car\u00e0cter obert i creativa.<br>La nostra producci\u00f3 consisteix&nbsp; en una creaci\u00f3 d&#8217;una auca on l&#8217;alumnat, a apr\u00e9s a escoltar les propostes dels companys i companyes creant entre tots i totes un nou cap\u00edtol per amb nous personatges. A m\u00e9s, inderectament, tamb\u00e9 s&#8217;ha apr\u00e9s a enfrontar-nos a les nostres pors.<\/p>\n\n\n\n<p>Aqu\u00ed us deixem una foto final de la nostra auca amb les dades identificatives per participar en el concurs:<\/p>\n\n\n\n<figure class=\"wp-block-image size-medium\"><a href=\"https:\/\/agora.xtec.cat\/esc-la-cabana\/wp-content\/uploads\/usu849\/2026\/04\/IMG_7350-scaled.jpg\"><img loading=\"lazy\" decoding=\"async\" width=\"230\" height=\"300\" src=\"https:\/\/agora.xtec.cat\/esc-la-cabana\/wp-content\/uploads\/usu849\/2026\/04\/IMG_7350-230x300.jpg\" alt=\"\" class=\"wp-image-21692\" srcset=\"https:\/\/agora.xtec.cat\/esc-la-cabana\/wp-content\/uploads\/usu849\/2026\/04\/IMG_7350-230x300.jpg 230w, https:\/\/agora.xtec.cat\/esc-la-cabana\/wp-content\/uploads\/usu849\/2026\/04\/IMG_7350-786x1024.jpg 786w, https:\/\/agora.xtec.cat\/esc-la-cabana\/wp-content\/uploads\/usu849\/2026\/04\/IMG_7350-768x1000.jpg 768w, https:\/\/agora.xtec.cat\/esc-la-cabana\/wp-content\/uploads\/usu849\/2026\/04\/IMG_7350-1179x1536.jpg 1179w, https:\/\/agora.xtec.cat\/esc-la-cabana\/wp-content\/uploads\/usu849\/2026\/04\/IMG_7350-1572x2048.jpg 1572w, https:\/\/agora.xtec.cat\/esc-la-cabana\/wp-content\/uploads\/usu849\/2026\/04\/IMG_7350-scaled.jpg 1965w\" sizes=\"auto, (max-width: 230px) 100vw, 230px\" \/><\/a><\/figure>\n\n\n\n<p>El treball publicat al web s\u2019ha d\u2019identificar amb les seg\u00fcents dades:<\/p>\n\n\n\n<ul class=\"wp-block-list\">\n<li>T\u00edtol del treball:<strong> &#8220;L&#8217;os abandonat&#8221;<\/strong><\/li>\n\n\n\n<li>Nivell educatiu:<strong> Segon Cicle<\/strong><\/li>\n\n\n\n<li>Categoria: <strong>B<\/strong><\/li>\n\n\n\n<li>modalitat: 1<\/li>\n\n\n\n<li>T\u00edtol del llibre: <strong>FLORA, James. Els contes de fantasmes de l\u2019avi. Blackie Books, 2020<\/strong><\/li>\n<\/ul>\n\n\n\n<h3 class=\"wp-block-heading\">Esperem que la nostra auca us hagi ajudat a superar les vostres pors.<\/h3>\n\n\n\n<p><\/p>\n","protected":false},"excerpt":{"rendered":"<p>Des del Servei de Suports i Recursos Ling\u00fc\u00edstics es convoca cada any el concurs &#8220;El gust per la lectura&#8221; El nostre centre participar\u00e0 amb l&#8217;alumnat de segon cicle dins la Categoria B. Modalitat B1. La nostra proposta es basa en el llibre de James Flora. Els contes de fantasmes de l\u2019avi. Blackie Books, 2020 El [&hellip;]<\/p>\n","protected":false},"author":45,"featured_media":0,"comment_status":"open","ping_status":"open","sticky":false,"template":"","format":"standard","meta":{"_bbp_topic_count":0,"_bbp_reply_count":0,"_bbp_total_topic_count":0,"_bbp_total_reply_count":0,"_bbp_voice_count":0,"_bbp_anonymous_reply_count":0,"_bbp_topic_count_hidden":0,"_bbp_reply_count_hidden":0,"_bbp_forum_subforum_count":0,"site-sidebar-layout":"default","site-content-layout":"","ast-site-content-layout":"default","site-content-style":"default","site-sidebar-style":"default","ast-global-header-display":"","ast-banner-title-visibility":"","ast-main-header-display":"","ast-hfb-above-header-display":"","ast-hfb-below-header-display":"","ast-hfb-mobile-header-display":"","site-post-title":"","ast-breadcrumbs-content":"","ast-featured-img":"","footer-sml-layout":"","theme-transparent-header-meta":"","adv-header-id-meta":"","stick-header-meta":"","header-above-stick-meta":"","header-main-stick-meta":"","header-below-stick-meta":"","astra-migrate-meta-layouts":"set","ast-page-background-enabled":"default","ast-page-background-meta":{"desktop":{"background-color":"var(--ast-global-color-4)","background-image":"","background-repeat":"repeat","background-position":"center center","background-size":"auto","background-attachment":"scroll","background-type":"","background-media":"","overlay-type":"","overlay-color":"","overlay-opacity":"","overlay-gradient":""},"tablet":{"background-color":"","background-image":"","background-repeat":"repeat","background-position":"center center","background-size":"auto","background-attachment":"scroll","background-type":"","background-media":"","overlay-type":"","overlay-color":"","overlay-opacity":"","overlay-gradient":""},"mobile":{"background-color":"","background-image":"","background-repeat":"repeat","background-position":"center center","background-size":"auto","background-attachment":"scroll","background-type":"","background-media":"","overlay-type":"","overlay-color":"","overlay-opacity":"","overlay-gradient":""}},"ast-content-background-meta":{"desktop":{"background-color":"var(--ast-global-color-5)","background-image":"","background-repeat":"repeat","background-position":"center center","background-size":"auto","background-attachment":"scroll","background-type":"","background-media":"","overlay-type":"","overlay-color":"","overlay-opacity":"","overlay-gradient":""},"tablet":{"background-color":"var(--ast-global-color-5)","background-image":"","background-repeat":"repeat","background-position":"center center","background-size":"auto","background-attachment":"scroll","background-type":"","background-media":"","overlay-type":"","overlay-color":"","overlay-opacity":"","overlay-gradient":""},"mobile":{"background-color":"var(--ast-global-color-5)","background-image":"","background-repeat":"repeat","background-position":"center center","background-size":"auto","background-attachment":"scroll","background-type":"","background-media":"","overlay-type":"","overlay-color":"","overlay-opacity":"","overlay-gradient":""}},"footnotes":""},"categories":[12,1,4],"tags":[106,327,380,116,360],"class_list":["post-21689","post","type-post","status-publish","format-standard","hentry","category-c-m","category-general","category-portada","tag-cicle-mitja","tag-concurs-gust-per-la-lectura","tag-el-gust-per-la-lectura","tag-gust-per-la-lectura","tag-portada"],"post_mailing_queue_ids":[],"_links":{"self":[{"href":"https:\/\/agora.xtec.cat\/esc-la-cabana\/wp-json\/wp\/v2\/posts\/21689","targetHints":{"allow":["GET"]}}],"collection":[{"href":"https:\/\/agora.xtec.cat\/esc-la-cabana\/wp-json\/wp\/v2\/posts"}],"about":[{"href":"https:\/\/agora.xtec.cat\/esc-la-cabana\/wp-json\/wp\/v2\/types\/post"}],"author":[{"embeddable":true,"href":"https:\/\/agora.xtec.cat\/esc-la-cabana\/wp-json\/wp\/v2\/users\/45"}],"replies":[{"embeddable":true,"href":"https:\/\/agora.xtec.cat\/esc-la-cabana\/wp-json\/wp\/v2\/comments?post=21689"}],"version-history":[{"count":4,"href":"https:\/\/agora.xtec.cat\/esc-la-cabana\/wp-json\/wp\/v2\/posts\/21689\/revisions"}],"predecessor-version":[{"id":21694,"href":"https:\/\/agora.xtec.cat\/esc-la-cabana\/wp-json\/wp\/v2\/posts\/21689\/revisions\/21694"}],"wp:attachment":[{"href":"https:\/\/agora.xtec.cat\/esc-la-cabana\/wp-json\/wp\/v2\/media?parent=21689"}],"wp:term":[{"taxonomy":"category","embeddable":true,"href":"https:\/\/agora.xtec.cat\/esc-la-cabana\/wp-json\/wp\/v2\/categories?post=21689"},{"taxonomy":"post_tag","embeddable":true,"href":"https:\/\/agora.xtec.cat\/esc-la-cabana\/wp-json\/wp\/v2\/tags?post=21689"}],"curies":[{"name":"wp","href":"https:\/\/api.w.org\/{rel}","templated":true}]}}