{"id":21528,"date":"2025-10-20T08:40:17","date_gmt":"2025-10-20T06:40:17","guid":{"rendered":"https:\/\/agora.xtec.cat\/esc-la-cabana\/?p=21528"},"modified":"2025-10-20T10:48:10","modified_gmt":"2025-10-20T08:48:10","slug":"new-school-year-new-etwinning-breaking-news","status":"publish","type":"post","link":"https:\/\/agora.xtec.cat\/esc-la-cabana\/general\/new-school-year-new-etwinning-breaking-news\/","title":{"rendered":"NEW SCHOOL YEAR, NEW ETWINNING BREAKING NEWS"},"content":{"rendered":"<h2>We are really glad to have started the new school year 2025-26 with three pieces of breaking news from eTwinning.<\/h2>\n<p><em><span class=\"Y2IQFc\" lang=\"ca\">Estem molt contents d&#8217;haver comen\u00e7at el nou curs escolar 2025-26 amb tres not\u00edcies d&#8217;\u00faltima hora d&#8217;eTwinning.<\/span><\/em><\/p>\n<p><a href=\"https:\/\/agora.xtec.cat\/esc-la-cabana\/wp-content\/uploads\/usu849\/2025\/10\/NQL-PUPILS-Be-global-citizens-SAMPLE.jpg\"><img loading=\"lazy\" decoding=\"async\" class=\"wp-image-21530 alignleft\" src=\"https:\/\/agora.xtec.cat\/esc-la-cabana\/wp-content\/uploads\/usu849\/2025\/10\/NQL-PUPILS-Be-global-citizens-SAMPLE-1024x724.jpg\" alt=\"\" width=\"400\" height=\"283\" srcset=\"https:\/\/agora.xtec.cat\/esc-la-cabana\/wp-content\/uploads\/usu849\/2025\/10\/NQL-PUPILS-Be-global-citizens-SAMPLE-1024x724.jpg 1024w, https:\/\/agora.xtec.cat\/esc-la-cabana\/wp-content\/uploads\/usu849\/2025\/10\/NQL-PUPILS-Be-global-citizens-SAMPLE-300x212.jpg 300w, https:\/\/agora.xtec.cat\/esc-la-cabana\/wp-content\/uploads\/usu849\/2025\/10\/NQL-PUPILS-Be-global-citizens-SAMPLE-768x543.jpg 768w, https:\/\/agora.xtec.cat\/esc-la-cabana\/wp-content\/uploads\/usu849\/2025\/10\/NQL-PUPILS-Be-global-citizens-SAMPLE-1536x1086.jpg 1536w, https:\/\/agora.xtec.cat\/esc-la-cabana\/wp-content\/uploads\/usu849\/2025\/10\/NQL-PUPILS-Be-global-citizens-SAMPLE.jpg 2000w\" sizes=\"auto, (max-width: 400px) 100vw, 400px\" \/><\/a><a href=\"https:\/\/agora.xtec.cat\/esc-la-cabana\/wp-content\/uploads\/usu849\/2025\/10\/Pupils-NQL-Certificates-20251001.jpg\"><img loading=\"lazy\" decoding=\"async\" class=\"alignnone wp-image-21535\" src=\"https:\/\/agora.xtec.cat\/esc-la-cabana\/wp-content\/uploads\/usu849\/2025\/10\/Pupils-NQL-Certificates-20251001-1001x1024.jpg\" alt=\"\" width=\"340\" height=\"347\" srcset=\"https:\/\/agora.xtec.cat\/esc-la-cabana\/wp-content\/uploads\/usu849\/2025\/10\/Pupils-NQL-Certificates-20251001-1001x1024.jpg 1001w, https:\/\/agora.xtec.cat\/esc-la-cabana\/wp-content\/uploads\/usu849\/2025\/10\/Pupils-NQL-Certificates-20251001-293x300.jpg 293w, https:\/\/agora.xtec.cat\/esc-la-cabana\/wp-content\/uploads\/usu849\/2025\/10\/Pupils-NQL-Certificates-20251001-768x786.jpg 768w, https:\/\/agora.xtec.cat\/esc-la-cabana\/wp-content\/uploads\/usu849\/2025\/10\/Pupils-NQL-Certificates-20251001-1501x1536.jpg 1501w, https:\/\/agora.xtec.cat\/esc-la-cabana\/wp-content\/uploads\/usu849\/2025\/10\/Pupils-NQL-Certificates-20251001.jpg 1712w\" sizes=\"auto, (max-width: 340px) 100vw, 340px\" \/><\/a><\/p>\n<h2>On the one hand, the recognition,<span class=\"Y2IQFc\" lang=\"en\"> by the Spanish eTwinning National Support Organization, with the National Quality Label (NQL) for the project: <em>\u201cHow can we Exchange our Culture? Let&#8217;s be Global Citizens!\u201d<\/em>. Project developed last year with Grindsted Skole, from Vodskov, Denmark, L\u2019escola Prat de La Riba, from Reus and our school: La Cabana.<\/span><\/h2>\n<p><em><span class=\"Y2IQFc\" lang=\"ca\">D&#8217;una banda, el reconeixement, per part de l&#8217;Organitzaci\u00f3 Nacional de Suport a eTwinning espanyola, amb el Segell de Qualitat Nacional (SQN) pel projecte: \u201cCom podem intercanviar la nostra cultura? Siguem ciutadans globals!\u201d. Projecte desenvolupat l&#8217;any passat amb Grindsted Skole, de Vodskov, Dinamarca, L\u2019escola Prat de La Riba, de Reus i la nostra escola: La Cabana.<\/span><\/em><\/p>\n<p>&nbsp;<\/p>\n<p><a href=\"https:\/\/agora.xtec.cat\/esc-la-cabana\/wp-content\/uploads\/usu849\/2025\/10\/Unpackaging-our-storybook.jpg\"><img loading=\"lazy\" decoding=\"async\" class=\"alignnone size-large wp-image-21538\" src=\"https:\/\/agora.xtec.cat\/esc-la-cabana\/wp-content\/uploads\/usu849\/2025\/10\/Unpackaging-our-storybook-1024x461.jpg\" alt=\"\" width=\"1024\" height=\"461\" srcset=\"https:\/\/agora.xtec.cat\/esc-la-cabana\/wp-content\/uploads\/usu849\/2025\/10\/Unpackaging-our-storybook-1024x461.jpg 1024w, https:\/\/agora.xtec.cat\/esc-la-cabana\/wp-content\/uploads\/usu849\/2025\/10\/Unpackaging-our-storybook-300x135.jpg 300w, https:\/\/agora.xtec.cat\/esc-la-cabana\/wp-content\/uploads\/usu849\/2025\/10\/Unpackaging-our-storybook-768x346.jpg 768w, https:\/\/agora.xtec.cat\/esc-la-cabana\/wp-content\/uploads\/usu849\/2025\/10\/Unpackaging-our-storybook-1536x691.jpg 1536w, https:\/\/agora.xtec.cat\/esc-la-cabana\/wp-content\/uploads\/usu849\/2025\/10\/Unpackaging-our-storybook.jpg 1600w\" sizes=\"auto, (max-width: 1024px) 100vw, 1024px\" \/><\/a><\/p>\n<h2><span class=\"Y2IQFc\" lang=\"en\">On the other hand, the arrival at school, on 1st October, of our digital audiobook in paper format! We edited it using the digital application StoryJumper, but we were able to buy it from the company. So it has traveled from the USA to Les Cabanyes. What a surprise!<\/span><\/h2>\n<p><em>D&#8217;altra banda, l&#8217;arribada a l&#8217;escola, el dia 1 d&#8217;octubre, del nostre audiollibre digital en format paper! Ho vam editar fent \u00fas de l&#8217;aplicaci\u00f3 digital StoryJumper, per\u00f2 ho vam poder comprar a l&#8217;empresa. Aix\u00ed que ha viatjat des del EEUU fins a Les Cabanyes. Quina sorpresa!<\/em><\/p>\n<p><a href=\"https:\/\/agora.xtec.cat\/esc-la-cabana\/wp-content\/uploads\/usu849\/2025\/10\/Explicant-NQL-20251003-resized-scaled.jpg\"><img loading=\"lazy\" decoding=\"async\" class=\"wp-image-21533 alignleft\" src=\"https:\/\/agora.xtec.cat\/esc-la-cabana\/wp-content\/uploads\/usu849\/2025\/10\/Explicant-NQL-20251003-resized-1024x768.jpg\" alt=\"\" width=\"366\" height=\"274\" srcset=\"https:\/\/agora.xtec.cat\/esc-la-cabana\/wp-content\/uploads\/usu849\/2025\/10\/Explicant-NQL-20251003-resized-1024x768.jpg 1024w, https:\/\/agora.xtec.cat\/esc-la-cabana\/wp-content\/uploads\/usu849\/2025\/10\/Explicant-NQL-20251003-resized-300x225.jpg 300w, https:\/\/agora.xtec.cat\/esc-la-cabana\/wp-content\/uploads\/usu849\/2025\/10\/Explicant-NQL-20251003-resized-768x576.jpg 768w, https:\/\/agora.xtec.cat\/esc-la-cabana\/wp-content\/uploads\/usu849\/2025\/10\/Explicant-NQL-20251003-resized-1536x1152.jpg 1536w, https:\/\/agora.xtec.cat\/esc-la-cabana\/wp-content\/uploads\/usu849\/2025\/10\/Explicant-NQL-20251003-resized-2048x1536.jpg 2048w, https:\/\/agora.xtec.cat\/esc-la-cabana\/wp-content\/uploads\/usu849\/2025\/10\/Explicant-NQL-20251003-resized-200x150.jpg 200w\" sizes=\"auto, (max-width: 366px) 100vw, 366px\" \/><\/a> <a href=\"https:\/\/agora.xtec.cat\/esc-la-cabana\/wp-content\/uploads\/usu849\/2025\/10\/LLiurant-NQL-20251003-resized-scaled.jpg\"><img loading=\"lazy\" decoding=\"async\" class=\"alignnone wp-image-21532\" src=\"https:\/\/agora.xtec.cat\/esc-la-cabana\/wp-content\/uploads\/usu849\/2025\/10\/LLiurant-NQL-20251003-resized-1024x768.jpg\" alt=\"\" width=\"364\" height=\"273\" srcset=\"https:\/\/agora.xtec.cat\/esc-la-cabana\/wp-content\/uploads\/usu849\/2025\/10\/LLiurant-NQL-20251003-resized-1024x768.jpg 1024w, https:\/\/agora.xtec.cat\/esc-la-cabana\/wp-content\/uploads\/usu849\/2025\/10\/LLiurant-NQL-20251003-resized-300x225.jpg 300w, https:\/\/agora.xtec.cat\/esc-la-cabana\/wp-content\/uploads\/usu849\/2025\/10\/LLiurant-NQL-20251003-resized-768x576.jpg 768w, https:\/\/agora.xtec.cat\/esc-la-cabana\/wp-content\/uploads\/usu849\/2025\/10\/LLiurant-NQL-20251003-resized-1536x1152.jpg 1536w, https:\/\/agora.xtec.cat\/esc-la-cabana\/wp-content\/uploads\/usu849\/2025\/10\/LLiurant-NQL-20251003-resized-2048x1536.jpg 2048w, https:\/\/agora.xtec.cat\/esc-la-cabana\/wp-content\/uploads\/usu849\/2025\/10\/LLiurant-NQL-20251003-resized-200x150.jpg 200w\" sizes=\"auto, (max-width: 364px) 100vw, 364px\" \/><\/a><\/p>\n<h5>That&#8217;s why, on 3rd October, <span class=\"Y2IQFc\" lang=\"en\"> we held a ceremony to deliver the National Quality Label certificates to the students who were in 1st Cycle last year and also to present them with the audiobook that arrived during those days. All the students from the 1st and 2nd cycles of this school year accompanied us to the ceremony. It was very rewarding, exciting and emotional to see the happy faces of these young students when they saw their book published. <\/span><span class=\"Y2IQFc\" lang=\"en\">Truly an unforgettable moment!<\/span><\/h5>\n<p>\u00c9s per aix\u00f2 que, el 3 d&#8217;octubre, vam celebrar una cerim\u00f2nia, per lliurar els certificats de Segell de Qualitat Nacional a l&#8217;alumnat que el curs passat estava a 1r Cicle i tamb\u00e9 presentar-los l&#8217;audiollibre que ens va arribar durant aquells dies.<br \/>\nA la cerim\u00f2nia ens van acompanyar tot l&#8217;alumnat del 1r i 2n cicles d&#8217;aquest curs escolar.<br \/>\nVa ser molt gratificant, emocionant i emotiu veure les cares de felicitat d&#8217;aquest joves alumnes en veure els seu llibre publicat. Realment un moment inoblidable!<\/p>\n<p><a href=\"https:\/\/agora.xtec.cat\/esc-la-cabana\/wp-content\/uploads\/usu849\/2025\/10\/Alumnat-conte-i-NQL-20251003-resized-scaled.jpg\"><img loading=\"lazy\" decoding=\"async\" class=\"alignnone size-large wp-image-21534\" src=\"https:\/\/agora.xtec.cat\/esc-la-cabana\/wp-content\/uploads\/usu849\/2025\/10\/Alumnat-conte-i-NQL-20251003-resized-1024x768.jpg\" alt=\"\" width=\"1024\" height=\"768\" srcset=\"https:\/\/agora.xtec.cat\/esc-la-cabana\/wp-content\/uploads\/usu849\/2025\/10\/Alumnat-conte-i-NQL-20251003-resized-1024x768.jpg 1024w, https:\/\/agora.xtec.cat\/esc-la-cabana\/wp-content\/uploads\/usu849\/2025\/10\/Alumnat-conte-i-NQL-20251003-resized-300x225.jpg 300w, https:\/\/agora.xtec.cat\/esc-la-cabana\/wp-content\/uploads\/usu849\/2025\/10\/Alumnat-conte-i-NQL-20251003-resized-768x576.jpg 768w, https:\/\/agora.xtec.cat\/esc-la-cabana\/wp-content\/uploads\/usu849\/2025\/10\/Alumnat-conte-i-NQL-20251003-resized-1536x1152.jpg 1536w, https:\/\/agora.xtec.cat\/esc-la-cabana\/wp-content\/uploads\/usu849\/2025\/10\/Alumnat-conte-i-NQL-20251003-resized-2048x1536.jpg 2048w, https:\/\/agora.xtec.cat\/esc-la-cabana\/wp-content\/uploads\/usu849\/2025\/10\/Alumnat-conte-i-NQL-20251003-resized-200x150.jpg 200w\" sizes=\"auto, (max-width: 1024px) 100vw, 1024px\" \/><\/a><\/p>\n<p><span class=\"Y2IQFc\" lang=\"en\">The book is a gift from the school and it will remain in the school library, so that all the students can borrow it and enjoy reading it and, above all, for the current 2nd and 3rd year-students, to remember all the learning process experienced during the development of the project last year when they were in Primary 1 and Primary 2.<\/span><\/p>\n<p><em>El llibre \u00e9s un regal que fa l&#8217;escola i restar\u00e0 a la biblioteca del centre perqu\u00e8 tot l&#8217;alumnat el pugui agafar en pr\u00e9stec i gaudir-lo llegint i, sobretot, per a l&#8217;actual alumnat de 2n i 3r, recordar tots els aprenentatges viscuts durant el desenvolupament del projecte el curs passat quan feien 1r i 2n d&#8217;Educaci\u00f3 Prim\u00e0ria.<\/em><\/p>\n<p>&nbsp;<\/p>\n<p><a href=\"https:\/\/agora.xtec.cat\/esc-la-cabana\/wp-content\/uploads\/usu849\/2025\/10\/Dissemination-3d8-eTwinning-24-25.jpg\"><img loading=\"lazy\" decoding=\"async\" class=\"alignnone size-large wp-image-21542\" src=\"https:\/\/agora.xtec.cat\/esc-la-cabana\/wp-content\/uploads\/usu849\/2025\/10\/Dissemination-3d8-eTwinning-24-25-741x1024.jpg\" alt=\"\" width=\"741\" height=\"1024\" srcset=\"https:\/\/agora.xtec.cat\/esc-la-cabana\/wp-content\/uploads\/usu849\/2025\/10\/Dissemination-3d8-eTwinning-24-25-741x1024.jpg 741w, https:\/\/agora.xtec.cat\/esc-la-cabana\/wp-content\/uploads\/usu849\/2025\/10\/Dissemination-3d8-eTwinning-24-25-217x300.jpg 217w, https:\/\/agora.xtec.cat\/esc-la-cabana\/wp-content\/uploads\/usu849\/2025\/10\/Dissemination-3d8-eTwinning-24-25-768x1062.jpg 768w, https:\/\/agora.xtec.cat\/esc-la-cabana\/wp-content\/uploads\/usu849\/2025\/10\/Dissemination-3d8-eTwinning-24-25.jpg 900w\" sizes=\"auto, (max-width: 741px) 100vw, 741px\" \/><\/a><\/p>\n<h2><span class=\"Y2IQFc\" lang=\"en\">And finally, the latest news: the publication, on Friday 10th October, in the regional newspaper 3d8 (Pom de Dalt section) of our news explaining, very briefly, what we have just explained to you in this article.\u00a0<\/span><\/h2>\n<p><em>I finalment, la darrera not\u00edcia: la publicaci\u00f3, el divendres 10 d&#8217;octubre, al diari regional del 3d8 (secci\u00f3 del Pom de Dalt) de la nostra not\u00edcia explicant, de manera molt breu, el que acabem d&#8217;explicar-vos en aquest article.<\/em><\/p>\n<p><span class=\"Y2IQFc\" lang=\"en\">We attach the news for those families who were unable to purchase the newspaper.<\/span><\/p>\n<p><em>Us adjuntem la not\u00edcia per a aquelles fam\u00edlies que no vau poder adquirir el diari.<\/em><\/p>\n<p><a href=\"https:\/\/agora.xtec.cat\/esc-la-cabana\/wp-content\/uploads\/usu849\/2025\/10\/Dissemination-Pom-de-dalt-eTwinning-24-25-rotated.jpg\"><img loading=\"lazy\" decoding=\"async\" class=\"alignnone size-large wp-image-21541\" src=\"https:\/\/agora.xtec.cat\/esc-la-cabana\/wp-content\/uploads\/usu849\/2025\/10\/Dissemination-Pom-de-dalt-eTwinning-24-25-1024x461.jpg\" alt=\"\" width=\"1024\" height=\"461\" srcset=\"https:\/\/agora.xtec.cat\/esc-la-cabana\/wp-content\/uploads\/usu849\/2025\/10\/Dissemination-Pom-de-dalt-eTwinning-24-25-1024x461.jpg 1024w, https:\/\/agora.xtec.cat\/esc-la-cabana\/wp-content\/uploads\/usu849\/2025\/10\/Dissemination-Pom-de-dalt-eTwinning-24-25-300x135.jpg 300w, https:\/\/agora.xtec.cat\/esc-la-cabana\/wp-content\/uploads\/usu849\/2025\/10\/Dissemination-Pom-de-dalt-eTwinning-24-25-768x346.jpg 768w, https:\/\/agora.xtec.cat\/esc-la-cabana\/wp-content\/uploads\/usu849\/2025\/10\/Dissemination-Pom-de-dalt-eTwinning-24-25-1536x691.jpg 1536w, https:\/\/agora.xtec.cat\/esc-la-cabana\/wp-content\/uploads\/usu849\/2025\/10\/Dissemination-Pom-de-dalt-eTwinning-24-25-rotated.jpg 2000w\" sizes=\"auto, (max-width: 1024px) 100vw, 1024px\" \/><\/a><\/p>\n<p>&nbsp;<\/p>\n<h3><span class=\"Y2IQFc\" lang=\"en\">So&#8230; as you can see, a start of the school year with lots of news related to last year&#8217;s eTwinning project.<\/span><\/h3>\n<p><em>Doncs&#8230; com podeu veure, un inici del curs en moltes not\u00edcies relacionades amb el projecte eTwinning del curs passat.<\/em><\/p>\n<h2 style=\"text-align: center\">THE ENGLISH TEACHERS WISH EVERYONE A GREAT SCHOOL YEAR!<\/h2>\n<p style=\"text-align: center\"><em>LES MESTRES D&#8217;ANGL\u00c8S US DESITGEM MOLT BON CURS ESCOLAR A TOTHOM!<\/em><\/p>\n<p>&nbsp;<\/p>\n","protected":false},"excerpt":{"rendered":"<p>JUST STRATING THE NEW SCHOOL YEAR WITH THREE BREAKING NEWS FROM ETWINNING.<\/p>\n","protected":false},"author":43,"featured_media":21529,"comment_status":"open","ping_status":"open","sticky":false,"template":"","format":"standard","meta":{"_bbp_topic_count":0,"_bbp_reply_count":0,"_bbp_total_topic_count":0,"_bbp_total_reply_count":0,"_bbp_voice_count":0,"_bbp_anonymous_reply_count":0,"_bbp_topic_count_hidden":0,"_bbp_reply_count_hidden":0,"_bbp_forum_subforum_count":0,"site-sidebar-layout":"default","site-content-layout":"","ast-site-content-layout":"","site-content-style":"default","site-sidebar-style":"default","ast-global-header-display":"","ast-banner-title-visibility":"","ast-main-header-display":"","ast-hfb-above-header-display":"","ast-hfb-below-header-display":"","ast-hfb-mobile-header-display":"","site-post-title":"","ast-breadcrumbs-content":"","ast-featured-img":"","footer-sml-layout":"","theme-transparent-header-meta":"","adv-header-id-meta":"","stick-header-meta":"","header-above-stick-meta":"","header-main-stick-meta":"","header-below-stick-meta":"","astra-migrate-meta-layouts":"default","ast-page-background-enabled":"default","ast-page-background-meta":{"desktop":{"background-color":"var(--ast-global-color-4)","background-image":"","background-repeat":"repeat","background-position":"center center","background-size":"auto","background-attachment":"scroll","background-type":"","background-media":"","overlay-type":"","overlay-color":"","overlay-opacity":"","overlay-gradient":""},"tablet":{"background-color":"","background-image":"","background-repeat":"repeat","background-position":"center center","background-size":"auto","background-attachment":"scroll","background-type":"","background-media":"","overlay-type":"","overlay-color":"","overlay-opacity":"","overlay-gradient":""},"mobile":{"background-color":"","background-image":"","background-repeat":"repeat","background-position":"center center","background-size":"auto","background-attachment":"scroll","background-type":"","background-media":"","overlay-type":"","overlay-color":"","overlay-opacity":"","overlay-gradient":""}},"ast-content-background-meta":{"desktop":{"background-color":"var(--ast-global-color-5)","background-image":"","background-repeat":"repeat","background-position":"center center","background-size":"auto","background-attachment":"scroll","background-type":"","background-media":"","overlay-type":"","overlay-color":"","overlay-opacity":"","overlay-gradient":""},"tablet":{"background-color":"var(--ast-global-color-5)","background-image":"","background-repeat":"repeat","background-position":"center center","background-size":"auto","background-attachment":"scroll","background-type":"","background-media":"","overlay-type":"","overlay-color":"","overlay-opacity":"","overlay-gradient":""},"mobile":{"background-color":"var(--ast-global-color-5)","background-image":"","background-repeat":"repeat","background-position":"center center","background-size":"auto","background-attachment":"scroll","background-type":"","background-media":"","overlay-type":"","overlay-color":"","overlay-opacity":"","overlay-gradient":""}},"footnotes":""},"categories":[23,10,12,83,1,4,5,402],"tags":[129,106,315,145,87],"class_list":["post-21528","post","type-post","status-publish","format-standard","has-post-thumbnail","hentry","category-angles","category-c-i","category-c-m","category-especialitats","category-general","category-portada","category-primaria","category-projecte-etwinning-denmark-spain-2024-25","tag-angles","tag-cicle-mitja","tag-etwinning","tag-primer-inicial","tag-projectes"],"post_mailing_queue_ids":[],"_links":{"self":[{"href":"https:\/\/agora.xtec.cat\/esc-la-cabana\/wp-json\/wp\/v2\/posts\/21528","targetHints":{"allow":["GET"]}}],"collection":[{"href":"https:\/\/agora.xtec.cat\/esc-la-cabana\/wp-json\/wp\/v2\/posts"}],"about":[{"href":"https:\/\/agora.xtec.cat\/esc-la-cabana\/wp-json\/wp\/v2\/types\/post"}],"author":[{"embeddable":true,"href":"https:\/\/agora.xtec.cat\/esc-la-cabana\/wp-json\/wp\/v2\/users\/43"}],"replies":[{"embeddable":true,"href":"https:\/\/agora.xtec.cat\/esc-la-cabana\/wp-json\/wp\/v2\/comments?post=21528"}],"version-history":[{"count":5,"href":"https:\/\/agora.xtec.cat\/esc-la-cabana\/wp-json\/wp\/v2\/posts\/21528\/revisions"}],"predecessor-version":[{"id":21545,"href":"https:\/\/agora.xtec.cat\/esc-la-cabana\/wp-json\/wp\/v2\/posts\/21528\/revisions\/21545"}],"wp:featuredmedia":[{"embeddable":true,"href":"https:\/\/agora.xtec.cat\/esc-la-cabana\/wp-json\/wp\/v2\/media\/21529"}],"wp:attachment":[{"href":"https:\/\/agora.xtec.cat\/esc-la-cabana\/wp-json\/wp\/v2\/media?parent=21528"}],"wp:term":[{"taxonomy":"category","embeddable":true,"href":"https:\/\/agora.xtec.cat\/esc-la-cabana\/wp-json\/wp\/v2\/categories?post=21528"},{"taxonomy":"post_tag","embeddable":true,"href":"https:\/\/agora.xtec.cat\/esc-la-cabana\/wp-json\/wp\/v2\/tags?post=21528"}],"curies":[{"name":"wp","href":"https:\/\/api.w.org\/{rel}","templated":true}]}}