{"id":21465,"date":"2025-06-25T13:56:37","date_gmt":"2025-06-25T11:56:37","guid":{"rendered":"https:\/\/agora.xtec.cat\/esc-la-cabana\/?p=21465"},"modified":"2025-06-28T13:04:57","modified_gmt":"2025-06-28T11:04:57","slug":"tallers-artistics-fem-curtmetratges","status":"publish","type":"post","link":"https:\/\/agora.xtec.cat\/esc-la-cabana\/general\/tallers-artistics-fem-curtmetratges\/","title":{"rendered":"TALLERS ART\u00cdSTICS: FEM CURTMETRATGES"},"content":{"rendered":"<p data-start=\"0\" data-end=\"21\">Benvolgudes fam\u00edlies,<\/p>\n<p data-start=\"23\" data-end=\"97\"><span class=\"relative -mx-px my-[-0.2rem] rounded px-px py-[0.2rem] transition-colors duration-100 ease-in-out\">Les nenes i els nens de Cicle Superior, de les classes d\u2019Isabel II i Malala Yousafzai, han participat en un proc\u00e9s creatiu per treballar els valors de la sinceritat, l\u2019amistat i la gesti\u00f3 de les emocions, com la por, i tamb\u00e9 l&#8217;assetjament.<\/span><\/p>\n<p data-start=\"99\" data-end=\"293\"><span class=\"relative -mx-px my-[-0.2rem] rounded px-px py-[0.2rem] transition-colors duration-100 ease-in-out\">El taller art\u00edstic va comen\u00e7ar amb una sessi\u00f3 introduct\u00f2ria sobre el proc\u00e9s de creaci\u00f3 d\u2019una pel\u00b7l\u00edcula.<\/span> <span class=\"relative -mx-px my-[-0.2rem] rounded px-px py-[0.2rem] transition-colors duration-100 ease-in-out\">A partir d\u2019aqu\u00ed, vam desenvolupar el projecte de creaci\u00f3 d\u2019un curtmetratge que va integrar la redacci\u00f3 del gui\u00f3, la direcci\u00f3 de c\u00e0mera i la interpretaci\u00f3 dels actors i actrius.<\/span> <span class=\"relative -mx-px my-[-0.2rem] rounded px-px py-[0.2rem] transition-colors duration-100 ease-in-out\">El proc\u00e9s creatiu va ser fruit d\u2019una idea compartida per tot el grup, i posteriorment, l\u2019alumnat es va organitzar en equips per elaborar el gui\u00f3, l\u2019storyboard i la coreografia.<\/span> <span class=\"relative -mx-px my-[-0.2rem] rounded px-px py-[0.2rem] transition-colors duration-100 ease-in-out\">Les escenes es van gravar amb c\u00e0mera fixa i m\u00f2bil.<\/span><\/p>\n<p data-start=\"403\" data-end=\"481\">Ens fa molta il\u00b7lusi\u00f3 veure com han brillat amb les seves idees!<\/p>\n<p data-start=\"403\" data-end=\"481\"><span class=\"relative -mx-px my-[-0.2rem] rounded px-px py-[0.2rem] transition-colors duration-100 ease-in-out\"><img loading=\"lazy\" decoding=\"async\" class=\" wp-image-21485 alignright\" src=\"https:\/\/agora.xtec.cat\/esc-la-cabana\/wp-content\/uploads\/usu849\/2025\/06\/IMG_20250619_093518-1-300x225.jpg\" alt=\"\" width=\"475\" height=\"356\" srcset=\"https:\/\/agora.xtec.cat\/esc-la-cabana\/wp-content\/uploads\/usu849\/2025\/06\/IMG_20250619_093518-1-300x225.jpg 300w, https:\/\/agora.xtec.cat\/esc-la-cabana\/wp-content\/uploads\/usu849\/2025\/06\/IMG_20250619_093518-1-1024x768.jpg 1024w, https:\/\/agora.xtec.cat\/esc-la-cabana\/wp-content\/uploads\/usu849\/2025\/06\/IMG_20250619_093518-1-768x576.jpg 768w, https:\/\/agora.xtec.cat\/esc-la-cabana\/wp-content\/uploads\/usu849\/2025\/06\/IMG_20250619_093518-1-1536x1152.jpg 1536w, https:\/\/agora.xtec.cat\/esc-la-cabana\/wp-content\/uploads\/usu849\/2025\/06\/IMG_20250619_093518-1-2048x1536.jpg 2048w, https:\/\/agora.xtec.cat\/esc-la-cabana\/wp-content\/uploads\/usu849\/2025\/06\/IMG_20250619_093518-1-200x150.jpg 200w\" sizes=\"auto, (max-width: 475px) 100vw, 475px\" \/>El resultat d\u2019aquest treball el podeu comprovar i gaudir visualitzant els curtmetratges:<\/span><\/p>\n<p><a href=\"https:\/\/drive.google.com\/file\/d\/1Gh0kM-gW4hdFUU2POULkWOUXKn_4EJve\/view?usp=sharing\" target=\"_blank\" rel=\"noopener\">Nou a l&#8217;institut<\/a><\/p>\n<p><a href=\"https:\/\/drive.google.com\/file\/d\/11bWWx2wqNdcaAki0BCO8Q4zPc1hojSmC\/view?usp=sharing\" target=\"_blank\" rel=\"noopener\">Un mal comen\u00e7ament<\/a><\/p>\n<p><a href=\"https:\/\/drive.google.com\/file\/d\/18EC7ue_TMkr7tk2gkyVOuTB8I-PVWpak\/view?usp=sharing\" target=\"_blank\" rel=\"noopener\">Una nit a l&#8217;escola<\/a><\/p>\n<p><a href=\"https:\/\/drive.google.com\/file\/d\/1vqmMQpbAbjwYlpIoI96tsDpF0IfPjffR\/view?usp=sharing\" target=\"_blank\" rel=\"noopener\">L&#8217;habitaci\u00f3 misteriosa<\/a><\/p>\n<p><a href=\"https:\/\/drive.google.com\/file\/d\/1uXlQpasKkVquIefus3yROoAkvdfU-Kdj\/view?usp=sharing\" target=\"_blank\" rel=\"noopener\">Amics per sempre<\/a><\/p>\n<p>&nbsp;<\/p>\n<p>Salut i cinema!<\/p>\n","protected":false},"excerpt":{"rendered":"<p>V\u00eddeos de les produccions audiovisuals de l&#8217;alumnat de tercer cicle.<\/p>\n","protected":false},"author":1,"featured_media":21450,"comment_status":"open","ping_status":"open","sticky":false,"template":"","format":"standard","meta":{"_bbp_topic_count":0,"_bbp_reply_count":0,"_bbp_total_topic_count":0,"_bbp_total_reply_count":0,"_bbp_voice_count":0,"_bbp_anonymous_reply_count":0,"_bbp_topic_count_hidden":0,"_bbp_reply_count_hidden":0,"_bbp_forum_subforum_count":0,"site-sidebar-layout":"default","site-content-layout":"","ast-site-content-layout":"","site-content-style":"default","site-sidebar-style":"default","ast-global-header-display":"","ast-banner-title-visibility":"","ast-main-header-display":"","ast-hfb-above-header-display":"","ast-hfb-below-header-display":"","ast-hfb-mobile-header-display":"","site-post-title":"","ast-breadcrumbs-content":"","ast-featured-img":"","footer-sml-layout":"","theme-transparent-header-meta":"","adv-header-id-meta":"","stick-header-meta":"","header-above-stick-meta":"","header-main-stick-meta":"","header-below-stick-meta":"","astra-migrate-meta-layouts":"default","ast-page-background-enabled":"default","ast-page-background-meta":{"desktop":{"background-color":"var(--ast-global-color-4)","background-image":"","background-repeat":"repeat","background-position":"center center","background-size":"auto","background-attachment":"scroll","background-type":"","background-media":"","overlay-type":"","overlay-color":"","overlay-opacity":"","overlay-gradient":""},"tablet":{"background-color":"","background-image":"","background-repeat":"repeat","background-position":"center center","background-size":"auto","background-attachment":"scroll","background-type":"","background-media":"","overlay-type":"","overlay-color":"","overlay-opacity":"","overlay-gradient":""},"mobile":{"background-color":"","background-image":"","background-repeat":"repeat","background-position":"center center","background-size":"auto","background-attachment":"scroll","background-type":"","background-media":"","overlay-type":"","overlay-color":"","overlay-opacity":"","overlay-gradient":""}},"ast-content-background-meta":{"desktop":{"background-color":"var(--ast-global-color-5)","background-image":"","background-repeat":"repeat","background-position":"center center","background-size":"auto","background-attachment":"scroll","background-type":"","background-media":"","overlay-type":"","overlay-color":"","overlay-opacity":"","overlay-gradient":""},"tablet":{"background-color":"var(--ast-global-color-5)","background-image":"","background-repeat":"repeat","background-position":"center center","background-size":"auto","background-attachment":"scroll","background-type":"","background-media":"","overlay-type":"","overlay-color":"","overlay-opacity":"","overlay-gradient":""},"mobile":{"background-color":"var(--ast-global-color-5)","background-image":"","background-repeat":"repeat","background-position":"center center","background-size":"auto","background-attachment":"scroll","background-type":"","background-media":"","overlay-type":"","overlay-color":"","overlay-opacity":"","overlay-gradient":""}},"footnotes":""},"categories":[1,4,44],"tags":[19,419,418,373],"class_list":["post-21465","post","type-post","status-publish","format-standard","has-post-thumbnail","hentry","category-general","category-portada","category-audiovisuals","tag-audiovisuals","tag-fem-cinema","tag-tallers-artistics","tag-tercer-cicle"],"post_mailing_queue_ids":[],"_links":{"self":[{"href":"https:\/\/agora.xtec.cat\/esc-la-cabana\/wp-json\/wp\/v2\/posts\/21465","targetHints":{"allow":["GET"]}}],"collection":[{"href":"https:\/\/agora.xtec.cat\/esc-la-cabana\/wp-json\/wp\/v2\/posts"}],"about":[{"href":"https:\/\/agora.xtec.cat\/esc-la-cabana\/wp-json\/wp\/v2\/types\/post"}],"author":[{"embeddable":true,"href":"https:\/\/agora.xtec.cat\/esc-la-cabana\/wp-json\/wp\/v2\/users\/1"}],"replies":[{"embeddable":true,"href":"https:\/\/agora.xtec.cat\/esc-la-cabana\/wp-json\/wp\/v2\/comments?post=21465"}],"version-history":[{"count":4,"href":"https:\/\/agora.xtec.cat\/esc-la-cabana\/wp-json\/wp\/v2\/posts\/21465\/revisions"}],"predecessor-version":[{"id":21486,"href":"https:\/\/agora.xtec.cat\/esc-la-cabana\/wp-json\/wp\/v2\/posts\/21465\/revisions\/21486"}],"wp:featuredmedia":[{"embeddable":true,"href":"https:\/\/agora.xtec.cat\/esc-la-cabana\/wp-json\/wp\/v2\/media\/21450"}],"wp:attachment":[{"href":"https:\/\/agora.xtec.cat\/esc-la-cabana\/wp-json\/wp\/v2\/media?parent=21465"}],"wp:term":[{"taxonomy":"category","embeddable":true,"href":"https:\/\/agora.xtec.cat\/esc-la-cabana\/wp-json\/wp\/v2\/categories?post=21465"},{"taxonomy":"post_tag","embeddable":true,"href":"https:\/\/agora.xtec.cat\/esc-la-cabana\/wp-json\/wp\/v2\/tags?post=21465"}],"curies":[{"name":"wp","href":"https:\/\/api.w.org\/{rel}","templated":true}]}}