{"id":21441,"date":"2025-06-19T08:14:26","date_gmt":"2025-06-19T06:14:26","guid":{"rendered":"https:\/\/agora.xtec.cat\/esc-la-cabana\/?p=21441"},"modified":"2025-10-19T08:19:59","modified_gmt":"2025-10-19T06:19:59","slug":"the-farewell","status":"publish","type":"post","link":"https:\/\/agora.xtec.cat\/esc-la-cabana\/general\/the-farewell\/","title":{"rendered":"THE FAREWELL"},"content":{"rendered":"<h5>Last Friday, 13th June, it was a very special day for children in Jane Goodall&#8217;s class.<\/h5>\n<p><em><span class=\"Y2IQFc\" lang=\"ca\">El passat divendres, 13 de juny, va ser un dia molt especial per als nens i les nenes de la classe de Jane Goodall.<\/span><\/em><\/p>\n<h4><\/h4>\n<h4>We celebrated a ceremony concluding this eTwinning Project developed during this school year 2024-25.<\/h4>\n<p><span class=\"Y2IQFc\" lang=\"ca\"><em>Vam celebrar una cerim\u00f2nia de cloenda d&#8217;aquest projecte eTwinning desenvolupat durant aquest curs escolar 2024-25.<\/em><\/span><\/p>\n<p>&nbsp;<\/p>\n<p><a href=\"https:\/\/agora.xtec.cat\/esc-la-cabana\/wp-content\/uploads\/usu849\/2025\/10\/eTwinning-Farewell-2024-25.jpg\"><img loading=\"lazy\" decoding=\"async\" class=\"alignnone size-large wp-image-21497\" src=\"https:\/\/agora.xtec.cat\/esc-la-cabana\/wp-content\/uploads\/usu849\/2025\/10\/eTwinning-Farewell-2024-25-1024x586.jpg\" alt=\"\" width=\"1024\" height=\"586\" srcset=\"https:\/\/agora.xtec.cat\/esc-la-cabana\/wp-content\/uploads\/usu849\/2025\/10\/eTwinning-Farewell-2024-25-1024x586.jpg 1024w, https:\/\/agora.xtec.cat\/esc-la-cabana\/wp-content\/uploads\/usu849\/2025\/10\/eTwinning-Farewell-2024-25-300x172.jpg 300w, https:\/\/agora.xtec.cat\/esc-la-cabana\/wp-content\/uploads\/usu849\/2025\/10\/eTwinning-Farewell-2024-25-768x439.jpg 768w, https:\/\/agora.xtec.cat\/esc-la-cabana\/wp-content\/uploads\/usu849\/2025\/10\/eTwinning-Farewell-2024-25.jpg 1232w\" sizes=\"auto, (max-width: 1024px) 100vw, 1024px\" \/><\/a><\/p>\n<h5>Pupils in the 1st Cycle of Primary Education, accompaigned by other young students in our school,\u00a0 could watch the audiobook elaborated collaboratively and cooperatively by the three schools involved in this project.<\/h5>\n<p><em><span class=\"Y2IQFc\" lang=\"ca\">L&#8217;alumnat de 1r Cicle d&#8217;Educaci\u00f3 Prim\u00e0ria, acompanyats\/des per altres joves alumnes de la nostra escola, van poder veure l&#8217;audiollibre elaborat de manera col\u00b7laborativa i cooperativa per les tres escoles implicades en aquest projecte.<\/span><\/em><\/p>\n<h5>Even though we used a digital App to work on this story, it was thanks to Prat de la Riba School that we could get it as an mp4 format, because they bought the design.<\/h5>\n<p><em><span class=\"Y2IQFc\" lang=\"ca\">Tot i que vam fer servir una aplicaci\u00f3 digital per treballar en aquesta hist\u00f2ria, va ser gr\u00e0cies a l&#8217;Escola Prat de la Riba que la vam poder obtenir en format mp4, ja que van comprar el disseny a l&#8217;aplicaci\u00f3 StoryJumper.\u00a0<\/span><\/em><\/p>\n<h5>It was a really rewarding moment seeing our young learners enjoying watching at their final production. You can now watch it again here; just scan this QR code:<\/h5>\n<p><em><span class=\"Y2IQFc\" lang=\"ca\">Va ser un moment realment gratificant veure al nostre jove alumnat gaudint de la seva producci\u00f3 final. Ara podeu tornar-la a veure aqu\u00ed; nom\u00e9s cal que escanegeu aquest codi QR:<\/span><\/em><\/p>\n<p><a href=\"https:\/\/agora.xtec.cat\/esc-la-cabana\/wp-content\/uploads\/usu849\/2025\/10\/Friendship-across-Borders-QR-CODE.png\"><img loading=\"lazy\" decoding=\"async\" class=\"alignnone wp-image-21505\" src=\"https:\/\/agora.xtec.cat\/esc-la-cabana\/wp-content\/uploads\/usu849\/2025\/10\/Friendship-across-Borders-QR-CODE.png\" alt=\"\" width=\"390\" height=\"390\" srcset=\"https:\/\/agora.xtec.cat\/esc-la-cabana\/wp-content\/uploads\/usu849\/2025\/10\/Friendship-across-Borders-QR-CODE.png 1000w, https:\/\/agora.xtec.cat\/esc-la-cabana\/wp-content\/uploads\/usu849\/2025\/10\/Friendship-across-Borders-QR-CODE-300x300.png 300w, https:\/\/agora.xtec.cat\/esc-la-cabana\/wp-content\/uploads\/usu849\/2025\/10\/Friendship-across-Borders-QR-CODE-150x150.png 150w, https:\/\/agora.xtec.cat\/esc-la-cabana\/wp-content\/uploads\/usu849\/2025\/10\/Friendship-across-Borders-QR-CODE-768x768.png 768w\" sizes=\"auto, (max-width: 390px) 100vw, 390px\" \/><\/a><\/p>\n<h5>Moreover, they recieved a bag and a small thermal bag (sandwich-sized) from our Spanish National Support Organization as a reward for their work during all the school year.<\/h5>\n<p><em><span class=\"Y2IQFc\" lang=\"ca\">A m\u00e9s, van rebre una bossa i una petita bossa t\u00e8rmica (mida entrep\u00e0) de la nostra Organitzaci\u00f3 Nacional de Suport a l&#8217;Educaci\u00f3 com a recompensa per la seva feina durant tot el curs escolar.<\/span><\/em><\/p>\n<p><strong><a href=\"https:\/\/agora.xtec.cat\/esc-la-cabana\/wp-content\/uploads\/usu849\/2025\/10\/Prizes-eTwinning-2023-24.jpg\"><img loading=\"lazy\" decoding=\"async\" class=\"wp-image-21522 aligncenter\" src=\"https:\/\/agora.xtec.cat\/esc-la-cabana\/wp-content\/uploads\/usu849\/2025\/10\/Prizes-eTwinning-2023-24-829x1024.jpg\" alt=\"\" width=\"381\" height=\"471\" srcset=\"https:\/\/agora.xtec.cat\/esc-la-cabana\/wp-content\/uploads\/usu849\/2025\/10\/Prizes-eTwinning-2023-24-829x1024.jpg 829w, https:\/\/agora.xtec.cat\/esc-la-cabana\/wp-content\/uploads\/usu849\/2025\/10\/Prizes-eTwinning-2023-24-243x300.jpg 243w, https:\/\/agora.xtec.cat\/esc-la-cabana\/wp-content\/uploads\/usu849\/2025\/10\/Prizes-eTwinning-2023-24-768x949.jpg 768w, https:\/\/agora.xtec.cat\/esc-la-cabana\/wp-content\/uploads\/usu849\/2025\/10\/Prizes-eTwinning-2023-24-1243x1536.jpg 1243w, https:\/\/agora.xtec.cat\/esc-la-cabana\/wp-content\/uploads\/usu849\/2025\/10\/Prizes-eTwinning-2023-24-1658x2048.jpg 1658w, https:\/\/agora.xtec.cat\/esc-la-cabana\/wp-content\/uploads\/usu849\/2025\/10\/Prizes-eTwinning-2023-24.jpg 1683w\" sizes=\"auto, (max-width: 381px) 100vw, 381px\" \/><\/a><\/strong><\/p>\n<h5>And inside, we gave each of the pupils, the badge that students in the Prat de la Riba School elaborated during a workshop and gave us away.<\/h5>\n<p><em><span class=\"Y2IQFc\" lang=\"ca\">I a dins, vam donar a cadascun dels alumnes i de les alumnes la xapa que l&#8217;alumnat de l&#8217;Escola Prat de la Riba van elaborar durant un taller i ens van regalar.<\/span><\/em><\/p>\n<p><a href=\"https:\/\/agora.xtec.cat\/esc-la-cabana\/wp-content\/uploads\/usu849\/2025\/10\/BADGES-LOGO-ON-GRAPE-SHAPE-1.jpg\"><img loading=\"lazy\" decoding=\"async\" class=\"wp-image-21521 aligncenter\" src=\"https:\/\/agora.xtec.cat\/esc-la-cabana\/wp-content\/uploads\/usu849\/2025\/10\/BADGES-LOGO-ON-GRAPE-SHAPE-1-949x1024.jpg\" alt=\"\" width=\"444\" height=\"479\" srcset=\"https:\/\/agora.xtec.cat\/esc-la-cabana\/wp-content\/uploads\/usu849\/2025\/10\/BADGES-LOGO-ON-GRAPE-SHAPE-1-949x1024.jpg 949w, https:\/\/agora.xtec.cat\/esc-la-cabana\/wp-content\/uploads\/usu849\/2025\/10\/BADGES-LOGO-ON-GRAPE-SHAPE-1-278x300.jpg 278w, https:\/\/agora.xtec.cat\/esc-la-cabana\/wp-content\/uploads\/usu849\/2025\/10\/BADGES-LOGO-ON-GRAPE-SHAPE-1-768x829.jpg 768w, https:\/\/agora.xtec.cat\/esc-la-cabana\/wp-content\/uploads\/usu849\/2025\/10\/BADGES-LOGO-ON-GRAPE-SHAPE-1-1423x1536.jpg 1423w, https:\/\/agora.xtec.cat\/esc-la-cabana\/wp-content\/uploads\/usu849\/2025\/10\/BADGES-LOGO-ON-GRAPE-SHAPE-1.jpg 1459w\" sizes=\"auto, (max-width: 444px) 100vw, 444px\" \/><\/a><\/p>\n<h5>So, many thanks to the school in Reus for their effort\u00a0 sending us the badges and buying the mp4 audiobook.<\/h5>\n<p><em><span class=\"Y2IQFc\" lang=\"ca\">Aix\u00ed doncs, moltes gr\u00e0cies a l&#8217;escola de Reus pel seu esfor\u00e7 d&#8217;enviar-nos les xapes i comprar l&#8217;audiollibre en mp4.<\/span><\/em><\/p>\n<p><a href=\"https:\/\/agora.xtec.cat\/esc-la-cabana\/wp-content\/uploads\/usu849\/2025\/10\/Thanking-for-PINS-a-Reus.jpg\"><img loading=\"lazy\" decoding=\"async\" class=\"alignnone size-large wp-image-21502\" src=\"https:\/\/agora.xtec.cat\/esc-la-cabana\/wp-content\/uploads\/usu849\/2025\/10\/Thanking-for-PINS-a-Reus-1024x768.jpg\" alt=\"\" width=\"1024\" height=\"768\" srcset=\"https:\/\/agora.xtec.cat\/esc-la-cabana\/wp-content\/uploads\/usu849\/2025\/10\/Thanking-for-PINS-a-Reus-1024x768.jpg 1024w, https:\/\/agora.xtec.cat\/esc-la-cabana\/wp-content\/uploads\/usu849\/2025\/10\/Thanking-for-PINS-a-Reus-300x225.jpg 300w, https:\/\/agora.xtec.cat\/esc-la-cabana\/wp-content\/uploads\/usu849\/2025\/10\/Thanking-for-PINS-a-Reus-768x576.jpg 768w, https:\/\/agora.xtec.cat\/esc-la-cabana\/wp-content\/uploads\/usu849\/2025\/10\/Thanking-for-PINS-a-Reus-1536x1152.jpg 1536w, https:\/\/agora.xtec.cat\/esc-la-cabana\/wp-content\/uploads\/usu849\/2025\/10\/Thanking-for-PINS-a-Reus-200x150.jpg 200w, https:\/\/agora.xtec.cat\/esc-la-cabana\/wp-content\/uploads\/usu849\/2025\/10\/Thanking-for-PINS-a-Reus.jpg 1600w\" sizes=\"auto, (max-width: 1024px) 100vw, 1024px\" \/><\/a><\/p>\n<h5>WATCH THE VIDEO <a href=\"https:\/\/drive.google.com\/file\/d\/1zvacC0tPLntzwieVsv12CsjALqCGwq20\/view?usp=sharing\"><span style=\"text-decoration: underline\">THANKING<\/span>. <\/a><strong><span class=\"Y2IQFc\" lang=\"ca\">(Click on the underlined word to access the video.)<\/span><\/strong><em><span class=\"Y2IQFc\" lang=\"ca\"><br \/>\n<\/span><\/em><\/h5>\n<pre><em><span class=\"Y2IQFc\" lang=\"ca\">MIREU EL V\u00cdDEO DONANT LES GR\u00c0CIES. (Feu clic a la paraula subratllada per accedir al v\u00eddeo.)<\/span><\/em><\/pre>\n<p>&nbsp;<\/p>\n<h2 id=\"tw-target-text\" class=\"tw-data-text tw-text-large tw-ta\" dir=\"ltr\" style=\"text-align: center\" role=\"text\" data-placeholder=\"Traducci\u00f3\" data-ved=\"2ahUKEwiC6tW7yq-QAxVQVaQEHYt4AYAQ3ewLegQIDRAV\" aria-label=\"Text tradu\u00eft: ENJOY SUMMER!\">ENJOY THE SUMMER!<\/h2>\n<pre style=\"text-align: center\"><em>GAUDIU DE L'ESTIU!<\/em><\/pre>\n<p>&nbsp;<\/p>\n","protected":false},"excerpt":{"rendered":"<p>ACKNOWLEDGMENTS AND END OF THE PROJECT 2024-25<\/p>\n","protected":false},"author":43,"featured_media":21502,"comment_status":"open","ping_status":"open","sticky":false,"template":"","format":"standard","meta":{"_bbp_topic_count":0,"_bbp_reply_count":0,"_bbp_total_topic_count":0,"_bbp_total_reply_count":0,"_bbp_voice_count":0,"_bbp_anonymous_reply_count":0,"_bbp_topic_count_hidden":0,"_bbp_reply_count_hidden":0,"_bbp_forum_subforum_count":0,"site-sidebar-layout":"default","site-content-layout":"","ast-site-content-layout":"","site-content-style":"default","site-sidebar-style":"default","ast-global-header-display":"","ast-banner-title-visibility":"","ast-main-header-display":"","ast-hfb-above-header-display":"","ast-hfb-below-header-display":"","ast-hfb-mobile-header-display":"","site-post-title":"","ast-breadcrumbs-content":"","ast-featured-img":"","footer-sml-layout":"","theme-transparent-header-meta":"","adv-header-id-meta":"","stick-header-meta":"","header-above-stick-meta":"","header-main-stick-meta":"","header-below-stick-meta":"","astra-migrate-meta-layouts":"default","ast-page-background-enabled":"default","ast-page-background-meta":{"desktop":{"background-color":"var(--ast-global-color-4)","background-image":"","background-repeat":"repeat","background-position":"center center","background-size":"auto","background-attachment":"scroll","background-type":"","background-media":"","overlay-type":"","overlay-color":"","overlay-opacity":"","overlay-gradient":""},"tablet":{"background-color":"","background-image":"","background-repeat":"repeat","background-position":"center center","background-size":"auto","background-attachment":"scroll","background-type":"","background-media":"","overlay-type":"","overlay-color":"","overlay-opacity":"","overlay-gradient":""},"mobile":{"background-color":"","background-image":"","background-repeat":"repeat","background-position":"center center","background-size":"auto","background-attachment":"scroll","background-type":"","background-media":"","overlay-type":"","overlay-color":"","overlay-opacity":"","overlay-gradient":""}},"ast-content-background-meta":{"desktop":{"background-color":"var(--ast-global-color-5)","background-image":"","background-repeat":"repeat","background-position":"center center","background-size":"auto","background-attachment":"scroll","background-type":"","background-media":"","overlay-type":"","overlay-color":"","overlay-opacity":"","overlay-gradient":""},"tablet":{"background-color":"var(--ast-global-color-5)","background-image":"","background-repeat":"repeat","background-position":"center center","background-size":"auto","background-attachment":"scroll","background-type":"","background-media":"","overlay-type":"","overlay-color":"","overlay-opacity":"","overlay-gradient":""},"mobile":{"background-color":"var(--ast-global-color-5)","background-image":"","background-repeat":"repeat","background-position":"center center","background-size":"auto","background-attachment":"scroll","background-type":"","background-media":"","overlay-type":"","overlay-color":"","overlay-opacity":"","overlay-gradient":""}},"footnotes":""},"categories":[23,10,83,1,4,5,402,354],"tags":[129,315,145,87],"class_list":["post-21441","post","type-post","status-publish","format-standard","has-post-thumbnail","hentry","category-angles","category-c-i","category-especialitats","category-general","category-portada","category-primaria","category-projecte-etwinning-denmark-spain-2024-25","category-projectes-etwinning","tag-angles","tag-etwinning","tag-primer-inicial","tag-projectes"],"post_mailing_queue_ids":[],"_links":{"self":[{"href":"https:\/\/agora.xtec.cat\/esc-la-cabana\/wp-json\/wp\/v2\/posts\/21441","targetHints":{"allow":["GET"]}}],"collection":[{"href":"https:\/\/agora.xtec.cat\/esc-la-cabana\/wp-json\/wp\/v2\/posts"}],"about":[{"href":"https:\/\/agora.xtec.cat\/esc-la-cabana\/wp-json\/wp\/v2\/types\/post"}],"author":[{"embeddable":true,"href":"https:\/\/agora.xtec.cat\/esc-la-cabana\/wp-json\/wp\/v2\/users\/43"}],"replies":[{"embeddable":true,"href":"https:\/\/agora.xtec.cat\/esc-la-cabana\/wp-json\/wp\/v2\/comments?post=21441"}],"version-history":[{"count":6,"href":"https:\/\/agora.xtec.cat\/esc-la-cabana\/wp-json\/wp\/v2\/posts\/21441\/revisions"}],"predecessor-version":[{"id":21527,"href":"https:\/\/agora.xtec.cat\/esc-la-cabana\/wp-json\/wp\/v2\/posts\/21441\/revisions\/21527"}],"wp:featuredmedia":[{"embeddable":true,"href":"https:\/\/agora.xtec.cat\/esc-la-cabana\/wp-json\/wp\/v2\/media\/21502"}],"wp:attachment":[{"href":"https:\/\/agora.xtec.cat\/esc-la-cabana\/wp-json\/wp\/v2\/media?parent=21441"}],"wp:term":[{"taxonomy":"category","embeddable":true,"href":"https:\/\/agora.xtec.cat\/esc-la-cabana\/wp-json\/wp\/v2\/categories?post=21441"},{"taxonomy":"post_tag","embeddable":true,"href":"https:\/\/agora.xtec.cat\/esc-la-cabana\/wp-json\/wp\/v2\/tags?post=21441"}],"curies":[{"name":"wp","href":"https:\/\/api.w.org\/{rel}","templated":true}]}}