{"id":21366,"date":"2025-05-12T18:35:43","date_gmt":"2025-05-12T16:35:43","guid":{"rendered":"https:\/\/agora.xtec.cat\/esc-la-cabana\/?p=21366"},"modified":"2025-05-12T18:35:43","modified_gmt":"2025-05-12T16:35:43","slug":"logos-from-la-cabana","status":"publish","type":"post","link":"https:\/\/agora.xtec.cat\/esc-la-cabana\/general\/logos-from-la-cabana\/","title":{"rendered":"LOGOS FROM LA CABANA"},"content":{"rendered":"<p><strong>During the last English classes, pupils in Jane Goodall classroom and students in Reus and V\u00f3dskov (Denmark) have been deciding altogether the criteria to draw our logos, so that we can choose the best one for our eTwinning Project.<\/strong><\/p>\n<p><em>Durant les darreres classes d&#8217;angl\u00e8s, l&#8217;alumnat de la classe Jane Goodall i l&#8217;alumnat de reus i V\u00f3dskov (Dinamarca) hem estat decidint conjuntament els criteris per dibuixar els nostres logotips, per tal que puguem escollir el millor per al nostre Projecte eTwinning.<\/em><\/p>\n<p><strong>This is the checklist we prepared: <\/strong><em>Aquesta \u00e9s la &#8220;checklist&#8221; que vam preparar:<\/em><\/p>\n<p><a href=\"https:\/\/agora.xtec.cat\/esc-la-cabana\/wp-content\/uploads\/usu849\/2025\/05\/logo-checklist-original-rotated.jpg\"><img loading=\"lazy\" decoding=\"async\" class=\"alignnone  wp-image-21368\" src=\"https:\/\/agora.xtec.cat\/esc-la-cabana\/wp-content\/uploads\/usu849\/2025\/05\/logo-checklist-original-1024x725.jpg\" alt=\"\" width=\"838\" height=\"593\" srcset=\"https:\/\/agora.xtec.cat\/esc-la-cabana\/wp-content\/uploads\/usu849\/2025\/05\/logo-checklist-original-1024x725.jpg 1024w, https:\/\/agora.xtec.cat\/esc-la-cabana\/wp-content\/uploads\/usu849\/2025\/05\/logo-checklist-original-300x212.jpg 300w, https:\/\/agora.xtec.cat\/esc-la-cabana\/wp-content\/uploads\/usu849\/2025\/05\/logo-checklist-original-768x544.jpg 768w, https:\/\/agora.xtec.cat\/esc-la-cabana\/wp-content\/uploads\/usu849\/2025\/05\/logo-checklist-original-1536x1087.jpg 1536w, https:\/\/agora.xtec.cat\/esc-la-cabana\/wp-content\/uploads\/usu849\/2025\/05\/logo-checklist-original-2048x1450.jpg 2048w\" sizes=\"auto, (max-width: 838px) 100vw, 838px\" \/><\/a><\/p>\n<p>&nbsp;<\/p>\n<p><strong>After working on these criteria, pupils started drawing their own logos. Here you can have a look at <a href=\"https:\/\/drive.google.com\/file\/d\/1Vn0QV8rCx1gJsmS0vjhCde33DzZF4px6\/view?usp=drive_link\" target=\"_blank\" rel=\"noopener\"><span style=\"text-decoration: underline\">the 17 logos<\/span><\/a>. CONGRATULATIONS to everyone for your work and effort, because all of them are great.<\/strong><\/p>\n<p><em>Desp\u00e9s de treballar aquests criteris, l&#8217;alumnat va comen\u00e7ar a dibuixar els seus propis logotips. Aqu\u00ed podeu mirar els 17 logotips. (cliqueu sobre el text subratllat a dalt :&#8221;the 17 logos&#8221;).<\/em><\/p>\n<p><strong>Today we have finished designing our logos and pupils have made an internal voting to decide for two logos to go for the final.<\/strong><\/p>\n<p><em>Avui hem acabat de dissenyar els nostres logotips i l&#8217;alumnat ha fet una votaci\u00f3 interna per decidir els dos logotips per anar a la final.<\/em><\/p>\n<p><strong>Are you eager to know who the 2 finalists for the international logo contest will be?<\/strong><\/p>\n<p><em>Teniu ganes de con\u00e8ixer quins seran els 2 finalistes per al concurs internacional de logotips?<\/em><\/p>\n<h5 style=\"text-align: center\"><strong>HAVE A LOOK AT THIS VIDEO AND HAVE A BALL!<\/strong><\/h5>\n<p style=\"text-align: center\">MIREU AQUEST V\u00cdDEO I GAUDIU!<\/p>\n<p style=\"text-align: center\"><strong><a href=\"https:\/\/www.canva.com\/design\/DAGnPw_PG2I\/UsTfIlzGkQt2Oix0K3JXDA\/watch?utm_content=DAGnPw_PG2I&amp;utm_campaign=designshare&amp;utm_medium=link2&amp;utm_source=uniquelinks&amp;utlId=h25a2fe0e27\" target=\"_blank\" rel=\"noopener\"><span style=\"text-decoration: underline\">THE TWO BEST LOGOS FOR THE FINAL<\/span><\/a><\/strong><\/p>\n<h5 style=\"text-align: center\"><strong>HATS OFF TO THE FINALISTS!\u00a0<\/strong><\/h5>\n<p style=\"text-align: center\">ENHORABONA ALS FINALISTES!<\/p>\n<p><strong>So&#8230;, the final is about to start and children in the 1st Cycle is waiting for your help.\u00a0<\/strong><\/p>\n<p><em>Per tant, la final est\u00e0 a punt de comen\u00e7ar i l&#8217;alumnat del 1r cicle est\u00e0 esperant la vostra ajuda.<\/em><\/p>\n<p><strong>Do you want to help us?<\/strong><\/p>\n<p><em>Ens voleu ajudar?<\/em><\/p>\n<p><strong>Follow us and do not miss the next eTwinning article. It&#8217;s de final countdown!<\/strong><\/p>\n<p>Seguiu-nos i no us perdeu el proper article eTwinning. Estem a la recta final!<\/p>\n<p>&nbsp;<\/p>\n","protected":false},"excerpt":{"rendered":"<p>DECIDING THE TWO FINALISTS FOR THE INTERNATIONAL LOGO CONTEST.<\/p>\n","protected":false},"author":43,"featured_media":21370,"comment_status":"open","ping_status":"closed","sticky":false,"template":"","format":"standard","meta":{"_bbp_topic_count":0,"_bbp_reply_count":0,"_bbp_total_topic_count":0,"_bbp_total_reply_count":0,"_bbp_voice_count":0,"_bbp_anonymous_reply_count":0,"_bbp_topic_count_hidden":0,"_bbp_reply_count_hidden":0,"_bbp_forum_subforum_count":0,"site-sidebar-layout":"default","site-content-layout":"","ast-site-content-layout":"","site-content-style":"default","site-sidebar-style":"default","ast-global-header-display":"","ast-banner-title-visibility":"","ast-main-header-display":"","ast-hfb-above-header-display":"","ast-hfb-below-header-display":"","ast-hfb-mobile-header-display":"","site-post-title":"","ast-breadcrumbs-content":"","ast-featured-img":"","footer-sml-layout":"","theme-transparent-header-meta":"","adv-header-id-meta":"","stick-header-meta":"","header-above-stick-meta":"","header-main-stick-meta":"","header-below-stick-meta":"","astra-migrate-meta-layouts":"default","ast-page-background-enabled":"default","ast-page-background-meta":{"desktop":{"background-color":"var(--ast-global-color-4)","background-image":"","background-repeat":"repeat","background-position":"center center","background-size":"auto","background-attachment":"scroll","background-type":"","background-media":"","overlay-type":"","overlay-color":"","overlay-opacity":"","overlay-gradient":""},"tablet":{"background-color":"","background-image":"","background-repeat":"repeat","background-position":"center center","background-size":"auto","background-attachment":"scroll","background-type":"","background-media":"","overlay-type":"","overlay-color":"","overlay-opacity":"","overlay-gradient":""},"mobile":{"background-color":"","background-image":"","background-repeat":"repeat","background-position":"center center","background-size":"auto","background-attachment":"scroll","background-type":"","background-media":"","overlay-type":"","overlay-color":"","overlay-opacity":"","overlay-gradient":""}},"ast-content-background-meta":{"desktop":{"background-color":"var(--ast-global-color-5)","background-image":"","background-repeat":"repeat","background-position":"center center","background-size":"auto","background-attachment":"scroll","background-type":"","background-media":"","overlay-type":"","overlay-color":"","overlay-opacity":"","overlay-gradient":""},"tablet":{"background-color":"var(--ast-global-color-5)","background-image":"","background-repeat":"repeat","background-position":"center center","background-size":"auto","background-attachment":"scroll","background-type":"","background-media":"","overlay-type":"","overlay-color":"","overlay-opacity":"","overlay-gradient":""},"mobile":{"background-color":"var(--ast-global-color-5)","background-image":"","background-repeat":"repeat","background-position":"center center","background-size":"auto","background-attachment":"scroll","background-type":"","background-media":"","overlay-type":"","overlay-color":"","overlay-opacity":"","overlay-gradient":""}},"footnotes":""},"categories":[23,10,83,1,5,402],"tags":[129,315,145,87],"class_list":["post-21366","post","type-post","status-publish","format-standard","has-post-thumbnail","hentry","category-angles","category-c-i","category-especialitats","category-general","category-primaria","category-projecte-etwinning-denmark-spain-2024-25","tag-angles","tag-etwinning","tag-primer-inicial","tag-projectes"],"post_mailing_queue_ids":[],"_links":{"self":[{"href":"https:\/\/agora.xtec.cat\/esc-la-cabana\/wp-json\/wp\/v2\/posts\/21366","targetHints":{"allow":["GET"]}}],"collection":[{"href":"https:\/\/agora.xtec.cat\/esc-la-cabana\/wp-json\/wp\/v2\/posts"}],"about":[{"href":"https:\/\/agora.xtec.cat\/esc-la-cabana\/wp-json\/wp\/v2\/types\/post"}],"author":[{"embeddable":true,"href":"https:\/\/agora.xtec.cat\/esc-la-cabana\/wp-json\/wp\/v2\/users\/43"}],"replies":[{"embeddable":true,"href":"https:\/\/agora.xtec.cat\/esc-la-cabana\/wp-json\/wp\/v2\/comments?post=21366"}],"version-history":[{"count":2,"href":"https:\/\/agora.xtec.cat\/esc-la-cabana\/wp-json\/wp\/v2\/posts\/21366\/revisions"}],"predecessor-version":[{"id":21371,"href":"https:\/\/agora.xtec.cat\/esc-la-cabana\/wp-json\/wp\/v2\/posts\/21366\/revisions\/21371"}],"wp:featuredmedia":[{"embeddable":true,"href":"https:\/\/agora.xtec.cat\/esc-la-cabana\/wp-json\/wp\/v2\/media\/21370"}],"wp:attachment":[{"href":"https:\/\/agora.xtec.cat\/esc-la-cabana\/wp-json\/wp\/v2\/media?parent=21366"}],"wp:term":[{"taxonomy":"category","embeddable":true,"href":"https:\/\/agora.xtec.cat\/esc-la-cabana\/wp-json\/wp\/v2\/categories?post=21366"},{"taxonomy":"post_tag","embeddable":true,"href":"https:\/\/agora.xtec.cat\/esc-la-cabana\/wp-json\/wp\/v2\/tags?post=21366"}],"curies":[{"name":"wp","href":"https:\/\/api.w.org\/{rel}","templated":true}]}}