{"id":21332,"date":"2025-05-07T12:15:41","date_gmt":"2025-05-07T10:15:41","guid":{"rendered":"https:\/\/agora.xtec.cat\/esc-la-cabana\/?p=21332"},"modified":"2025-05-05T17:20:39","modified_gmt":"2025-05-05T15:20:39","slug":"video-conference-with-denmark-and-possible-ending-for-the-story","status":"publish","type":"post","link":"https:\/\/agora.xtec.cat\/esc-la-cabana\/general\/video-conference-with-denmark-and-possible-ending-for-the-story\/","title":{"rendered":"VIDEO CONFERENCE WITH DENMARK AND POSSIBLE ENDING FOR THE STORY"},"content":{"rendered":"<p><strong><a href=\"https:\/\/agora.xtec.cat\/esc-la-cabana\/wp-content\/uploads\/usu849\/2025\/05\/20250430_090425-scaled.jpg\"><img loading=\"lazy\" decoding=\"async\" class=\" wp-image-21337 alignleft\" src=\"https:\/\/agora.xtec.cat\/esc-la-cabana\/wp-content\/uploads\/usu849\/2025\/05\/20250430_090425-1024x461.jpg\" alt=\"\" width=\"504\" height=\"227\" srcset=\"https:\/\/agora.xtec.cat\/esc-la-cabana\/wp-content\/uploads\/usu849\/2025\/05\/20250430_090425-1024x461.jpg 1024w, https:\/\/agora.xtec.cat\/esc-la-cabana\/wp-content\/uploads\/usu849\/2025\/05\/20250430_090425-300x135.jpg 300w, https:\/\/agora.xtec.cat\/esc-la-cabana\/wp-content\/uploads\/usu849\/2025\/05\/20250430_090425-768x346.jpg 768w, https:\/\/agora.xtec.cat\/esc-la-cabana\/wp-content\/uploads\/usu849\/2025\/05\/20250430_090425-1536x691.jpg 1536w, https:\/\/agora.xtec.cat\/esc-la-cabana\/wp-content\/uploads\/usu849\/2025\/05\/20250430_090425-2048x922.jpg 2048w\" sizes=\"auto, (max-width: 504px) 100vw, 504px\" \/><\/a>Last week, on Wednesday 30th April, our first videoconference with the students of Denmark took place. Our aim: to know each other. It was an important and exciting moment for our students. They really enjoyed seeing each other face to face, even though it was through a screen and from plenty of miles far away. Here you can have a look at the best moments: <span style=\"text-decoration: underline\"><a href=\"https:\/\/drive.google.com\/file\/d\/1TRBgNDek5XttZHDsMMdhGJlyGjod0zDc\/view?usp=drive_link\" target=\"_blank\" rel=\"noopener\">VIDEO CONFERENCE GRINSDTED-LA CABANA<\/a><\/span>. <span style=\"text-decoration: underline\">REMEMBER<\/span>! To access the video you must be @escolalacabana.com user and have the internet session opened with the pupil&#8217;s account.<\/strong><\/p>\n<p><em>La setmana passada, el dimecres 30 d\u2019abril, vam tenir la primera videoconfer\u00e8ncia amb l\u2019alumnat de Dinamarca. el nostre objectiu: con\u00e8ixer-nos. Va ser un moment important i emocionant per al nostre alumnat. Els va agradar molt veure\u2019s cara a cara, encara que fos a trav\u00e9s d\u2019un pantalla i amb moltes milles de dist\u00e0ncia. Aqu\u00ed podeu veure els millors moments: <a href=\"https:\/\/drive.google.com\/file\/d\/1TRBgNDek5XttZHDsMMdhGJlyGjod0zDc\/view?usp=drive_link\" target=\"_blank\" rel=\"noopener\">VIDEOCONFER\u00c8NCIA<\/a> GRINDSTED-LA CABANA. <span style=\"text-decoration: underline\"><strong>RECORDEU<\/strong><\/span>! per accedir al v\u00eddeo heu de ser usuaris @escolalacabana.com i tenir la sessi\u00f3 d&#8217;internet oberta amb el compte de l&#8217;alumne\/a.<\/em><\/p>\n<p><strong>Once the video call was over, we reflected on what we had learned about Grindsted School and Denmark. And these are the facts that stood out: What have we learned? OUR LEARNING SUITCASE:<\/strong><\/p>\n<p><em>Un cop acabada la videotrucada vam reflexionar sobre qu\u00e8 hav\u00edem apr\u00e8s sobre l&#8217;escola Grindsted i Dinamarca. I aquests s\u00f3n els fets que van destacar: \u201cQu\u00e8 hem apr\u00e8s? LA NOSTRA MALETA D\u2019APRENENTATGE:<\/em><\/p>\n<p><a href=\"https:\/\/agora.xtec.cat\/esc-la-cabana\/wp-content\/uploads\/usu849\/2025\/05\/Learning-Suitcase-Videoconference-GRINDSTED-LA-CABANA.jpg\"><img loading=\"lazy\" decoding=\"async\" class=\"alignnone size-large wp-image-21333\" src=\"https:\/\/agora.xtec.cat\/esc-la-cabana\/wp-content\/uploads\/usu849\/2025\/05\/Learning-Suitcase-Videoconference-GRINDSTED-LA-CABANA-724x1024.jpg\" alt=\"\" width=\"724\" height=\"1024\" srcset=\"https:\/\/agora.xtec.cat\/esc-la-cabana\/wp-content\/uploads\/usu849\/2025\/05\/Learning-Suitcase-Videoconference-GRINDSTED-LA-CABANA-724x1024.jpg 724w, https:\/\/agora.xtec.cat\/esc-la-cabana\/wp-content\/uploads\/usu849\/2025\/05\/Learning-Suitcase-Videoconference-GRINDSTED-LA-CABANA-212x300.jpg 212w, https:\/\/agora.xtec.cat\/esc-la-cabana\/wp-content\/uploads\/usu849\/2025\/05\/Learning-Suitcase-Videoconference-GRINDSTED-LA-CABANA-768x1086.jpg 768w, https:\/\/agora.xtec.cat\/esc-la-cabana\/wp-content\/uploads\/usu849\/2025\/05\/Learning-Suitcase-Videoconference-GRINDSTED-LA-CABANA-1086x1536.jpg 1086w, https:\/\/agora.xtec.cat\/esc-la-cabana\/wp-content\/uploads\/usu849\/2025\/05\/Learning-Suitcase-Videoconference-GRINDSTED-LA-CABANA.jpg 1414w\" sizes=\"auto, (max-width: 724px) 100vw, 724px\" \/><\/a><\/p>\n<p>&nbsp;<\/p>\n<p><strong>And this week, we have been working on the story itself. We have read what the students in Reus and V\u00f3dskov wrote to be able to understand it, be able to continue it and think of the ending for the story.<\/strong><\/p>\n<p><em>I aquesta setmana hem estat treballant la hist\u00f2ria en s\u00ed. Hem llegit el que van escriure l\u2019alumnat de Reus i V\u00f3dskov per poder-ho entendre, poder-ho continuar i pensar en el final de la hist\u00f2ria.<\/em><\/p>\n<p><a href=\"https:\/\/agora.xtec.cat\/esc-la-cabana\/wp-content\/uploads\/usu849\/2025\/04\/Title-presentation-eTwinning-Project.jpg\"><img loading=\"lazy\" decoding=\"async\" class=\"alignnone size-full wp-image-21198\" src=\"https:\/\/agora.xtec.cat\/esc-la-cabana\/wp-content\/uploads\/usu849\/2025\/04\/Title-presentation-eTwinning-Project.jpg\" alt=\"\" width=\"796\" height=\"345\" srcset=\"https:\/\/agora.xtec.cat\/esc-la-cabana\/wp-content\/uploads\/usu849\/2025\/04\/Title-presentation-eTwinning-Project.jpg 796w, https:\/\/agora.xtec.cat\/esc-la-cabana\/wp-content\/uploads\/usu849\/2025\/04\/Title-presentation-eTwinning-Project-300x130.jpg 300w, https:\/\/agora.xtec.cat\/esc-la-cabana\/wp-content\/uploads\/usu849\/2025\/04\/Title-presentation-eTwinning-Project-768x333.jpg 768w\" sizes=\"auto, (max-width: 796px) 100vw, 796px\" \/><\/a><\/p>\n<p><strong>These are some <a href=\"https:\/\/docs.google.com\/document\/d\/1oihX-iekoIttpfIEUfn3AaXULkR7QU1cheIb2eFzJhY\/edit?usp=sharing\" target=\"_blank\" rel=\"noopener\"><span style=\"text-decoration: underline\">interesting ideas<\/span><\/a> that came up, but now we have to choose for the best ending. Do you want to vote?<\/strong><\/p>\n<p><em>Aquestes s\u00f3n algunes <span style=\"text-decoration: underline\"><a href=\"https:\/\/docs.google.com\/document\/d\/1oihX-iekoIttpfIEUfn3AaXULkR7QU1cheIb2eFzJhY\/edit?usp=sharing\" target=\"_blank\" rel=\"noopener\">idees interessants<\/a><\/span> que van sorgir, per\u00f2 ara hem de triar el millor final. Vols votar?<\/em><\/p>\n<p><strong>Pupils in the 1st Cycle, you can go to TwinSpace, scroll on page 7.7, read the 5 options (endings groups) and click on the best one for you!<\/strong><\/p>\n<p><em>Alumnes de 1r Cicle, podeu anar a TwinSpace, despla\u00e7ar-vos a la p\u00e0gina 7.7, llegir les 5 opcions (ending groups) i fer clic a la millor per a vosaltres!<\/em><\/p>\n<p><strong>We are eager to know the best ending!<\/strong><\/p>\n<p><em>Tenim moltes ganes de con\u00e8ixer el millor final!<\/em><\/p>\n","protected":false},"excerpt":{"rendered":"<p>TIME TO KNOW EACH OTHER: GRINSTED AND LA CABANA SCHOOLS MET FOR THE FIRST TIME!<\/p>\n","protected":false},"author":43,"featured_media":21336,"comment_status":"open","ping_status":"closed","sticky":false,"template":"","format":"standard","meta":{"_bbp_topic_count":0,"_bbp_reply_count":0,"_bbp_total_topic_count":0,"_bbp_total_reply_count":0,"_bbp_voice_count":0,"_bbp_anonymous_reply_count":0,"_bbp_topic_count_hidden":0,"_bbp_reply_count_hidden":0,"_bbp_forum_subforum_count":0,"site-sidebar-layout":"default","site-content-layout":"","ast-site-content-layout":"","site-content-style":"default","site-sidebar-style":"default","ast-global-header-display":"","ast-banner-title-visibility":"","ast-main-header-display":"","ast-hfb-above-header-display":"","ast-hfb-below-header-display":"","ast-hfb-mobile-header-display":"","site-post-title":"","ast-breadcrumbs-content":"","ast-featured-img":"","footer-sml-layout":"","theme-transparent-header-meta":"","adv-header-id-meta":"","stick-header-meta":"","header-above-stick-meta":"","header-main-stick-meta":"","header-below-stick-meta":"","astra-migrate-meta-layouts":"default","ast-page-background-enabled":"default","ast-page-background-meta":{"desktop":{"background-color":"var(--ast-global-color-4)","background-image":"","background-repeat":"repeat","background-position":"center center","background-size":"auto","background-attachment":"scroll","background-type":"","background-media":"","overlay-type":"","overlay-color":"","overlay-opacity":"","overlay-gradient":""},"tablet":{"background-color":"","background-image":"","background-repeat":"repeat","background-position":"center center","background-size":"auto","background-attachment":"scroll","background-type":"","background-media":"","overlay-type":"","overlay-color":"","overlay-opacity":"","overlay-gradient":""},"mobile":{"background-color":"","background-image":"","background-repeat":"repeat","background-position":"center center","background-size":"auto","background-attachment":"scroll","background-type":"","background-media":"","overlay-type":"","overlay-color":"","overlay-opacity":"","overlay-gradient":""}},"ast-content-background-meta":{"desktop":{"background-color":"var(--ast-global-color-5)","background-image":"","background-repeat":"repeat","background-position":"center center","background-size":"auto","background-attachment":"scroll","background-type":"","background-media":"","overlay-type":"","overlay-color":"","overlay-opacity":"","overlay-gradient":""},"tablet":{"background-color":"var(--ast-global-color-5)","background-image":"","background-repeat":"repeat","background-position":"center center","background-size":"auto","background-attachment":"scroll","background-type":"","background-media":"","overlay-type":"","overlay-color":"","overlay-opacity":"","overlay-gradient":""},"mobile":{"background-color":"var(--ast-global-color-5)","background-image":"","background-repeat":"repeat","background-position":"center center","background-size":"auto","background-attachment":"scroll","background-type":"","background-media":"","overlay-type":"","overlay-color":"","overlay-opacity":"","overlay-gradient":""}},"footnotes":""},"categories":[23,10,83,1,4,5,402],"tags":[129,315,145,87],"class_list":["post-21332","post","type-post","status-publish","format-standard","has-post-thumbnail","hentry","category-angles","category-c-i","category-especialitats","category-general","category-portada","category-primaria","category-projecte-etwinning-denmark-spain-2024-25","tag-angles","tag-etwinning","tag-primer-inicial","tag-projectes"],"post_mailing_queue_ids":[],"_links":{"self":[{"href":"https:\/\/agora.xtec.cat\/esc-la-cabana\/wp-json\/wp\/v2\/posts\/21332","targetHints":{"allow":["GET"]}}],"collection":[{"href":"https:\/\/agora.xtec.cat\/esc-la-cabana\/wp-json\/wp\/v2\/posts"}],"about":[{"href":"https:\/\/agora.xtec.cat\/esc-la-cabana\/wp-json\/wp\/v2\/types\/post"}],"author":[{"embeddable":true,"href":"https:\/\/agora.xtec.cat\/esc-la-cabana\/wp-json\/wp\/v2\/users\/43"}],"replies":[{"embeddable":true,"href":"https:\/\/agora.xtec.cat\/esc-la-cabana\/wp-json\/wp\/v2\/comments?post=21332"}],"version-history":[{"count":4,"href":"https:\/\/agora.xtec.cat\/esc-la-cabana\/wp-json\/wp\/v2\/posts\/21332\/revisions"}],"predecessor-version":[{"id":21340,"href":"https:\/\/agora.xtec.cat\/esc-la-cabana\/wp-json\/wp\/v2\/posts\/21332\/revisions\/21340"}],"wp:featuredmedia":[{"embeddable":true,"href":"https:\/\/agora.xtec.cat\/esc-la-cabana\/wp-json\/wp\/v2\/media\/21336"}],"wp:attachment":[{"href":"https:\/\/agora.xtec.cat\/esc-la-cabana\/wp-json\/wp\/v2\/media?parent=21332"}],"wp:term":[{"taxonomy":"category","embeddable":true,"href":"https:\/\/agora.xtec.cat\/esc-la-cabana\/wp-json\/wp\/v2\/categories?post=21332"},{"taxonomy":"post_tag","embeddable":true,"href":"https:\/\/agora.xtec.cat\/esc-la-cabana\/wp-json\/wp\/v2\/tags?post=21332"}],"curies":[{"name":"wp","href":"https:\/\/api.w.org\/{rel}","templated":true}]}}