{"id":21316,"date":"2025-05-05T12:53:39","date_gmt":"2025-05-05T10:53:39","guid":{"rendered":"https:\/\/agora.xtec.cat\/esc-la-cabana\/?p=21316"},"modified":"2025-05-05T12:54:25","modified_gmt":"2025-05-05T10:54:25","slug":"jornada-esportiva-per-acabar-el-trimestre","status":"publish","type":"post","link":"https:\/\/agora.xtec.cat\/esc-la-cabana\/general\/jornada-esportiva-per-acabar-el-trimestre\/","title":{"rendered":"JORNADA ESPORTIVA PER ACABAR EL TRIMESTRE"},"content":{"rendered":"<p><span style=\"font-weight: 400;\">Coincidint amb l\u2019\u00faltim dia d\u2019escola abans de les vacances de Setmana Santa, vam celebrar <\/span><b>Les Jornades Esportives<\/b><span style=\"font-weight: 400;\">. <\/span><\/p>\n<p><span style=\"font-weight: 400;\">Aquest esdeveniment, organitzat pels mestres d\u2019educaci\u00f3 f\u00edsica, forma part del <\/span><b>programa de salut EPSAP (Escoles Promotores de la Salut en l\u2019\u00c0mbit Escolar)<\/b><span style=\"font-weight: 400;\">. <\/span><\/p>\n<p><span style=\"font-weight: 400;\">Aquest programa respon a l\u2019objectiu de promoure h\u00e0bits saludables, el benestar emocional i l\u2019activitat f\u00edsica entre els infants, integrant-los de manera vivencial i significativa dins la vida escolar.\u00a0<\/span><\/p>\n<p><span style=\"font-weight: 400;\">Aquestes jornades es van dur a terme al camp de futbol municipal del poble. <\/span><\/p>\n<p><span style=\"font-weight: 400;\">Es van estructurar en diferents <\/span><b>estacions esportives<\/b><span style=\"font-weight: 400;\">, on l\u2019alumnat \u2014barrejat per nivells\u2014 podia participar en activitats diverses pensades per fomentar la cooperaci\u00f3, el respecte i l\u2019activitat f\u00edsica. Cada estaci\u00f3 estava dinamitzada per un mestre, que va vetllar perqu\u00e8 tothom hi particip\u00e9s amb entusiasme.<\/span><\/p>\n<p><span style=\"font-weight: 400;\">Des de l\u2019escola, volem agrair la participaci\u00f3 activa de tot l\u2019alumnat i la implicaci\u00f3 del claustre, que van fer possible aquesta jornada. Les rialles i el bon temps van fer que aquesta cloenda de trimestre fos especial.\u00a0<\/span><\/p>\n\r\n\t<div class=\"slideshow_container slideshow_container_style-light\" style=\"height: 500px; \" data-slideshow-id=\"21318\" data-style-name=\"style-light\" data-style-version=\"2.3.1\" >\r\n\r\n\t\t\t\t\t<div class=\"slideshow_loading_icon\"><\/div>\r\n\t\t\r\n\t\t<div class=\"slideshow_content\" style=\"display: none;\">\r\n\r\n\t\t\t<div class=\"slideshow_view\">\r\n\t\t\t\t<div class=\"slideshow_slide slideshow_slide_image\">\r\n\t\t\t\t\t\t\t\t\t\t\t<img src=\"https:\/\/agora.xtec.cat\/esc-la-cabana\/wp-content\/uploads\/usu849\/2025\/05\/IMG_20250411_100109-scaled.jpg\" alt=\"IMG_20250411_100109\" width=\"1920\" height=\"2560\" \/>\r\n\t\t\t\t\t\t\t\t\t\t<div class=\"slideshow_description_box slideshow_transparent\">\r\n\t\t\t\t\t\t<div class=\"slideshow_title\">IMG_20250411_100109<\/div>\t\t\t\t\t\t\t\t\t\t\t<\/div>\r\n\t\t\t\t<\/div>\r\n\r\n\t\t\t\t\t\t<div style=\"clear: both;\"><\/div><\/div><div class=\"slideshow_view\">\r\n\t\t\t\t<div class=\"slideshow_slide slideshow_slide_image\">\r\n\t\t\t\t\t\t\t\t\t\t\t<img src=\"https:\/\/agora.xtec.cat\/esc-la-cabana\/wp-content\/uploads\/usu849\/2025\/05\/IMG_20250411_100055-scaled.jpg\" alt=\"IMG_20250411_100055\" width=\"1920\" height=\"2560\" \/>\r\n\t\t\t\t\t\t\t\t\t\t<div class=\"slideshow_description_box slideshow_transparent\">\r\n\t\t\t\t\t\t<div class=\"slideshow_title\">IMG_20250411_100055<\/div>\t\t\t\t\t\t\t\t\t\t\t<\/div>\r\n\t\t\t\t<\/div>\r\n\r\n\t\t\t\t\t\t<div style=\"clear: both;\"><\/div><\/div><div class=\"slideshow_view\">\r\n\t\t\t\t<div class=\"slideshow_slide slideshow_slide_image\">\r\n\t\t\t\t\t\t\t\t\t\t\t<img src=\"https:\/\/agora.xtec.cat\/esc-la-cabana\/wp-content\/uploads\/usu849\/2025\/05\/IMG_20250411_095704-scaled.jpg\" alt=\"IMG_20250411_095704\" width=\"2560\" height=\"1920\" \/>\r\n\t\t\t\t\t\t\t\t\t\t<div class=\"slideshow_description_box slideshow_transparent\">\r\n\t\t\t\t\t\t<div class=\"slideshow_title\">IMG_20250411_095704<\/div>\t\t\t\t\t\t\t\t\t\t\t<\/div>\r\n\t\t\t\t<\/div>\r\n\r\n\t\t\t\t\t\t<div style=\"clear: both;\"><\/div><\/div><div class=\"slideshow_view\">\r\n\t\t\t\t<div class=\"slideshow_slide slideshow_slide_image\">\r\n\t\t\t\t\t\t\t\t\t\t\t<img src=\"https:\/\/agora.xtec.cat\/esc-la-cabana\/wp-content\/uploads\/usu849\/2025\/05\/Jornada-esportiva-2-scaled.jpg\" alt=\"Jornada esportiva (2)\" width=\"2560\" height=\"1920\" \/>\r\n\t\t\t\t\t\t\t\t\t\t<div class=\"slideshow_description_box slideshow_transparent\">\r\n\t\t\t\t\t\t<div class=\"slideshow_title\">Jornada esportiva (2)<\/div>\t\t\t\t\t\t\t\t\t\t\t<\/div>\r\n\t\t\t\t<\/div>\r\n\r\n\t\t\t\t\t\t<div style=\"clear: both;\"><\/div><\/div><div class=\"slideshow_view\">\r\n\t\t\t\t<div class=\"slideshow_slide slideshow_slide_image\">\r\n\t\t\t\t\t\t\t\t\t\t\t<img src=\"https:\/\/agora.xtec.cat\/esc-la-cabana\/wp-content\/uploads\/usu849\/2025\/05\/Jornada-esportiva-3-scaled.jpg\" alt=\"Jornada esportiva (3)\" width=\"2560\" height=\"1920\" \/>\r\n\t\t\t\t\t\t\t\t\t\t<div class=\"slideshow_description_box slideshow_transparent\">\r\n\t\t\t\t\t\t<div class=\"slideshow_title\">Jornada esportiva (3)<\/div>\t\t\t\t\t\t\t\t\t\t\t<\/div>\r\n\t\t\t\t<\/div>\r\n\r\n\t\t\t\t\t\t<div style=\"clear: both;\"><\/div><\/div><div class=\"slideshow_view\">\r\n\t\t\t\t<div class=\"slideshow_slide slideshow_slide_image\">\r\n\t\t\t\t\t\t\t\t\t\t\t<img src=\"https:\/\/agora.xtec.cat\/esc-la-cabana\/wp-content\/uploads\/usu849\/2025\/05\/Jornada-esportiva-4-scaled.jpg\" alt=\"Jornada esportiva (4)\" width=\"2560\" height=\"1920\" \/>\r\n\t\t\t\t\t\t\t\t\t\t<div class=\"slideshow_description_box slideshow_transparent\">\r\n\t\t\t\t\t\t<div class=\"slideshow_title\">Jornada esportiva (4)<\/div>\t\t\t\t\t\t\t\t\t\t\t<\/div>\r\n\t\t\t\t<\/div>\r\n\r\n\t\t\t\t\t\t<div style=\"clear: both;\"><\/div><\/div><div class=\"slideshow_view\">\r\n\t\t\t\t<div class=\"slideshow_slide slideshow_slide_image\">\r\n\t\t\t\t\t\t\t\t\t\t\t<img src=\"https:\/\/agora.xtec.cat\/esc-la-cabana\/wp-content\/uploads\/usu849\/2025\/05\/Jornada-esportiva-5-scaled.jpg\" alt=\"Jornada esportiva (5)\" width=\"2560\" height=\"1920\" \/>\r\n\t\t\t\t\t\t\t\t\t\t<div class=\"slideshow_description_box slideshow_transparent\">\r\n\t\t\t\t\t\t<div class=\"slideshow_title\">Jornada esportiva (5)<\/div>\t\t\t\t\t\t\t\t\t\t\t<\/div>\r\n\t\t\t\t<\/div>\r\n\r\n\t\t\t\t\t\t<div style=\"clear: both;\"><\/div><\/div>\r\n\t\t<\/div>\r\n\r\n\t\t<div class=\"slideshow_controlPanel slideshow_transparent\" style=\"display: none;\"><ul><li class=\"slideshow_togglePlay\" data-play-text=\"Visualitza\" data-pause-text=\"Pausa\"><\/li><\/ul><\/div>\r\n\r\n\t\t<div class=\"slideshow_button slideshow_previous slideshow_transparent\" role=\"button\" data-previous-text=\"Anterior\" style=\"display: none;\"><\/div>\r\n\t\t<div class=\"slideshow_button slideshow_next slideshow_transparent\" role=\"button\" data-next-text=\"Seg\u00fcent\" style=\"display: none;\"><\/div>\r\n\r\n\t\t<div class=\"slideshow_pagination\" style=\"display: none;\" data-go-to-text=\"V\u00e9s a la diapositiva\"><div class=\"slideshow_pagination_center\"><\/div><\/div>\r\n\r\n\t\t<!-- WordPress Slideshow Version 2.3.1 -->\r\n\r\n\t\t\t<\/div>\r\n\r\n\n<p>&nbsp;<\/p>\n<p>&nbsp;<\/p>\n<p>En breu us adjuntarem un carrussel amb algunes imatges de prim\u00e0ria.<\/p>\n","protected":false},"excerpt":{"rendered":"<p>Jornades Esportives a l&#8217;escola.<\/p>\n","protected":false},"author":1,"featured_media":21330,"comment_status":"open","ping_status":"closed","sticky":false,"template":"","format":"standard","meta":{"_bbp_topic_count":0,"_bbp_reply_count":0,"_bbp_total_topic_count":0,"_bbp_total_reply_count":0,"_bbp_voice_count":0,"_bbp_anonymous_reply_count":0,"_bbp_topic_count_hidden":0,"_bbp_reply_count_hidden":0,"_bbp_forum_subforum_count":0,"site-sidebar-layout":"default","site-content-layout":"","ast-site-content-layout":"","site-content-style":"default","site-sidebar-style":"default","ast-global-header-display":"","ast-banner-title-visibility":"","ast-main-header-display":"","ast-hfb-above-header-display":"","ast-hfb-below-header-display":"","ast-hfb-mobile-header-display":"","site-post-title":"","ast-breadcrumbs-content":"","ast-featured-img":"","footer-sml-layout":"","theme-transparent-header-meta":"","adv-header-id-meta":"","stick-header-meta":"","header-above-stick-meta":"","header-main-stick-meta":"","header-below-stick-meta":"","astra-migrate-meta-layouts":"default","ast-page-background-enabled":"default","ast-page-background-meta":{"desktop":{"background-color":"var(--ast-global-color-4)","background-image":"","background-repeat":"repeat","background-position":"center center","background-size":"auto","background-attachment":"scroll","background-type":"","background-media":"","overlay-type":"","overlay-color":"","overlay-opacity":"","overlay-gradient":""},"tablet":{"background-color":"","background-image":"","background-repeat":"repeat","background-position":"center center","background-size":"auto","background-attachment":"scroll","background-type":"","background-media":"","overlay-type":"","overlay-color":"","overlay-opacity":"","overlay-gradient":""},"mobile":{"background-color":"","background-image":"","background-repeat":"repeat","background-position":"center center","background-size":"auto","background-attachment":"scroll","background-type":"","background-media":"","overlay-type":"","overlay-color":"","overlay-opacity":"","overlay-gradient":""}},"ast-content-background-meta":{"desktop":{"background-color":"var(--ast-global-color-5)","background-image":"","background-repeat":"repeat","background-position":"center center","background-size":"auto","background-attachment":"scroll","background-type":"","background-media":"","overlay-type":"","overlay-color":"","overlay-opacity":"","overlay-gradient":""},"tablet":{"background-color":"var(--ast-global-color-5)","background-image":"","background-repeat":"repeat","background-position":"center center","background-size":"auto","background-attachment":"scroll","background-type":"","background-media":"","overlay-type":"","overlay-color":"","overlay-opacity":"","overlay-gradient":""},"mobile":{"background-color":"var(--ast-global-color-5)","background-image":"","background-repeat":"repeat","background-position":"center center","background-size":"auto","background-attachment":"scroll","background-type":"","background-media":"","overlay-type":"","overlay-color":"","overlay-opacity":"","overlay-gradient":""}},"footnotes":""},"categories":[24,195,1,4,5],"tags":[37,404,406],"class_list":["post-21316","post","type-post","status-publish","format-standard","has-post-thumbnail","hentry","category-educacio-fisica","category-escola_saludable","category-general","category-portada","category-primaria","tag-educacio-fisica","tag-epsap","tag-jornada-esportiva"],"post_mailing_queue_ids":[],"_links":{"self":[{"href":"https:\/\/agora.xtec.cat\/esc-la-cabana\/wp-json\/wp\/v2\/posts\/21316","targetHints":{"allow":["GET"]}}],"collection":[{"href":"https:\/\/agora.xtec.cat\/esc-la-cabana\/wp-json\/wp\/v2\/posts"}],"about":[{"href":"https:\/\/agora.xtec.cat\/esc-la-cabana\/wp-json\/wp\/v2\/types\/post"}],"author":[{"embeddable":true,"href":"https:\/\/agora.xtec.cat\/esc-la-cabana\/wp-json\/wp\/v2\/users\/1"}],"replies":[{"embeddable":true,"href":"https:\/\/agora.xtec.cat\/esc-la-cabana\/wp-json\/wp\/v2\/comments?post=21316"}],"version-history":[{"count":4,"href":"https:\/\/agora.xtec.cat\/esc-la-cabana\/wp-json\/wp\/v2\/posts\/21316\/revisions"}],"predecessor-version":[{"id":21331,"href":"https:\/\/agora.xtec.cat\/esc-la-cabana\/wp-json\/wp\/v2\/posts\/21316\/revisions\/21331"}],"wp:featuredmedia":[{"embeddable":true,"href":"https:\/\/agora.xtec.cat\/esc-la-cabana\/wp-json\/wp\/v2\/media\/21330"}],"wp:attachment":[{"href":"https:\/\/agora.xtec.cat\/esc-la-cabana\/wp-json\/wp\/v2\/media?parent=21316"}],"wp:term":[{"taxonomy":"category","embeddable":true,"href":"https:\/\/agora.xtec.cat\/esc-la-cabana\/wp-json\/wp\/v2\/categories?post=21316"},{"taxonomy":"post_tag","embeddable":true,"href":"https:\/\/agora.xtec.cat\/esc-la-cabana\/wp-json\/wp\/v2\/tags?post=21316"}],"curies":[{"name":"wp","href":"https:\/\/api.w.org\/{rel}","templated":true}]}}