{"id":21197,"date":"2025-04-08T16:30:21","date_gmt":"2025-04-08T14:30:21","guid":{"rendered":"https:\/\/agora.xtec.cat\/esc-la-cabana\/?p=21197"},"modified":"2025-04-26T19:38:30","modified_gmt":"2025-04-26T17:38:30","slug":"building-up-our-story","status":"publish","type":"post","link":"https:\/\/agora.xtec.cat\/esc-la-cabana\/general\/building-up-our-story\/","title":{"rendered":"BUILDING UP OUR STORY"},"content":{"rendered":"<p><strong><a href=\"https:\/\/agora.xtec.cat\/esc-la-cabana\/wp-content\/uploads\/usu849\/2025\/04\/Cover-StoryJumper.jpg\"><img loading=\"lazy\" decoding=\"async\" class=\"wp-image-21200 alignleft\" src=\"https:\/\/agora.xtec.cat\/esc-la-cabana\/wp-content\/uploads\/usu849\/2025\/04\/Cover-StoryJumper.jpg\" alt=\"\" width=\"276\" height=\"207\" srcset=\"https:\/\/agora.xtec.cat\/esc-la-cabana\/wp-content\/uploads\/usu849\/2025\/04\/Cover-StoryJumper.jpg 789w, https:\/\/agora.xtec.cat\/esc-la-cabana\/wp-content\/uploads\/usu849\/2025\/04\/Cover-StoryJumper-300x225.jpg 300w, https:\/\/agora.xtec.cat\/esc-la-cabana\/wp-content\/uploads\/usu849\/2025\/04\/Cover-StoryJumper-768x576.jpg 768w, https:\/\/agora.xtec.cat\/esc-la-cabana\/wp-content\/uploads\/usu849\/2025\/04\/Cover-StoryJumper-200x150.jpg 200w\" sizes=\"auto, (max-width: 276px) 100vw, 276px\" \/><\/a><\/strong><\/p>\n<p style=\"text-align: justify\"><strong>We are about to end the 2nd term and we want to present you with the first sketches of the story that the 4th grade students of Primary School in Reus and V\u00f3dskov have been inventing and creating and which the 1st grade students of our school will give their voice to from the 3rd term. It is a magical story where our cultures will be important.<\/strong><\/p>\n<p style=\"text-align: justify\"><em>Estem a punt d\u2019acabar el 2n trimestre i us volem presentar els primers esbossos de la hist\u00f2ria que l\u2019alumnat de 4t de Prim\u00e0ria de Reus i de V\u00f3dskov han estat inventant i creant i de la qual l\u2019alumnat de 1r cicle de la nostra escola hi posar\u00e0 la veu a partir del 3r trimestre. \u00c9s una hist\u00f2ria m\u00e0gica on les nostres cultures seran importants.<\/em><\/p>\n<p><a href=\"https:\/\/drive.google.com\/file\/d\/1Z-e7RWPASI6ZsTbhsbVP8UEk3vJYan0G\/view?usp=sharing\" target=\"_blank\" rel=\"noopener\"><span style=\"text-decoration: underline\">BEGINNING OF THE STORY<\/span><\/a> (by pupils from Reus)<\/p>\n<p><span style=\"text-decoration: underline\"><a href=\"https:\/\/drive.google.com\/file\/d\/17Cl1JysrJXz6Y1ROsNwb3R-lCB4xeHJU\/view?usp=sharing\" target=\"_blank\" rel=\"noopener\">PLOT OF THE STORY<\/a><\/span> (by pupils from Denmark)<\/p>\n<p style=\"text-align: justify\"><strong>We would also like to inform you that on Wednesday, 2nd April, we had our first videoconference with the students of Reus to know each other. It was an important and exciting moment for our students. They really enjoyed seeing each other face to face, even though it was through a screen: <span style=\"text-decoration: underline\"><a href=\"https:\/\/drive.google.com\/file\/d\/1cURg-o-LIDNJhuwe_jRB43GF9TZLp883\/view?usp=sharing\" target=\"_blank\" rel=\"noopener\">KNOWING TOGETHER<\/a><\/span>.<\/strong><\/p>\n<p style=\"text-align: justify\"><em>Aprofitem tamb\u00e9 per informar-vos que el dimecres 2 d\u2019abril, vam tenir la primera videoconfer\u00e8ncia, amb l\u2019alumnat de Reus, per con\u00e8ixer-nos. Va ser un moment important i emocionant per al nostre alumnat. Els va agradar molt veure\u2019s cara a cara, encara que fos a trav\u00e9s d\u2019un pantalla: <a href=\"https:\/\/drive.google.com\/file\/d\/1cURg-o-LIDNJhuwe_jRB43GF9TZLp883\/view?usp=sharing\" target=\"_blank\" rel=\"noopener\"><span style=\"text-decoration: underline\">KNOWING TOGETHER<\/span><\/a>.<\/em><\/p>\n<p style=\"text-align: justify\"><strong>In the previous days we were thinking and preparing the questions for the students of the Prat de la Riba school and once the video call was over, we were able to reflect on what we had learned. And these are the facts that stood out; basically, because they differed from ours: What have we learned? OUR LEARNING SUITCASE:<\/strong><\/p>\n<p style=\"text-align: justify\"><em>Els dies previs vam estar pensant i preparant les preguntes per a l\u2019alumnat de l\u2019escola Prat de la Riba i un cop acabada la videotrucada vam poder reflexionar sobre qu\u00e8 hav\u00edem apr\u00e8s. I aquests s\u00f3n fets van destacar; b\u00e0sicament, perqu\u00e8 diferien dels nostres: \u201cQu\u00e8 hem apr\u00e8s? LA NOSTRA MALETA D&#8217;APRENENTATGE:<\/em><\/p>\n<p><a href=\"https:\/\/agora.xtec.cat\/esc-la-cabana\/wp-content\/uploads\/usu849\/2025\/04\/Learning-Suitcase-La-Cabana-with-Reus.jpg\"><img loading=\"lazy\" decoding=\"async\" class=\"alignnone size-large wp-image-21199\" src=\"https:\/\/agora.xtec.cat\/esc-la-cabana\/wp-content\/uploads\/usu849\/2025\/04\/Learning-Suitcase-La-Cabana-with-Reus-724x1024.jpg\" alt=\"\" width=\"724\" height=\"1024\" srcset=\"https:\/\/agora.xtec.cat\/esc-la-cabana\/wp-content\/uploads\/usu849\/2025\/04\/Learning-Suitcase-La-Cabana-with-Reus-724x1024.jpg 724w, https:\/\/agora.xtec.cat\/esc-la-cabana\/wp-content\/uploads\/usu849\/2025\/04\/Learning-Suitcase-La-Cabana-with-Reus-212x300.jpg 212w, https:\/\/agora.xtec.cat\/esc-la-cabana\/wp-content\/uploads\/usu849\/2025\/04\/Learning-Suitcase-La-Cabana-with-Reus-768x1086.jpg 768w, https:\/\/agora.xtec.cat\/esc-la-cabana\/wp-content\/uploads\/usu849\/2025\/04\/Learning-Suitcase-La-Cabana-with-Reus-1086x1536.jpg 1086w, https:\/\/agora.xtec.cat\/esc-la-cabana\/wp-content\/uploads\/usu849\/2025\/04\/Learning-Suitcase-La-Cabana-with-Reus.jpg 1414w\" sizes=\"auto, (max-width: 724px) 100vw, 724px\" \/><\/a><\/p>\n<p><strong>Just as we start the 3rd quarter, we will also be doing a video conference with the students of V\u00f3dskov. So it is important for the students to review the questions we worked on at school: <span style=\"text-decoration: underline\"><a href=\"https:\/\/drive.google.com\/file\/d\/1HthoOjaHRPkj_gc7Fc5H3PmledbJ5EDE\/view?usp=sharing\" target=\"_blank\" rel=\"noopener\">WHAT DO WE WANT TO KNOW?<\/a><\/span><\/strong><\/p>\n<p><em>Just quan iniciem el 3r trimestre farem tamb\u00e9 la videoconfer\u00e8ncia amb l\u2019alumnat de V\u00f3dskov. Aix\u00ed que \u00e9s important que l\u2019alumnat repassi les preguntes que vam treballar a l\u2019escola<\/em>: <span style=\"text-decoration: underline\"><a href=\"https:\/\/drive.google.com\/file\/d\/1HthoOjaHRPkj_gc7Fc5H3PmledbJ5EDE\/view?usp=sharing\" target=\"_blank\" rel=\"noopener\">WHAT DO WE WANT TO KNOW?<\/a><\/span><\/p>\n<p><strong>HAPPY EASTER TO EVERYONE! See you soon.<\/strong><\/p>\n<p><em>BONA PASQUA A TOTHOM! Ens retrobem ben aviat.<\/em><\/p>\n","protected":false},"excerpt":{"rendered":"<p>FIRST SKETCHES OF OUR COLLABORATIVE STORY<\/p>\n","protected":false},"author":43,"featured_media":21198,"comment_status":"open","ping_status":"closed","sticky":false,"template":"","format":"standard","meta":{"_bbp_topic_count":0,"_bbp_reply_count":0,"_bbp_total_topic_count":0,"_bbp_total_reply_count":0,"_bbp_voice_count":0,"_bbp_anonymous_reply_count":0,"_bbp_topic_count_hidden":0,"_bbp_reply_count_hidden":0,"_bbp_forum_subforum_count":0,"site-sidebar-layout":"default","site-content-layout":"","ast-site-content-layout":"","site-content-style":"default","site-sidebar-style":"default","ast-global-header-display":"","ast-banner-title-visibility":"","ast-main-header-display":"","ast-hfb-above-header-display":"","ast-hfb-below-header-display":"","ast-hfb-mobile-header-display":"","site-post-title":"","ast-breadcrumbs-content":"","ast-featured-img":"","footer-sml-layout":"","theme-transparent-header-meta":"","adv-header-id-meta":"","stick-header-meta":"","header-above-stick-meta":"","header-main-stick-meta":"","header-below-stick-meta":"","astra-migrate-meta-layouts":"default","ast-page-background-enabled":"default","ast-page-background-meta":{"desktop":{"background-color":"var(--ast-global-color-4)","background-image":"","background-repeat":"repeat","background-position":"center center","background-size":"auto","background-attachment":"scroll","background-type":"","background-media":"","overlay-type":"","overlay-color":"","overlay-opacity":"","overlay-gradient":""},"tablet":{"background-color":"","background-image":"","background-repeat":"repeat","background-position":"center center","background-size":"auto","background-attachment":"scroll","background-type":"","background-media":"","overlay-type":"","overlay-color":"","overlay-opacity":"","overlay-gradient":""},"mobile":{"background-color":"","background-image":"","background-repeat":"repeat","background-position":"center center","background-size":"auto","background-attachment":"scroll","background-type":"","background-media":"","overlay-type":"","overlay-color":"","overlay-opacity":"","overlay-gradient":""}},"ast-content-background-meta":{"desktop":{"background-color":"var(--ast-global-color-5)","background-image":"","background-repeat":"repeat","background-position":"center center","background-size":"auto","background-attachment":"scroll","background-type":"","background-media":"","overlay-type":"","overlay-color":"","overlay-opacity":"","overlay-gradient":""},"tablet":{"background-color":"var(--ast-global-color-5)","background-image":"","background-repeat":"repeat","background-position":"center center","background-size":"auto","background-attachment":"scroll","background-type":"","background-media":"","overlay-type":"","overlay-color":"","overlay-opacity":"","overlay-gradient":""},"mobile":{"background-color":"var(--ast-global-color-5)","background-image":"","background-repeat":"repeat","background-position":"center center","background-size":"auto","background-attachment":"scroll","background-type":"","background-media":"","overlay-type":"","overlay-color":"","overlay-opacity":"","overlay-gradient":""}},"footnotes":""},"categories":[23,10,83,1,4,5,402],"tags":[129,315,145,87],"class_list":["post-21197","post","type-post","status-publish","format-standard","has-post-thumbnail","hentry","category-angles","category-c-i","category-especialitats","category-general","category-portada","category-primaria","category-projecte-etwinning-denmark-spain-2024-25","tag-angles","tag-etwinning","tag-primer-inicial","tag-projectes"],"post_mailing_queue_ids":[],"_links":{"self":[{"href":"https:\/\/agora.xtec.cat\/esc-la-cabana\/wp-json\/wp\/v2\/posts\/21197","targetHints":{"allow":["GET"]}}],"collection":[{"href":"https:\/\/agora.xtec.cat\/esc-la-cabana\/wp-json\/wp\/v2\/posts"}],"about":[{"href":"https:\/\/agora.xtec.cat\/esc-la-cabana\/wp-json\/wp\/v2\/types\/post"}],"author":[{"embeddable":true,"href":"https:\/\/agora.xtec.cat\/esc-la-cabana\/wp-json\/wp\/v2\/users\/43"}],"replies":[{"embeddable":true,"href":"https:\/\/agora.xtec.cat\/esc-la-cabana\/wp-json\/wp\/v2\/comments?post=21197"}],"version-history":[{"count":3,"href":"https:\/\/agora.xtec.cat\/esc-la-cabana\/wp-json\/wp\/v2\/posts\/21197\/revisions"}],"predecessor-version":[{"id":21203,"href":"https:\/\/agora.xtec.cat\/esc-la-cabana\/wp-json\/wp\/v2\/posts\/21197\/revisions\/21203"}],"wp:featuredmedia":[{"embeddable":true,"href":"https:\/\/agora.xtec.cat\/esc-la-cabana\/wp-json\/wp\/v2\/media\/21198"}],"wp:attachment":[{"href":"https:\/\/agora.xtec.cat\/esc-la-cabana\/wp-json\/wp\/v2\/media?parent=21197"}],"wp:term":[{"taxonomy":"category","embeddable":true,"href":"https:\/\/agora.xtec.cat\/esc-la-cabana\/wp-json\/wp\/v2\/categories?post=21197"},{"taxonomy":"post_tag","embeddable":true,"href":"https:\/\/agora.xtec.cat\/esc-la-cabana\/wp-json\/wp\/v2\/tags?post=21197"}],"curies":[{"name":"wp","href":"https:\/\/api.w.org\/{rel}","templated":true}]}}