{"id":21174,"date":"2025-02-27T13:07:56","date_gmt":"2025-02-27T12:07:56","guid":{"rendered":"https:\/\/agora.xtec.cat\/esc-la-cabana\/?p=21174"},"modified":"2025-04-23T16:32:43","modified_gmt":"2025-04-23T14:32:43","slug":"new-year-new-etwinning-project","status":"publish","type":"post","link":"https:\/\/agora.xtec.cat\/esc-la-cabana\/general\/new-year-new-etwinning-project\/","title":{"rendered":"NEW YEAR, NEW ETWINNING PROJECT"},"content":{"rendered":"<p><strong>From the English Language Department, we are really chuffed to announce that we have already started a new etwinning Project in La Cabana School!<\/strong><\/p>\n<p><em>Des del departament de llengua anglesa, estem molt contentes d\u2019anunciar-vos que ja tenim iniciat el nou projecte eTwinning a La Cabana!<\/em><\/p>\n<p><strong>This school year we are three schools working together: Grindsted Skole, from V\u00f3dskov, in Dinamarca,\u00a0 Prat de la Riba school, from Reus and&#8230; our school! La Cabana, from Les Cabanyes.\u00a0 This year, pupils in the 1st Cycle are those who will develop this project.<\/strong><\/p>\n<p><em>Aquest curs treballem juntes 3 escoles: Grindsted Skole, de V\u00f3dskov, a Dinamarca,\u00a0 l\u2019Escola Prat de la Riba, de Reus i&#8230; nosaltes! Escola La Cabana, de Les Cabanyes.\u00a0 Enguany l\u2019alumnat de1r cicle ser\u00e0 l\u2019encarregat de dur a terme el projecte.<\/em><\/p>\n<p><a href=\"https:\/\/agora.xtec.cat\/esc-la-cabana\/wp-content\/uploads\/usu849\/2025\/04\/Grindsted-Group-Walldisplay.jpg\"><img loading=\"lazy\" decoding=\"async\" class=\"alignnone size-large wp-image-21176\" src=\"https:\/\/agora.xtec.cat\/esc-la-cabana\/wp-content\/uploads\/usu849\/2025\/04\/Grindsted-Group-Walldisplay-1024x576.jpg\" alt=\"\" width=\"1024\" height=\"576\" srcset=\"https:\/\/agora.xtec.cat\/esc-la-cabana\/wp-content\/uploads\/usu849\/2025\/04\/Grindsted-Group-Walldisplay-1024x576.jpg 1024w, https:\/\/agora.xtec.cat\/esc-la-cabana\/wp-content\/uploads\/usu849\/2025\/04\/Grindsted-Group-Walldisplay-300x169.jpg 300w, https:\/\/agora.xtec.cat\/esc-la-cabana\/wp-content\/uploads\/usu849\/2025\/04\/Grindsted-Group-Walldisplay-768x432.jpg 768w, https:\/\/agora.xtec.cat\/esc-la-cabana\/wp-content\/uploads\/usu849\/2025\/04\/Grindsted-Group-Walldisplay.jpg 1280w\" sizes=\"auto, (max-width: 1024px) 100vw, 1024px\" \/><\/a> \u00a0<a href=\"https:\/\/agora.xtec.cat\/esc-la-cabana\/wp-content\/uploads\/usu849\/2025\/04\/Prat-Riba-Group-Walldisplay.jpg\"><img loading=\"lazy\" decoding=\"async\" class=\"alignnone size-large wp-image-21178\" src=\"https:\/\/agora.xtec.cat\/esc-la-cabana\/wp-content\/uploads\/usu849\/2025\/04\/Prat-Riba-Group-Walldisplay-1024x576.jpg\" alt=\"\" width=\"1024\" height=\"576\" srcset=\"https:\/\/agora.xtec.cat\/esc-la-cabana\/wp-content\/uploads\/usu849\/2025\/04\/Prat-Riba-Group-Walldisplay-1024x576.jpg 1024w, https:\/\/agora.xtec.cat\/esc-la-cabana\/wp-content\/uploads\/usu849\/2025\/04\/Prat-Riba-Group-Walldisplay-300x169.jpg 300w, https:\/\/agora.xtec.cat\/esc-la-cabana\/wp-content\/uploads\/usu849\/2025\/04\/Prat-Riba-Group-Walldisplay-768x432.jpg 768w, https:\/\/agora.xtec.cat\/esc-la-cabana\/wp-content\/uploads\/usu849\/2025\/04\/Prat-Riba-Group-Walldisplay.jpg 1280w\" sizes=\"auto, (max-width: 1024px) 100vw, 1024px\" \/><\/a><\/p>\n<p><a href=\"https:\/\/agora.xtec.cat\/esc-la-cabana\/wp-content\/uploads\/usu849\/2025\/04\/La-Cabana-Group-Walldisplay.jpg\"><img loading=\"lazy\" decoding=\"async\" class=\"alignnone size-large wp-image-21177\" src=\"https:\/\/agora.xtec.cat\/esc-la-cabana\/wp-content\/uploads\/usu849\/2025\/04\/La-Cabana-Group-Walldisplay-1024x576.jpg\" alt=\"\" width=\"1024\" height=\"576\" srcset=\"https:\/\/agora.xtec.cat\/esc-la-cabana\/wp-content\/uploads\/usu849\/2025\/04\/La-Cabana-Group-Walldisplay-1024x576.jpg 1024w, https:\/\/agora.xtec.cat\/esc-la-cabana\/wp-content\/uploads\/usu849\/2025\/04\/La-Cabana-Group-Walldisplay-300x169.jpg 300w, https:\/\/agora.xtec.cat\/esc-la-cabana\/wp-content\/uploads\/usu849\/2025\/04\/La-Cabana-Group-Walldisplay-768x432.jpg 768w, https:\/\/agora.xtec.cat\/esc-la-cabana\/wp-content\/uploads\/usu849\/2025\/04\/La-Cabana-Group-Walldisplay.jpg 1280w\" sizes=\"auto, (max-width: 1024px) 100vw, 1024px\" \/><\/a><\/p>\n<p><strong>As we already explained to the involved fam\u00edlies (you can see the <a href=\"https:\/\/view.genially.com\/67b501cf87d69f3f4d2f8455\/presentation-etwinning-project-2025\" target=\"_blank\" rel=\"noopener\"><span style=\"text-decoration: underline;\">presentation here<\/span><\/a>), the project came up due to the professional stay, in the 1st term, of the teacher of English in the Danish School. During her stay,<\/strong> <strong>teachers could thread the needle and start hatching the project.<\/strong><\/p>\n<p><em>Tal i com es va explicar a les fam\u00edlies (podeu veure la <a href=\"https:\/\/view.genially.com\/67b501cf87d69f3f4d2f8455\/presentation-etwinning-project-2025\" target=\"_blank\" rel=\"noopener\"><span style=\"text-decoration: underline;\">presentaci\u00f3<\/span><\/a>), el projecte va sorgir arrel de l\u2019estada professional, al 1r trimestre, de l\u2019especialista de lleng\u00fces estrangeres de l\u2019escola a l\u2019escola danesa. Durant l\u2019estada, les mestres van poder posar fil a l\u2019agulla i comen\u00e7ar a teixir el projecte.<\/em><\/p>\n<p><a href=\"https:\/\/agora.xtec.cat\/esc-la-cabana\/wp-content\/uploads\/usu849\/2025\/04\/Project-OBJECTIVE-Walldisplay.jpg\"><img loading=\"lazy\" decoding=\"async\" class=\"alignnone size-large wp-image-21179\" src=\"https:\/\/agora.xtec.cat\/esc-la-cabana\/wp-content\/uploads\/usu849\/2025\/04\/Project-OBJECTIVE-Walldisplay-1024x576.jpg\" alt=\"\" width=\"1024\" height=\"576\" srcset=\"https:\/\/agora.xtec.cat\/esc-la-cabana\/wp-content\/uploads\/usu849\/2025\/04\/Project-OBJECTIVE-Walldisplay-1024x576.jpg 1024w, https:\/\/agora.xtec.cat\/esc-la-cabana\/wp-content\/uploads\/usu849\/2025\/04\/Project-OBJECTIVE-Walldisplay-300x169.jpg 300w, https:\/\/agora.xtec.cat\/esc-la-cabana\/wp-content\/uploads\/usu849\/2025\/04\/Project-OBJECTIVE-Walldisplay-768x432.jpg 768w, https:\/\/agora.xtec.cat\/esc-la-cabana\/wp-content\/uploads\/usu849\/2025\/04\/Project-OBJECTIVE-Walldisplay.jpg 1280w\" sizes=\"auto, (max-width: 1024px) 100vw, 1024px\" \/><\/a><\/p>\n<p><strong>The title of the project is \u00a0\u201cHow can we Exchange our Culture?\u00a0Let&#8217;s be Global Citizens!\u201d and this time we are collaborators\/partners, not founders. There is a double aim: to make a cultural Exchange and create and design, collaboratively, a digital book where the main characters are meaningful characters among our students.<\/strong><\/p>\n<p><em>Aquest projecte es titula \u201cCom podem intercanviar la nostra cultura?\u00a0 Siguem ciutadanes del m\u00f3n!\u201d i aquest cop, nosaltres som col\u00b7laboradors, no fundadors. L\u2019objectiu \u00e9s doble: fer intercanvi cultural i crear i dissenyar, de manera col\u00b7laborativa, un conte digital on els protagonistes seran personatges molt significatius per al nostre alumnat.<\/em><\/p>\n<p><strong>Here you have a nice video to show how they introduced each other and how pupils in the first cycle worked: <a href=\"https:\/\/drive.google.com\/file\/d\/1_dDkAz0Qk5qmuc4DO_YpaREJeweQ2rfU\/view?usp=drive_link\" target=\"_blank\" rel=\"noopener\"><span style=\"text-decoration: underline;\">1st Cycle Presentations<\/span><\/a>.<\/strong><\/p>\n<p><em>Aqu\u00ed teniu un v\u00eddeo preci\u00f3s de com ens vam presentar i on podeu veure la gran feina que va fer l\u2019alumnat: <a href=\"https:\/\/drive.google.com\/file\/d\/1_dDkAz0Qk5qmuc4DO_YpaREJeweQ2rfU\/view?usp=drive_link\" target=\"_blank\" rel=\"noopener\"><span style=\"text-decoration: underline;\">1st Cycle Presentations<\/span><\/a>.<\/em><\/p>\n<p><strong>You already know that the families of the involved pupils, you can access to all the material that we are creating and follow our process using this link: <a href=\"https:\/\/school-education.ec.europa.eu\/en\/pupil-login\" target=\"_blank\" rel=\"noopener\"><span style=\"text-decoration: underline;\">ESEP PLATFORM<\/span><\/a>. Remember to log in as students and to use the username and password that we gave to the pupils.<\/strong><\/p>\n<p>Ja sabeu, que les fam\u00edlies de l\u2019alumnat involucrat, podeu accedir a tot el material que estem elaborant i seguir el nostre proc\u00e9s mitjan\u00e7ant aquest enlla\u00e7: <a href=\"https:\/\/school-education.ec.europa.eu\/en\/pupil-login\" target=\"_blank\" rel=\"noopener\"><span style=\"text-decoration: underline;\">ESEP PLATFORM<\/span><\/a>. Recordeu d\u2019accedir com alumnes i utilitzar l\u2019usuari i contrasenya que hem facilitat als infants.<\/p>\n<p><strong>We hope to enjoy the project a lot and establish an emotional bond where the functionality of the language is the key to facilitate learning.<\/strong><\/p>\n<p><strong>LET\u2019S BEGIN!<\/strong><\/p>\n<p><em>Esperem gaudir molt del projecte i d\u2019establir un vincle afectiu on la funcionalitat de la llengua sigui la clau per facilitar els aprenentatges.<\/em><\/p>\n<p><em>COMENCEM!<\/em><\/p>\n","protected":false},"excerpt":{"rendered":"<p>A NEW eTwinning PROJECT IS COMING UP!<\/p>\n","protected":false},"author":18,"featured_media":21175,"comment_status":"open","ping_status":"closed","sticky":false,"template":"","format":"standard","meta":{"_bbp_topic_count":0,"_bbp_reply_count":0,"_bbp_total_topic_count":0,"_bbp_total_reply_count":0,"_bbp_voice_count":0,"_bbp_anonymous_reply_count":0,"_bbp_topic_count_hidden":0,"_bbp_reply_count_hidden":0,"_bbp_forum_subforum_count":0,"site-sidebar-layout":"default","site-content-layout":"","ast-site-content-layout":"","site-content-style":"default","site-sidebar-style":"default","ast-global-header-display":"","ast-banner-title-visibility":"","ast-main-header-display":"","ast-hfb-above-header-display":"","ast-hfb-below-header-display":"","ast-hfb-mobile-header-display":"","site-post-title":"","ast-breadcrumbs-content":"","ast-featured-img":"","footer-sml-layout":"","theme-transparent-header-meta":"","adv-header-id-meta":"","stick-header-meta":"","header-above-stick-meta":"","header-main-stick-meta":"","header-below-stick-meta":"","astra-migrate-meta-layouts":"default","ast-page-background-enabled":"default","ast-page-background-meta":{"desktop":{"background-color":"var(--ast-global-color-4)","background-image":"","background-repeat":"repeat","background-position":"center center","background-size":"auto","background-attachment":"scroll","background-type":"","background-media":"","overlay-type":"","overlay-color":"","overlay-opacity":"","overlay-gradient":""},"tablet":{"background-color":"","background-image":"","background-repeat":"repeat","background-position":"center center","background-size":"auto","background-attachment":"scroll","background-type":"","background-media":"","overlay-type":"","overlay-color":"","overlay-opacity":"","overlay-gradient":""},"mobile":{"background-color":"","background-image":"","background-repeat":"repeat","background-position":"center center","background-size":"auto","background-attachment":"scroll","background-type":"","background-media":"","overlay-type":"","overlay-color":"","overlay-opacity":"","overlay-gradient":""}},"ast-content-background-meta":{"desktop":{"background-color":"var(--ast-global-color-5)","background-image":"","background-repeat":"repeat","background-position":"center center","background-size":"auto","background-attachment":"scroll","background-type":"","background-media":"","overlay-type":"","overlay-color":"","overlay-opacity":"","overlay-gradient":""},"tablet":{"background-color":"var(--ast-global-color-5)","background-image":"","background-repeat":"repeat","background-position":"center center","background-size":"auto","background-attachment":"scroll","background-type":"","background-media":"","overlay-type":"","overlay-color":"","overlay-opacity":"","overlay-gradient":""},"mobile":{"background-color":"var(--ast-global-color-5)","background-image":"","background-repeat":"repeat","background-position":"center center","background-size":"auto","background-attachment":"scroll","background-type":"","background-media":"","overlay-type":"","overlay-color":"","overlay-opacity":"","overlay-gradient":""}},"footnotes":""},"categories":[23,10,83,1,4,5,402],"tags":[129,315,145,87],"class_list":["post-21174","post","type-post","status-publish","format-standard","has-post-thumbnail","hentry","category-angles","category-c-i","category-especialitats","category-general","category-portada","category-primaria","category-projecte-etwinning-denmark-spain-2024-25","tag-angles","tag-etwinning","tag-primer-inicial","tag-projectes"],"post_mailing_queue_ids":[],"_links":{"self":[{"href":"https:\/\/agora.xtec.cat\/esc-la-cabana\/wp-json\/wp\/v2\/posts\/21174","targetHints":{"allow":["GET"]}}],"collection":[{"href":"https:\/\/agora.xtec.cat\/esc-la-cabana\/wp-json\/wp\/v2\/posts"}],"about":[{"href":"https:\/\/agora.xtec.cat\/esc-la-cabana\/wp-json\/wp\/v2\/types\/post"}],"author":[{"embeddable":true,"href":"https:\/\/agora.xtec.cat\/esc-la-cabana\/wp-json\/wp\/v2\/users\/18"}],"replies":[{"embeddable":true,"href":"https:\/\/agora.xtec.cat\/esc-la-cabana\/wp-json\/wp\/v2\/comments?post=21174"}],"version-history":[{"count":2,"href":"https:\/\/agora.xtec.cat\/esc-la-cabana\/wp-json\/wp\/v2\/posts\/21174\/revisions"}],"predecessor-version":[{"id":21181,"href":"https:\/\/agora.xtec.cat\/esc-la-cabana\/wp-json\/wp\/v2\/posts\/21174\/revisions\/21181"}],"wp:featuredmedia":[{"embeddable":true,"href":"https:\/\/agora.xtec.cat\/esc-la-cabana\/wp-json\/wp\/v2\/media\/21175"}],"wp:attachment":[{"href":"https:\/\/agora.xtec.cat\/esc-la-cabana\/wp-json\/wp\/v2\/media?parent=21174"}],"wp:term":[{"taxonomy":"category","embeddable":true,"href":"https:\/\/agora.xtec.cat\/esc-la-cabana\/wp-json\/wp\/v2\/categories?post=21174"},{"taxonomy":"post_tag","embeddable":true,"href":"https:\/\/agora.xtec.cat\/esc-la-cabana\/wp-json\/wp\/v2\/tags?post=21174"}],"curies":[{"name":"wp","href":"https:\/\/api.w.org\/{rel}","templated":true}]}}