{"id":21015,"date":"2025-02-24T12:46:15","date_gmt":"2025-02-24T11:46:15","guid":{"rendered":"https:\/\/agora.xtec.cat\/esc-la-cabana\/?p=21015"},"modified":"2025-04-28T11:41:31","modified_gmt":"2025-04-28T09:41:31","slug":"taller-deines-mediadores-i-comunicacio-no-violenta","status":"publish","type":"post","link":"https:\/\/agora.xtec.cat\/esc-la-cabana\/general\/taller-deines-mediadores-i-comunicacio-no-violenta\/","title":{"rendered":"TALLER D&#8217;EINES MEDIADORES I COMUNICACI\u00d3 NO VIOLENTA"},"content":{"rendered":"<p style=\"text-align: left;\" data-pm-slice=\"1 1 []\">El pa<a href=\"https:\/\/agora.xtec.cat\/esc-la-cabana\/wp-content\/uploads\/usu849\/2025\/02\/IMG_20241212_104957_135-scaled.jpg\"><img loading=\"lazy\" decoding=\"async\" class=\"wp-image-21026 alignright\" src=\"https:\/\/agora.xtec.cat\/esc-la-cabana\/wp-content\/uploads\/usu849\/2025\/02\/IMG_20241212_104957_135-1024x768.jpg\" alt=\"\" width=\"338\" height=\"254\" srcset=\"https:\/\/agora.xtec.cat\/esc-la-cabana\/wp-content\/uploads\/usu849\/2025\/02\/IMG_20241212_104957_135-1024x768.jpg 1024w, https:\/\/agora.xtec.cat\/esc-la-cabana\/wp-content\/uploads\/usu849\/2025\/02\/IMG_20241212_104957_135-300x225.jpg 300w, https:\/\/agora.xtec.cat\/esc-la-cabana\/wp-content\/uploads\/usu849\/2025\/02\/IMG_20241212_104957_135-768x576.jpg 768w, https:\/\/agora.xtec.cat\/esc-la-cabana\/wp-content\/uploads\/usu849\/2025\/02\/IMG_20241212_104957_135-1536x1152.jpg 1536w, https:\/\/agora.xtec.cat\/esc-la-cabana\/wp-content\/uploads\/usu849\/2025\/02\/IMG_20241212_104957_135-2048x1536.jpg 2048w, https:\/\/agora.xtec.cat\/esc-la-cabana\/wp-content\/uploads\/usu849\/2025\/02\/IMG_20241212_104957_135-200x150.jpg 200w\" sizes=\"auto, (max-width: 338px) 100vw, 338px\" \/><\/a>ssat mes de desembre, els alumnes de tercer cicle van participar en el taller d\u2019eines mediadores i comunicaci\u00f3 no violenta, organitzat pel Consell Comarcal de l\u2019Alt Pened\u00e8s i la Diputaci\u00f3 de Barcelona. Aquesta iniciativa tenia com a objectiu fomentar el di\u00e0leg i la resoluci\u00f3 pac\u00edfica de conflictes dins de l\u2019aula i en el seu dia a dia.<\/p>\n<p style=\"text-align: left;\">L\u2019experi\u00e8ncia va ser molt positiva, i els alumnes van mostrar un gran inter\u00e8s i implicaci\u00f3 en les diferents din\u00e0miques proposades. A trav\u00e9s d\u2019activitats pr\u00e0ctiques i reflexions compartides, van poder adquirir habilitats per gestionar millor els desacords i construir relacions m\u00e9s saludables basades en el respecte i l\u2019entesa m\u00fatua.<\/p>\n<p style=\"text-align: left;\">Com a cloenda del taller, cada classe va crear un mural col\u00b7laboratiu, representant diferents maneres d\u2019afavorir el di\u00e0leg davant dels conflictes. Aquest treball en equip va permetre visualitzar de manera creativa les estrat\u00e8gies apreses i refor\u00e7ar la import\u00e0ncia de la cooperaci\u00f3.<\/p>\n<p style=\"text-align: left;\">Avui, com a reconeixement de la seva participaci\u00f3, els alumnes han rebut un diploma de mans de la directora del centre. A m\u00e9s, han rebut un obsequi per a la seva classe, un calendari on es poden veure reflectits tots els murals elaborats pels diferents centres participants en aquest projecte.<\/p>\n<p><a href=\"https:\/\/agora.xtec.cat\/esc-la-cabana\/wp-content\/uploads\/usu849\/2025\/02\/IMG_20250224_104008_192-scaled.jpg\"><img loading=\"lazy\" decoding=\"async\" class=\"wp-image-21027 alignleft\" src=\"https:\/\/agora.xtec.cat\/esc-la-cabana\/wp-content\/uploads\/usu849\/2025\/02\/IMG_20250224_104008_192-1024x768.jpg\" alt=\"\" width=\"296\" height=\"222\" srcset=\"https:\/\/agora.xtec.cat\/esc-la-cabana\/wp-content\/uploads\/usu849\/2025\/02\/IMG_20250224_104008_192-1024x768.jpg 1024w, https:\/\/agora.xtec.cat\/esc-la-cabana\/wp-content\/uploads\/usu849\/2025\/02\/IMG_20250224_104008_192-300x225.jpg 300w, https:\/\/agora.xtec.cat\/esc-la-cabana\/wp-content\/uploads\/usu849\/2025\/02\/IMG_20250224_104008_192-768x576.jpg 768w, https:\/\/agora.xtec.cat\/esc-la-cabana\/wp-content\/uploads\/usu849\/2025\/02\/IMG_20250224_104008_192-1536x1152.jpg 1536w, https:\/\/agora.xtec.cat\/esc-la-cabana\/wp-content\/uploads\/usu849\/2025\/02\/IMG_20250224_104008_192-2048x1536.jpg 2048w, https:\/\/agora.xtec.cat\/esc-la-cabana\/wp-content\/uploads\/usu849\/2025\/02\/IMG_20250224_104008_192-200x150.jpg 200w\" sizes=\"auto, (max-width: 296px) 100vw, 296px\" \/><\/a><a href=\"https:\/\/agora.xtec.cat\/esc-la-cabana\/wp-content\/uploads\/usu849\/2025\/02\/IMG_20250224_104053_977-scaled.jpg\"><img loading=\"lazy\" decoding=\"async\" class=\"wp-image-21025 alignleft\" src=\"https:\/\/agora.xtec.cat\/esc-la-cabana\/wp-content\/uploads\/usu849\/2025\/02\/IMG_20250224_104053_977-1024x768.jpg\" alt=\"\" width=\"296\" height=\"222\" srcset=\"https:\/\/agora.xtec.cat\/esc-la-cabana\/wp-content\/uploads\/usu849\/2025\/02\/IMG_20250224_104053_977-1024x768.jpg 1024w, https:\/\/agora.xtec.cat\/esc-la-cabana\/wp-content\/uploads\/usu849\/2025\/02\/IMG_20250224_104053_977-300x225.jpg 300w, https:\/\/agora.xtec.cat\/esc-la-cabana\/wp-content\/uploads\/usu849\/2025\/02\/IMG_20250224_104053_977-768x576.jpg 768w, https:\/\/agora.xtec.cat\/esc-la-cabana\/wp-content\/uploads\/usu849\/2025\/02\/IMG_20250224_104053_977-1536x1152.jpg 1536w, https:\/\/agora.xtec.cat\/esc-la-cabana\/wp-content\/uploads\/usu849\/2025\/02\/IMG_20250224_104053_977-2048x1536.jpg 2048w, https:\/\/agora.xtec.cat\/esc-la-cabana\/wp-content\/uploads\/usu849\/2025\/02\/IMG_20250224_104053_977-200x150.jpg 200w\" sizes=\"auto, (max-width: 296px) 100vw, 296px\" \/><\/a>\u00a0Aquest taller ha estat una experi\u00e8ncia enriquidora que, sens dubte, contribuir\u00e0 a la conviv\u00e8ncia i al benestar de la nostra comunitat educativa.<\/p>\n","protected":false},"excerpt":{"rendered":"<p>El passat mes de desembre, els alumnes de tercer cicle van participar en el taller d\u2019eines mediadores i comunicaci\u00f3 no violenta, organitzat pel Consell Comarcal de l\u2019Alt Pened\u00e8s i la Diputaci\u00f3 de Barcelona. Aquesta iniciativa tenia com a objectiu fomentar el di\u00e0leg i la resoluci\u00f3 pac\u00edfica de conflictes dins de l\u2019aula i en el seu [&hellip;]<\/p>\n","protected":false},"author":47,"featured_media":21017,"comment_status":"open","ping_status":"closed","sticky":false,"template":"","format":"standard","meta":{"_bbp_topic_count":0,"_bbp_reply_count":0,"_bbp_total_topic_count":0,"_bbp_total_reply_count":0,"_bbp_voice_count":0,"_bbp_anonymous_reply_count":0,"_bbp_topic_count_hidden":0,"_bbp_reply_count_hidden":0,"_bbp_forum_subforum_count":0,"site-sidebar-layout":"default","site-content-layout":"","ast-site-content-layout":"","site-content-style":"default","site-sidebar-style":"default","ast-global-header-display":"","ast-banner-title-visibility":"","ast-main-header-display":"","ast-hfb-above-header-display":"","ast-hfb-below-header-display":"","ast-hfb-mobile-header-display":"","site-post-title":"","ast-breadcrumbs-content":"","ast-featured-img":"","footer-sml-layout":"","theme-transparent-header-meta":"","adv-header-id-meta":"","stick-header-meta":"","header-above-stick-meta":"","header-main-stick-meta":"","header-below-stick-meta":"","astra-migrate-meta-layouts":"default","ast-page-background-enabled":"default","ast-page-background-meta":{"desktop":{"background-color":"var(--ast-global-color-4)","background-image":"","background-repeat":"repeat","background-position":"center center","background-size":"auto","background-attachment":"scroll","background-type":"","background-media":"","overlay-type":"","overlay-color":"","overlay-opacity":"","overlay-gradient":""},"tablet":{"background-color":"","background-image":"","background-repeat":"repeat","background-position":"center center","background-size":"auto","background-attachment":"scroll","background-type":"","background-media":"","overlay-type":"","overlay-color":"","overlay-opacity":"","overlay-gradient":""},"mobile":{"background-color":"","background-image":"","background-repeat":"repeat","background-position":"center center","background-size":"auto","background-attachment":"scroll","background-type":"","background-media":"","overlay-type":"","overlay-color":"","overlay-opacity":"","overlay-gradient":""}},"ast-content-background-meta":{"desktop":{"background-color":"var(--ast-global-color-5)","background-image":"","background-repeat":"repeat","background-position":"center center","background-size":"auto","background-attachment":"scroll","background-type":"","background-media":"","overlay-type":"","overlay-color":"","overlay-opacity":"","overlay-gradient":""},"tablet":{"background-color":"var(--ast-global-color-5)","background-image":"","background-repeat":"repeat","background-position":"center center","background-size":"auto","background-attachment":"scroll","background-type":"","background-media":"","overlay-type":"","overlay-color":"","overlay-opacity":"","overlay-gradient":""},"mobile":{"background-color":"var(--ast-global-color-5)","background-image":"","background-repeat":"repeat","background-position":"center center","background-size":"auto","background-attachment":"scroll","background-type":"","background-media":"","overlay-type":"","overlay-color":"","overlay-opacity":"","overlay-gradient":""}},"footnotes":""},"categories":[14,195,1,4],"tags":[401,404,400,165,373],"class_list":["post-21015","post","type-post","status-publish","format-standard","has-post-thumbnail","hentry","category-c-s","category-escola_saludable","category-general","category-portada","tag-comunicacio-no-violenta","tag-epsap","tag-mediacio","tag-taller-diputacio","tag-tercer-cicle"],"post_mailing_queue_ids":[],"_links":{"self":[{"href":"https:\/\/agora.xtec.cat\/esc-la-cabana\/wp-json\/wp\/v2\/posts\/21015","targetHints":{"allow":["GET"]}}],"collection":[{"href":"https:\/\/agora.xtec.cat\/esc-la-cabana\/wp-json\/wp\/v2\/posts"}],"about":[{"href":"https:\/\/agora.xtec.cat\/esc-la-cabana\/wp-json\/wp\/v2\/types\/post"}],"author":[{"embeddable":true,"href":"https:\/\/agora.xtec.cat\/esc-la-cabana\/wp-json\/wp\/v2\/users\/47"}],"replies":[{"embeddable":true,"href":"https:\/\/agora.xtec.cat\/esc-la-cabana\/wp-json\/wp\/v2\/comments?post=21015"}],"version-history":[{"count":4,"href":"https:\/\/agora.xtec.cat\/esc-la-cabana\/wp-json\/wp\/v2\/posts\/21015\/revisions"}],"predecessor-version":[{"id":21210,"href":"https:\/\/agora.xtec.cat\/esc-la-cabana\/wp-json\/wp\/v2\/posts\/21015\/revisions\/21210"}],"wp:featuredmedia":[{"embeddable":true,"href":"https:\/\/agora.xtec.cat\/esc-la-cabana\/wp-json\/wp\/v2\/media\/21017"}],"wp:attachment":[{"href":"https:\/\/agora.xtec.cat\/esc-la-cabana\/wp-json\/wp\/v2\/media?parent=21015"}],"wp:term":[{"taxonomy":"category","embeddable":true,"href":"https:\/\/agora.xtec.cat\/esc-la-cabana\/wp-json\/wp\/v2\/categories?post=21015"},{"taxonomy":"post_tag","embeddable":true,"href":"https:\/\/agora.xtec.cat\/esc-la-cabana\/wp-json\/wp\/v2\/tags?post=21015"}],"curies":[{"name":"wp","href":"https:\/\/api.w.org\/{rel}","templated":true}]}}