{"id":21014,"date":"2025-02-24T12:38:24","date_gmt":"2025-02-24T11:38:24","guid":{"rendered":"https:\/\/agora.xtec.cat\/esc-la-cabana\/?p=21014"},"modified":"2025-02-24T12:47:27","modified_gmt":"2025-02-24T11:47:27","slug":"carnaval25","status":"publish","type":"post","link":"https:\/\/agora.xtec.cat\/esc-la-cabana\/general\/carnaval25\/","title":{"rendered":"CARNAVAL&#8217;25"},"content":{"rendered":"<p>Aquest divendres 21 de febrer, el Rei Carnestoltes ha visitat l&#8217;Escola Bressol i l&#8217;Escola per portar les seves consignes m\u00e9s esbojarrades! <a href=\"https:\/\/drive.google.com\/file\/d\/1Z0bQGAMF3IMSaZpuS5O69rpk9JhXGboU\/view?usp=sharing\">V\u00eddeo<\/a><\/p>\n<p>Els infants ja estan preparats per seguir-les i gaudir d&#8217;una setmana plena de diversi\u00f3 i disbauxa!<\/p>\n<p>Fam\u00edlies, recordeu seguir les consignes cada dia perqu\u00e8 la festa sigui completa! No deixeu que el Rei Carnestoltes us enxampi sense complir-les!<\/p>\n<p><a href=\"https:\/\/agora.xtec.cat\/esc-la-cabana\/wp-content\/uploads\/usu849\/2025\/02\/WhatsApp-Image-2025-02-24-at-12.26.49.jpeg\"><img loading=\"lazy\" decoding=\"async\" class=\"wp-image-21022 aligncenter\" src=\"https:\/\/agora.xtec.cat\/esc-la-cabana\/wp-content\/uploads\/usu849\/2025\/02\/WhatsApp-Image-2025-02-24-at-12.26.49-743x1024.jpeg\" alt=\"\" width=\"397\" height=\"547\" srcset=\"https:\/\/agora.xtec.cat\/esc-la-cabana\/wp-content\/uploads\/usu849\/2025\/02\/WhatsApp-Image-2025-02-24-at-12.26.49-743x1024.jpeg 743w, https:\/\/agora.xtec.cat\/esc-la-cabana\/wp-content\/uploads\/usu849\/2025\/02\/WhatsApp-Image-2025-02-24-at-12.26.49-218x300.jpeg 218w, https:\/\/agora.xtec.cat\/esc-la-cabana\/wp-content\/uploads\/usu849\/2025\/02\/WhatsApp-Image-2025-02-24-at-12.26.49-768x1058.jpeg 768w, https:\/\/agora.xtec.cat\/esc-la-cabana\/wp-content\/uploads\/usu849\/2025\/02\/WhatsApp-Image-2025-02-24-at-12.26.49-1115x1536.jpeg 1115w, https:\/\/agora.xtec.cat\/esc-la-cabana\/wp-content\/uploads\/usu849\/2025\/02\/WhatsApp-Image-2025-02-24-at-12.26.49.jpeg 1161w\" sizes=\"auto, (max-width: 397px) 100vw, 397px\" \/><\/a><\/p>\n<p>Estigueu atents, que aix\u00f2 tot just comen\u00e7a!<\/p>\n","protected":false},"excerpt":{"rendered":"<p>Aquest divendres 21 de febrer, el Rei Carnestoltes ha visitat l&#8217;Escola Bressol i l&#8217;Escola per portar les seves consignes m\u00e9s esbojarrades! V\u00eddeo Els infants ja estan preparats per seguir-les i gaudir d&#8217;una setmana plena de diversi\u00f3 i disbauxa! Fam\u00edlies, recordeu seguir les consignes cada dia perqu\u00e8 la festa sigui completa! No deixeu que el Rei [&hellip;]<\/p>\n","protected":false},"author":45,"featured_media":21023,"comment_status":"open","ping_status":"closed","sticky":false,"template":"","format":"standard","meta":{"_bbp_topic_count":0,"_bbp_reply_count":0,"_bbp_total_topic_count":0,"_bbp_total_reply_count":0,"_bbp_voice_count":0,"_bbp_anonymous_reply_count":0,"_bbp_topic_count_hidden":0,"_bbp_reply_count_hidden":0,"_bbp_forum_subforum_count":0,"site-sidebar-layout":"default","site-content-layout":"","ast-site-content-layout":"","site-content-style":"default","site-sidebar-style":"default","ast-global-header-display":"","ast-banner-title-visibility":"","ast-main-header-display":"","ast-hfb-above-header-display":"","ast-hfb-below-header-display":"","ast-hfb-mobile-header-display":"","site-post-title":"","ast-breadcrumbs-content":"","ast-featured-img":"","footer-sml-layout":"","theme-transparent-header-meta":"","adv-header-id-meta":"","stick-header-meta":"","header-above-stick-meta":"","header-main-stick-meta":"","header-below-stick-meta":"","astra-migrate-meta-layouts":"default","ast-page-background-enabled":"default","ast-page-background-meta":{"desktop":{"background-color":"var(--ast-global-color-4)","background-image":"","background-repeat":"repeat","background-position":"center center","background-size":"auto","background-attachment":"scroll","background-type":"","background-media":"","overlay-type":"","overlay-color":"","overlay-opacity":"","overlay-gradient":""},"tablet":{"background-color":"","background-image":"","background-repeat":"repeat","background-position":"center center","background-size":"auto","background-attachment":"scroll","background-type":"","background-media":"","overlay-type":"","overlay-color":"","overlay-opacity":"","overlay-gradient":""},"mobile":{"background-color":"","background-image":"","background-repeat":"repeat","background-position":"center center","background-size":"auto","background-attachment":"scroll","background-type":"","background-media":"","overlay-type":"","overlay-color":"","overlay-opacity":"","overlay-gradient":""}},"ast-content-background-meta":{"desktop":{"background-color":"var(--ast-global-color-5)","background-image":"","background-repeat":"repeat","background-position":"center center","background-size":"auto","background-attachment":"scroll","background-type":"","background-media":"","overlay-type":"","overlay-color":"","overlay-opacity":"","overlay-gradient":""},"tablet":{"background-color":"var(--ast-global-color-5)","background-image":"","background-repeat":"repeat","background-position":"center center","background-size":"auto","background-attachment":"scroll","background-type":"","background-media":"","overlay-type":"","overlay-color":"","overlay-opacity":"","overlay-gradient":""},"mobile":{"background-color":"var(--ast-global-color-5)","background-image":"","background-repeat":"repeat","background-position":"center center","background-size":"auto","background-attachment":"scroll","background-type":"","background-media":"","overlay-type":"","overlay-color":"","overlay-opacity":"","overlay-gradient":""}},"footnotes":""},"categories":[1,4],"tags":[98,119],"class_list":["post-21014","post","type-post","status-publish","format-standard","has-post-thumbnail","hentry","category-general","category-portada","tag-carnaval","tag-festa"],"post_mailing_queue_ids":[],"_links":{"self":[{"href":"https:\/\/agora.xtec.cat\/esc-la-cabana\/wp-json\/wp\/v2\/posts\/21014","targetHints":{"allow":["GET"]}}],"collection":[{"href":"https:\/\/agora.xtec.cat\/esc-la-cabana\/wp-json\/wp\/v2\/posts"}],"about":[{"href":"https:\/\/agora.xtec.cat\/esc-la-cabana\/wp-json\/wp\/v2\/types\/post"}],"author":[{"embeddable":true,"href":"https:\/\/agora.xtec.cat\/esc-la-cabana\/wp-json\/wp\/v2\/users\/45"}],"replies":[{"embeddable":true,"href":"https:\/\/agora.xtec.cat\/esc-la-cabana\/wp-json\/wp\/v2\/comments?post=21014"}],"version-history":[{"count":5,"href":"https:\/\/agora.xtec.cat\/esc-la-cabana\/wp-json\/wp\/v2\/posts\/21014\/revisions"}],"predecessor-version":[{"id":21036,"href":"https:\/\/agora.xtec.cat\/esc-la-cabana\/wp-json\/wp\/v2\/posts\/21014\/revisions\/21036"}],"wp:featuredmedia":[{"embeddable":true,"href":"https:\/\/agora.xtec.cat\/esc-la-cabana\/wp-json\/wp\/v2\/media\/21023"}],"wp:attachment":[{"href":"https:\/\/agora.xtec.cat\/esc-la-cabana\/wp-json\/wp\/v2\/media?parent=21014"}],"wp:term":[{"taxonomy":"category","embeddable":true,"href":"https:\/\/agora.xtec.cat\/esc-la-cabana\/wp-json\/wp\/v2\/categories?post=21014"},{"taxonomy":"post_tag","embeddable":true,"href":"https:\/\/agora.xtec.cat\/esc-la-cabana\/wp-json\/wp\/v2\/tags?post=21014"}],"curies":[{"name":"wp","href":"https:\/\/api.w.org\/{rel}","templated":true}]}}